{"id":33721,"date":"2024-09-08T10:58:46","date_gmt":"2024-09-08T10:58:46","guid":{"rendered":"https:\/\/tvbrazilusa.com\/2024\/09\/08\/pm-que-morreu-de-um-mal-subito-no-desfile-de-7-de-setembro-havia-se-aposentado-um-dia-antes-o-desfile-era-seu-ultimo-dia-de-trabalho\/"},"modified":"2024-09-08T10:58:47","modified_gmt":"2024-09-08T10:58:47","slug":"pm-que-morreu-de-um-mal-subito-no-desfile-de-7-de-setembro-havia-se-aposentado-um-dia-antes-o-desfile-era-seu-ultimo-dia-de-trabalho","status":"publish","type":"post","link":"https:\/\/tvbrazilusa.com\/pt\/2024\/09\/08\/pm-que-morreu-de-um-mal-subito-no-desfile-de-7-de-setembro-havia-se-aposentado-um-dia-antes-o-desfile-era-seu-ultimo-dia-de-trabalho\/","title":{"rendered":"PM que morreu de um mal s\u00fabito no desfile de 7 de setembro havia se aposentado um dia antes; o desfile era seu \u00faltimo dia de trabalho"},"content":{"rendered":"<p> <script async src=\"https:\/\/pagead2.googlesyndication.com\/pagead\/js\/adsbygoogle.js?client=ca-pub-8864793242727901\"\r\n     crossorigin=\"anonymous\"><\/script><br \/>\n<\/p>\n<div id=\"taboola-read-more\" style=\"display:block; width:100%\">\n<p>O policial militar que morreu ap\u00f3s cair do cavalo momentos antes de participar do desfile de 7 de Setembro chegou a comemorar, um dia antes, a aposentadoria que viria ap\u00f3s o evento c\u00edvico-militar.<\/p>\n<p>&#8220;Isso, amanh\u00e3 [s\u00e1bado (7)], confirmado. Confirmado no Di\u00e1rio Oficial: subtenente Cristovam, certo. A partir de segunda-feira [9] tchau, bom proveito para quem fica&#8221;, diz o subtenente da Pol\u00edcia Militar (PM) Paulino Cristovam da Silva num v\u00eddeo gravado por um amigo policial.<\/p>\n<p>A filmagem foi feita na sexta-feira (6) durante um treinamento preparat\u00f3rio da cavalaria da PM para o evento c\u00edvico-militar programado para s\u00e1bado (7) no Samb\u00f3dromo do Anhembi, na Zona Norte de S\u00e3o Paulo. As imagens foram compartilhadas nas redes sociais.<\/p>\n<p>Subtenente Cristovam, como era seu &#8220;nome de guerra&#8221;, tinha 52 anos, n\u00e3o era casado e n\u00e3o tinha filhos. Algumas de suas paix\u00f5es eram servir a corpora\u00e7\u00e3o e participar todos os anos do desfile de 7 de Setembro.<\/p>\n<p>Por isso ele quis encerrar a carreira participando do evento neste s\u00e1bado. Seria o seu \u00faltimo trabalho pela Pol\u00edcia Militar. Depois conquistaria a sua desejada aposentadoria.<\/p>\n<p>\u201cAntes de iniciar o desfile, propriamente, ele se acidentou e infelizmente ele est\u00e1 em \u00f3bito agora, nesse exato momento. \u00c9 um dia dif\u00edcil para todos n\u00f3s, sem d\u00favida, perdemos um amigo que ia se aposentar hoje, inclusive. Era a sua \u00faltima miss\u00e3o\u201d, falou o coronel C\u00e1ssio Ara\u00fajo de Freitas, comandante da PM em outro v\u00eddeo, esse postado nas redes sociais da pr\u00f3pria corpora\u00e7\u00e3o.<\/p>\n<p>O coronel n\u00e3o deu detalhes sobre como foi esse acidente com seu subordinado. A Pol\u00edcia Militar vai investigar se ele foi v\u00edtima de mal s\u00fabito e caiu do animal ou ainda se cavalo o derrubou e ele morreu devido a algum poss\u00edvel trauma na cabe\u00e7a.<\/p>\n<p>&#8220;A SSP lamenta a morte do Subtenente da PM Paulino Cristovam da Silva, de 52 anos, ocorrida na manh\u00e3 deste s\u00e1bado (7), no Anhembi, zona norte da capital. O policial, que atuava no Regimento de Pol\u00edcia Montada (Cavalaria), sofreu uma queda do cavalo durante o desfile de 7 de setembro. A causa da morte est\u00e1 sendo investigada pela Pol\u00edcia Militar, que presta total apoio aos familiares do policial, que estava h\u00e1 32 anos na corpora\u00e7\u00e3o&#8221;, informa a nota divulgada pela Secretaria da Seguran\u00e7a P\u00fablica (SSP).<\/p>\n<p>Tamb\u00e9m por meio de nota, a Pol\u00edcia Militar informou no seu Instagram que Cristovam &#8220;sofreu uma queda de seu cavalo. O militar foi socorrido, por\u00e9m n\u00e3o resistiu aos ferimentos&#8221;.<\/p>\n<p>O governador do estado, Tarc\u00edsio de Freitas (Republicanos), que participou do evento, lamentou a morte do policial que caiu do cavalo.<\/p>\n<p>&#8220;Meus mais sinceros sentimentos pela morte do subtenente Paulino Cristovam da Silva, de 52 anos, do Regimento de Cavalaria da Pol\u00edcia Militar, que sofreu um triste acidente a cavalo a caminho do Desfile C\u00edvico-Militar pela Proclama\u00e7\u00e3o da Independ\u00eancia, no Anhembi. Que neste momento Deus conforte familiares e amigos&#8221;, escreveu o governador Tarc\u00edsio em seu Instagram.<\/p>\n<p>Policiais militares que estavam no local da queda do subtenente disseram nas suas redes sociais, principalmente em grupos do WhatsApp, que o cavalo usado pelo subtenente Paulino saiu em disparada e derrubou o cavaleiro. E que ele caiu e bateu a cabe\u00e7a no ch\u00e3o e perdeu a consci\u00eancia.<\/p>\n<p>Em seguida, segundo os agentes da PM, seus colegas tentaram fazer massagem card\u00edaca nele para reanim\u00e1-lo, mas o subtenente n\u00e3o recobrou os sentidos.<\/p>\n<p>A reportagem apurou que Paulino foi levado por uma ambul\u00e2ncia para o hospital de Santana, onde a equipe m\u00e9dica confirmou a sua morte. A fam\u00edlia do subtenente estava em Praia Grande, no litoral paulista, e foi avisada de sua morte.<\/p>\n<p>Segundo seus colegas de farda disseram ao g1, Paulino &#8220;era experiente e t\u00e9cnico, gostava muito do trabalho e fazia quest\u00e3o de desfilar todos os anos no 7 de Setembro&#8221;. Ele ser\u00e1 sepultado neste domingo (10) no Cemit\u00e9rio do Ara\u00e7\u00e1, no Centro de S\u00e3o Paulo.<\/p>\n<p>Fonte: G1<\/p>\n<\/p><\/div>\n<p><br \/>\n<br \/><a href=\"https:\/\/diariodobrasilnoticias.com.br\/noticia\/pm-que-morreu-de-um-mal-subito-no-desfile-de-7-de-setembro-havia-se-aposentado-um-dia-antes-o-desfile-era-seu-ultimo-dia-de-trabalho-66dd7f7a233b3\">Source link <\/a><\/p>","protected":false},"excerpt":{"rendered":"<p>O policial militar que morreu ap\u00f3s cair do cavalo momentos antes de participar do desfile de 7 de Setembro chegou a comemorar, um dia antes, a aposentadoria que viria ap\u00f3s&hellip;<\/p>","protected":false},"author":1,"featured_media":33722,"comment_status":"closed","ping_status":"open","sticky":false,"template":"","format":"standard","meta":{"content-type":"","footnotes":""},"categories":[16],"tags":[123,2448,5313,1267],"class_list":["post-33721","post","type-post","status-publish","format-standard","has-post-thumbnail","hentry","category-noticias","tag-brasil","tag-diario","tag-noticia","tag-noticias"],"_links":{"self":[{"href":"https:\/\/tvbrazilusa.com\/pt\/wp-json\/wp\/v2\/posts\/33721","targetHints":{"allow":["GET"]}}],"collection":[{"href":"https:\/\/tvbrazilusa.com\/pt\/wp-json\/wp\/v2\/posts"}],"about":[{"href":"https:\/\/tvbrazilusa.com\/pt\/wp-json\/wp\/v2\/types\/post"}],"author":[{"embeddable":true,"href":"https:\/\/tvbrazilusa.com\/pt\/wp-json\/wp\/v2\/users\/1"}],"replies":[{"embeddable":true,"href":"https:\/\/tvbrazilusa.com\/pt\/wp-json\/wp\/v2\/comments?post=33721"}],"version-history":[{"count":1,"href":"https:\/\/tvbrazilusa.com\/pt\/wp-json\/wp\/v2\/posts\/33721\/revisions"}],"predecessor-version":[{"id":33723,"href":"https:\/\/tvbrazilusa.com\/pt\/wp-json\/wp\/v2\/posts\/33721\/revisions\/33723"}],"wp:featuredmedia":[{"embeddable":true,"href":"https:\/\/tvbrazilusa.com\/pt\/wp-json\/wp\/v2\/media\/33722"}],"wp:attachment":[{"href":"https:\/\/tvbrazilusa.com\/pt\/wp-json\/wp\/v2\/media?parent=33721"}],"wp:term":[{"taxonomy":"category","embeddable":true,"href":"https:\/\/tvbrazilusa.com\/pt\/wp-json\/wp\/v2\/categories?post=33721"},{"taxonomy":"post_tag","embeddable":true,"href":"https:\/\/tvbrazilusa.com\/pt\/wp-json\/wp\/v2\/tags?post=33721"}],"curies":[{"name":"wp","href":"https:\/\/api.w.org\/{rel}","templated":true}]}}