{"id":33727,"date":"2024-09-08T11:19:57","date_gmt":"2024-09-08T11:19:57","guid":{"rendered":"https:\/\/tvbrazilusa.com\/2024\/09\/08\/pedro-bial-tem-a-pior-audiencia-desde-a-estreia-do-conversa-com-bial-na-rede-globo\/"},"modified":"2024-09-08T11:19:58","modified_gmt":"2024-09-08T11:19:58","slug":"pedro-bial-tem-a-pior-audiencia-desde-a-estreia-do-conversa-com-bial-na-rede-globo","status":"publish","type":"post","link":"https:\/\/tvbrazilusa.com\/pt\/2024\/09\/08\/pedro-bial-tem-a-pior-audiencia-desde-a-estreia-do-conversa-com-bial-na-rede-globo\/","title":{"rendered":"Pedro Bial tem a pior audi\u00eancia desde a estreia do &#8216;Conversa com Bial&#8217; na Rede Globo"},"content":{"rendered":"<p> <script async src=\"https:\/\/pagead2.googlesyndication.com\/pagead\/js\/adsbygoogle.js?client=ca-pub-8864793242727901\"\r\n     crossorigin=\"anonymous\"><\/script><br \/>\n<\/p>\n<div id=\"taboola-read-more\" style=\"display:block; width:100%\">\n<p>O Conversa com Bial teve a audi\u00eancia mais baixa de sua hist\u00f3ria na madrugada desta sexta-feira (6\/9). Segundo o Ibope, o programa da TV Globo apresentado por Pedro Bial registrou apenas 2,9 pontos na Grande S\u00e3o Paulo. \u00c9 a pior marca desde a estreia da atra\u00e7\u00e3o, em maio de 2017.<\/p>\n<p>No programa, Pedro Bial recebeu o autor israelense Yuval Noah Harari para conversar sobre o lan\u00e7amento do livro Nexus \u2013 Uma Breve Hist\u00f3ria das Redes de Informa\u00e7\u00e3o \u2013 da Idade da Pedra \u00e0 Intelig\u00eancia Artificial.<\/p>\n<p>Antes, o pior desempenho do Conversa com Bial tinha sido registrado em 28 de maio de 2024, quando marcou 3,4 pontos no papo com a cantora Tet\u00ea Esp\u00edndola.<\/p>\n<p><strong>Globo e mais canais da TV aberta veem audi\u00eancia despencar em 4 anos<\/strong><\/p>\n<p>H\u00e1 duas d\u00e9cadas, chegar em casa e sentar em frente \u00e0 TV era praticamente um ritual para as fam\u00edlias brasileiras. Com a propaga\u00e7\u00e3o dos streamings e do acesso on-line a not\u00edcias e entretenimento, o eletrodom\u00e9stico caiu em desuso, e os canais registram n\u00fameros mais baixos a cada ano, sobretudo ap\u00f3s a pandemia de Covid-19.<\/p>\n<p>Dados do Kantar Ibope indicam que, em junho de 2020, por exemplo, a TV Globo registrou 12,33 pontos \u2014 14,48% mais do que no mesmo per\u00edodo deste ano, cuja audi\u00eancia foi de 10,77 pontos. Caso semelhante aconteceu com outras emissoras: o SBT, que em 2020 havia marcado 4,35, caiu para 2,43 pontos, quatro anos depois.<\/p>\n<p>A Record TV passou de 4,35 pontos para 3,34; a Band, de 1,30 para 0,84 \u2013 \u00edndice que j\u00e1 pode ser considerado \u201ctra\u00e7o\u201d. O jarg\u00e3o da TV faz refer\u00eancia a n\u00fameros extremamente baixos, caracter\u00edsticos de canais que n\u00e3o t\u00eam grande visibilidade.<\/p>\n<p>A Rede TV j\u00e1 apresentava tra\u00e7o de audi\u00eancia em 2020, com 0,55, e registrou queda superior a 50%, indo para 0,24 ponto.<\/p>\n<p>Dados recentes da Ag\u00eancia Nacional de Telecomunica\u00e7\u00f5es (Anatel) mostram que quase metade dos clientes abandonou a TV por assinatura nos \u00faltimos 10 anos. Desde 2014, quando atingiu o \u00e1pice, com 19,6 milh\u00f5es de assinantes, o servi\u00e7o s\u00f3 perde clientes. De l\u00e1 para c\u00e1, a queda foi de quase 50%, ao totalizar 9,5 milh\u00f5es consumidores a menos na d\u00e9cada.<\/p>\n<p>A cifra atual, registrada em fevereiro de 2024, \u00e9 a mais baixa em 14 anos de medi\u00e7\u00e3o, segundo os dados da pr\u00f3pria Anatel. O quantitativo se aproxima do mais baixo do per\u00edodo, registrado em 2010, quando o servi\u00e7o contava com 9,6 milh\u00f5es de assinantes.<\/p>\n<p>Enquanto isso, o principal concorrente tem conquistado expressivo crescimento. A Kantar Ibope revelou que, em fevereiro de 2024, o consumo de v\u00eddeos sob demanda representou 30,7% do mercado brasileiro. Os n\u00fameros mostram que o streaming j\u00e1 supera a TV por assinatura, que representa 8,1% da fatia de mercado.<\/p>\n<p>De acordo com os dados mais atuais no Brasil, coletados pela Pesquisa Nacional por Amostra de Domic\u00edlios (PNAD) de 2022, cerca de 43,4% (ou 31,1 milh\u00f5es) de lares brasileiros possuem, ao menos, um servi\u00e7o de streaming por assinatura.<\/p>\n<p>Fonte: Metr\u00f3poles<\/p>\n<\/p><\/div>\n<p><br \/>\n<br \/><a href=\"https:\/\/diariodobrasilnoticias.com.br\/noticia\/pedro-bial-tem-a-pior-audiencia-desde-a-estreia-do-conversa-com-bial-na-rede-globo-66dd82c5130c6\">Source link <\/a><\/p>","protected":false},"excerpt":{"rendered":"<p>O Conversa com Bial teve a audi\u00eancia mais baixa de sua hist\u00f3ria na madrugada desta sexta-feira (6\/9). Segundo o Ibope, o programa da TV Globo apresentado por Pedro Bial registrou&hellip;<\/p>","protected":false},"author":1,"featured_media":33728,"comment_status":"closed","ping_status":"open","sticky":false,"template":"","format":"standard","meta":{"content-type":"","footnotes":""},"categories":[16],"tags":[123,2448,5313,1267],"class_list":["post-33727","post","type-post","status-publish","format-standard","has-post-thumbnail","hentry","category-noticias","tag-brasil","tag-diario","tag-noticia","tag-noticias"],"_links":{"self":[{"href":"https:\/\/tvbrazilusa.com\/pt\/wp-json\/wp\/v2\/posts\/33727","targetHints":{"allow":["GET"]}}],"collection":[{"href":"https:\/\/tvbrazilusa.com\/pt\/wp-json\/wp\/v2\/posts"}],"about":[{"href":"https:\/\/tvbrazilusa.com\/pt\/wp-json\/wp\/v2\/types\/post"}],"author":[{"embeddable":true,"href":"https:\/\/tvbrazilusa.com\/pt\/wp-json\/wp\/v2\/users\/1"}],"replies":[{"embeddable":true,"href":"https:\/\/tvbrazilusa.com\/pt\/wp-json\/wp\/v2\/comments?post=33727"}],"version-history":[{"count":1,"href":"https:\/\/tvbrazilusa.com\/pt\/wp-json\/wp\/v2\/posts\/33727\/revisions"}],"predecessor-version":[{"id":33729,"href":"https:\/\/tvbrazilusa.com\/pt\/wp-json\/wp\/v2\/posts\/33727\/revisions\/33729"}],"wp:featuredmedia":[{"embeddable":true,"href":"https:\/\/tvbrazilusa.com\/pt\/wp-json\/wp\/v2\/media\/33728"}],"wp:attachment":[{"href":"https:\/\/tvbrazilusa.com\/pt\/wp-json\/wp\/v2\/media?parent=33727"}],"wp:term":[{"taxonomy":"category","embeddable":true,"href":"https:\/\/tvbrazilusa.com\/pt\/wp-json\/wp\/v2\/categories?post=33727"},{"taxonomy":"post_tag","embeddable":true,"href":"https:\/\/tvbrazilusa.com\/pt\/wp-json\/wp\/v2\/tags?post=33727"}],"curies":[{"name":"wp","href":"https:\/\/api.w.org\/{rel}","templated":true}]}}