{"id":33757,"date":"2024-09-08T13:22:51","date_gmt":"2024-09-08T13:22:51","guid":{"rendered":"https:\/\/tvbrazilusa.com\/2024\/09\/08\/pedido-de-impeachment-de-alexandre-de-moraes-sera-entregue-nesta-segunda-feira-9-ao-presidente-do-senado-rodrigo-pacheco-segundo-a-deputada-bia-kicis\/"},"modified":"2024-09-08T13:22:52","modified_gmt":"2024-09-08T13:22:52","slug":"pedido-de-impeachment-de-alexandre-de-moraes-sera-entregue-nesta-segunda-feira-9-ao-presidente-do-senado-rodrigo-pacheco-segundo-a-deputada-bia-kicis","status":"publish","type":"post","link":"https:\/\/tvbrazilusa.com\/pt\/2024\/09\/08\/pedido-de-impeachment-de-alexandre-de-moraes-sera-entregue-nesta-segunda-feira-9-ao-presidente-do-senado-rodrigo-pacheco-segundo-a-deputada-bia-kicis\/","title":{"rendered":"Pedido de impeachment de Alexandre de Moraes ser\u00e1 entregue nesta segunda-feira (9) ao presidente do Senado, Rodrigo Pacheco, segundo a deputada Bia Kicis"},"content":{"rendered":"<p> <script async src=\"https:\/\/pagead2.googlesyndication.com\/pagead\/js\/adsbygoogle.js?client=ca-pub-8864793242727901\"\r\n     crossorigin=\"anonymous\"><\/script><br \/>\n<\/p>\n<div id=\"taboola-read-more\" style=\"display:block; width:100%\">\n<p>A deputada federal Bia Kicis (PL-DF) afirmou neste s\u00e1bado (7) que mais de 180 parlamentares, entre membros do Senado e da C\u00e2mara, manifestaram apoio a um impeachment do ministro do Supremo Tribunal Federal (STF) Alexandre de Moraes.<\/p>\n<p>Segundo a parlamentar, nesta segunda-feira (9) ser\u00e1 entregue ao presidente do Senado, Rodrigo Pacheco (PSD-MG), um pedido de impeachment de Moraes com a assinatura de 150 deputados federais. Outros 31 senadores tamb\u00e9m j\u00e1 teriam se manifestado a favor da medida, disse a deputada.<\/p>\n<p>Em discurso na Avenida Paulista, Bia Kicis ainda disse que os trabalhos no Congresso Nacional ser\u00e3o obstru\u00eddos.<\/p>\n<p>\u201cN\u00f3s queremos que o Rodrigo Pacheco receba nosso pedido e distribua como manda a lei. N\u00f3s vamos obstruir os trabalhos. N\u00f3s vamos parar a C\u00e2mara dos Deputados, os senadores v\u00e3o parar tamb\u00e9m o Senado Federal\u201d, afirmou.<\/p>\n<p><strong>Ato contra Moraes<\/strong><\/p>\n<p>Manifestantes se re\u00fanem neste dia Independ\u00eancia, na Avenida Paulista, para o ato convocado por bolsonaristas contra o ministro do STF.<\/p>\n<p>O ato, organizado pelo pastor Silas Malafaia, conta com a presen\u00e7a do ex-presidente Jair Bolsonaro (PL), o governador de S\u00e3o Paulo, Tarc\u00edsio de Freitas (Republicanos), e outros pol\u00edticos e parlamentares da direita.<\/p>\n<p>A Avenida Paulista foi fechada para receber o p\u00fablico, que se concentra em frente ao Museu de Arte de S\u00e3o Paulo (Masp).<\/p>\n<p>Fonte: CNN<\/p>\n<\/p><\/div>\n<p><br \/>\n<br \/><a href=\"https:\/\/diariodobrasilnoticias.com.br\/noticia\/pedido-de-impeachment-de-alexandre-de-moraes-sera-entregue-nesta-segunda-feira-10-ao-presidente-do-senado-rodrigo-pacheco-segundo-a-deputada-bia-kicis-66dd8926d9307\">Source link <\/a><\/p>","protected":false},"excerpt":{"rendered":"<p>A deputada federal Bia Kicis (PL-DF) afirmou neste s\u00e1bado (7) que mais de 180 parlamentares, entre membros do Senado e da C\u00e2mara, manifestaram apoio a um impeachment do ministro do&hellip;<\/p>","protected":false},"author":1,"featured_media":33758,"comment_status":"closed","ping_status":"open","sticky":false,"template":"","format":"standard","meta":{"content-type":"","footnotes":""},"categories":[16],"tags":[123,2448,5313,1267],"class_list":["post-33757","post","type-post","status-publish","format-standard","has-post-thumbnail","hentry","category-noticias","tag-brasil","tag-diario","tag-noticia","tag-noticias"],"_links":{"self":[{"href":"https:\/\/tvbrazilusa.com\/pt\/wp-json\/wp\/v2\/posts\/33757","targetHints":{"allow":["GET"]}}],"collection":[{"href":"https:\/\/tvbrazilusa.com\/pt\/wp-json\/wp\/v2\/posts"}],"about":[{"href":"https:\/\/tvbrazilusa.com\/pt\/wp-json\/wp\/v2\/types\/post"}],"author":[{"embeddable":true,"href":"https:\/\/tvbrazilusa.com\/pt\/wp-json\/wp\/v2\/users\/1"}],"replies":[{"embeddable":true,"href":"https:\/\/tvbrazilusa.com\/pt\/wp-json\/wp\/v2\/comments?post=33757"}],"version-history":[{"count":1,"href":"https:\/\/tvbrazilusa.com\/pt\/wp-json\/wp\/v2\/posts\/33757\/revisions"}],"predecessor-version":[{"id":33759,"href":"https:\/\/tvbrazilusa.com\/pt\/wp-json\/wp\/v2\/posts\/33757\/revisions\/33759"}],"wp:featuredmedia":[{"embeddable":true,"href":"https:\/\/tvbrazilusa.com\/pt\/wp-json\/wp\/v2\/media\/33758"}],"wp:attachment":[{"href":"https:\/\/tvbrazilusa.com\/pt\/wp-json\/wp\/v2\/media?parent=33757"}],"wp:term":[{"taxonomy":"category","embeddable":true,"href":"https:\/\/tvbrazilusa.com\/pt\/wp-json\/wp\/v2\/categories?post=33757"},{"taxonomy":"post_tag","embeddable":true,"href":"https:\/\/tvbrazilusa.com\/pt\/wp-json\/wp\/v2\/tags?post=33757"}],"curies":[{"name":"wp","href":"https:\/\/api.w.org\/{rel}","templated":true}]}}