{"id":33760,"date":"2024-09-08T13:27:41","date_gmt":"2024-09-08T13:27:41","guid":{"rendered":"https:\/\/tvbrazilusa.com\/2024\/09\/08\/oficial-da-onu-diz-que-a-guerra-do-sudao-matou-pelo-menos-20-000-pessoas-wsvn-7news-noticias-de-miami-clima-esportes-fort-lauderdale\/"},"modified":"2024-09-08T13:28:09","modified_gmt":"2024-09-08T13:28:09","slug":"oficial-da-onu-diz-que-a-guerra-do-sudao-matou-pelo-menos-20-000-pessoas-wsvn-7news-noticias-de-miami-clima-esportes-fort-lauderdale","status":"publish","type":"post","link":"https:\/\/tvbrazilusa.com\/pt\/2024\/09\/08\/oficial-da-onu-diz-que-a-guerra-do-sudao-matou-pelo-menos-20-000-pessoas-wsvn-7news-noticias-de-miami-clima-esportes-fort-lauderdale\/","title":{"rendered":"Oficial da ONU diz que a guerra do Sud\u00e3o matou pelo menos 20.000 pessoas &#8211; WSVN 7News | Not\u00edcias de Miami, Clima, Esportes | Fort Lauderdale"},"content":{"rendered":"<p> <script async src=\"https:\/\/pagead2.googlesyndication.com\/pagead\/js\/adsbygoogle.js?client=ca-pub-8864793242727901\"\r\n     crossorigin=\"anonymous\"><\/script><br \/>\n<\/p>\n<div itemprop=\"articleBody\">\n<p>CAIRO (AP) \u2014 Mais de 16 meses de guerra no Sud\u00e3o mataram mais de 20.000 pessoas, disse um alto funcion\u00e1rio das Na\u00e7\u00f5es Unidas no domingo, um n\u00famero sombrio em meio a um conflito devastador que destruiu o pa\u00eds do nordeste da \u00c1frica.<\/p>\n<p>Tedros Adhanom Ghebreyesus, diretor-geral da Organiza\u00e7\u00e3o Mundial da Sa\u00fade, deu a contagem em uma entrevista coletiva na cidade de Port Sudan, no Mar Vermelho, no Sud\u00e3o, que serve como sede do governo internacionalmente reconhecido e apoiado pelos militares. Ele disse que o n\u00famero de mortos pode ser muito maior.<\/p>\n<p>\u201cO Sud\u00e3o est\u00e1 sofrendo com uma tempestade perfeita de crise\u201d, disse Tedros ao encerrar sua visita de dois dias ao Sud\u00e3o. \u201cA escala da emerg\u00eancia \u00e9 chocante, assim como a a\u00e7\u00e3o insuficiente que est\u00e1 sendo tomada para conter o conflito.\u201d<\/p>\n<p>O Sud\u00e3o mergulhou no caos em abril do ano passado, quando tens\u00f5es latentes entre os militares e um poderoso grupo paramilitar, as For\u00e7as de Apoio R\u00e1pido, explodiram em guerra aberta por todo o pa\u00eds.<\/p>\n<p>O conflito transformou a capital, Cartum, e outras \u00e1reas urbanas em campos de batalha, destruindo a infraestrutura civil e um sistema de sa\u00fade j\u00e1 maltratado. Sem o b\u00e1sico, muitos hospitais e instala\u00e7\u00f5es m\u00e9dicas fecharam suas portas.<\/p>\n<p>O conflito criou a maior crise de deslocamento do mundo. Mais de 13 milh\u00f5es de pessoas foram for\u00e7adas a fugir de suas casas desde que os combates come\u00e7aram, de acordo com a Organiza\u00e7\u00e3o Internacional para Migra\u00e7\u00e3o. Elas incluem mais de 2,3 milh\u00f5es que fugiram para pa\u00edses vizinhos como refugiados.<\/p>\n<p>Os combates foram marcados por atrocidades, incluindo estupros em massa e assassinatos motivados etnicamente, que constituem crimes de guerra e crimes contra a humanidade, de acordo com a ONU e grupos internacionais de direitos humanos.<\/p>\n<p>Na sexta-feira, investigadores de direitos humanos apoiados pela ONU pediram a cria\u00e7\u00e3o de uma \u201cfor\u00e7a independente e imparcial\u201d para proteger civis, culpando ambos os lados por crimes de guerra, incluindo assassinato, mutila\u00e7\u00e3o e tortura.<\/p>\n<p>As devastadoras enchentes sazonais nas \u00faltimas semanas agravaram a mis\u00e9ria. Dezenas de pessoas foram mortas e infraestrutura cr\u00edtica foi levada pelas \u00e1guas em 12 das 18 prov\u00edncias do Sud\u00e3o, de acordo com autoridades locais.<\/p>\n<p>Um surto de c\u00f3lera \u00e9 a mais recente calamidade para o pa\u00eds. A doen\u00e7a matou pelo menos 165 e deixou cerca de 4.200 doentes nas \u00faltimas semanas, disse o minist\u00e9rio da sa\u00fade em sua \u00faltima atualiza\u00e7\u00e3o na sexta-feira.<\/p>\n<p>\u201cEstamos pedindo ao mundo que acorde e ajude o Sud\u00e3o a sair do pesadelo que est\u00e1 vivendo\u201d, disse Tedros, acrescentando que um cessar-fogo imediato \u00e9 urgentemente necess\u00e1rio.<\/p>\n<p>\u201cO melhor rem\u00e9dio \u00e9 a paz\u201d, acrescentou.<\/p>\n<p><em>Copyright 2024 The Associated Press. Todos os direitos reservados. Este material n\u00e3o pode ser publicado, transmitido, reescrito ou redistribu\u00eddo.<\/em><\/p>\n<div class=\"wp-block-newsletter\">\n\t<strong class=\"wp-block-newsletter__title\">Inscreva-se em nossa Newsletter para receber as \u00faltimas not\u00edcias diretamente na sua caixa de entrada<\/strong><\/p>\n<\/div><\/div>\n<p><br \/>\n<br \/><a href=\"https:\/\/wsvn.com\/news\/us-world\/un-official-says-sudans-war-has-killed-at-least-20000-people\/\">Source link <\/a><\/p>","protected":false},"excerpt":{"rendered":"<p>CAIRO (AP) \u2014 Mais de 16 meses de guerra no Sud\u00e3o mataram mais de 20.000 pessoas, disse um alto funcion\u00e1rio das Na\u00e7\u00f5es Unidas no domingo, um n\u00famero sombrio em meio&hellip;<\/p>","protected":false},"author":1,"featured_media":33761,"comment_status":"closed","ping_status":"open","sticky":false,"template":"","format":"standard","meta":{"content-type":"","footnotes":""},"categories":[1],"tags":[],"class_list":["post-33760","post","type-post","status-publish","format-standard","has-post-thumbnail","hentry","category-uncategorized"],"_links":{"self":[{"href":"https:\/\/tvbrazilusa.com\/pt\/wp-json\/wp\/v2\/posts\/33760","targetHints":{"allow":["GET"]}}],"collection":[{"href":"https:\/\/tvbrazilusa.com\/pt\/wp-json\/wp\/v2\/posts"}],"about":[{"href":"https:\/\/tvbrazilusa.com\/pt\/wp-json\/wp\/v2\/types\/post"}],"author":[{"embeddable":true,"href":"https:\/\/tvbrazilusa.com\/pt\/wp-json\/wp\/v2\/users\/1"}],"replies":[{"embeddable":true,"href":"https:\/\/tvbrazilusa.com\/pt\/wp-json\/wp\/v2\/comments?post=33760"}],"version-history":[{"count":1,"href":"https:\/\/tvbrazilusa.com\/pt\/wp-json\/wp\/v2\/posts\/33760\/revisions"}],"predecessor-version":[{"id":33762,"href":"https:\/\/tvbrazilusa.com\/pt\/wp-json\/wp\/v2\/posts\/33760\/revisions\/33762"}],"wp:featuredmedia":[{"embeddable":true,"href":"https:\/\/tvbrazilusa.com\/pt\/wp-json\/wp\/v2\/media\/33761"}],"wp:attachment":[{"href":"https:\/\/tvbrazilusa.com\/pt\/wp-json\/wp\/v2\/media?parent=33760"}],"wp:term":[{"taxonomy":"category","embeddable":true,"href":"https:\/\/tvbrazilusa.com\/pt\/wp-json\/wp\/v2\/categories?post=33760"},{"taxonomy":"post_tag","embeddable":true,"href":"https:\/\/tvbrazilusa.com\/pt\/wp-json\/wp\/v2\/tags?post=33760"}],"curies":[{"name":"wp","href":"https:\/\/api.w.org\/{rel}","templated":true}]}}