{"id":33769,"date":"2024-09-08T13:40:36","date_gmt":"2024-09-08T13:40:36","guid":{"rendered":"https:\/\/tvbrazilusa.com\/2024\/09\/08\/por-problema-de-saude-roberto-carlos-adia-show-apresentacao-aconteceria-no-interior-de-sao-paulo\/"},"modified":"2024-09-08T13:40:38","modified_gmt":"2024-09-08T13:40:38","slug":"por-problema-de-saude-roberto-carlos-adia-show-apresentacao-aconteceria-no-interior-de-sao-paulo","status":"publish","type":"post","link":"https:\/\/tvbrazilusa.com\/pt\/2024\/09\/08\/por-problema-de-saude-roberto-carlos-adia-show-apresentacao-aconteceria-no-interior-de-sao-paulo\/","title":{"rendered":"Por problema de sa\u00fade, Roberto Carlos adia show; apresenta\u00e7\u00e3o aconteceria no interior de S\u00e3o Paulo"},"content":{"rendered":"<p> <script async src=\"https:\/\/pagead2.googlesyndication.com\/pagead\/js\/adsbygoogle.js?client=ca-pub-8864793242727901\"\r\n     crossorigin=\"anonymous\"><\/script><br \/>\n<\/p>\n<div id=\"taboola-read-more\" style=\"display:block; width:100%\">\n<p>Aos 83 anos de idade, Roberto Carlos adiou a apresenta\u00e7\u00e3o que faria em Aparecida, no Vale do Para\u00edba, interior de S\u00e3o Paulo, no pr\u00f3ximo s\u00e1bado, 7, devido a um resfriado.<\/p>\n<p>A equipe do cantor divulgou comunicado nas redes sociais do artista veterano, nesta sexta-feira, 6.<\/p>\n<p>Segundo nota, Roberto Carlos est\u00e1 bem, se recuperando em casa e segue todas as orienta\u00e7\u00f5es m\u00e9dicas para garantir uma recupera\u00e7\u00e3o r\u00e1pida e segura.<\/p>\n<p>A nova data para o show j\u00e1 foi agendada para 19 de outubro, no mesmo local, o Centro de Eventos Padre Vitor Coelho de Almeida.<\/p>\n<\/p>\n<p>Fonte: Isto \u00c9<\/p>\n<\/p><\/div>\n<p><br \/>\n<br \/><a href=\"https:\/\/diariodobrasilnoticias.com.br\/noticia\/por-problema-de-saude-roberto-carlos-adia-show-apresentacao-aconteceria-no-interior-de-sao-paulo-66dd9101527b4\">Source link <\/a><\/p>","protected":false},"excerpt":{"rendered":"<p>Aos 83 anos de idade, Roberto Carlos adiou a apresenta\u00e7\u00e3o que faria em Aparecida, no Vale do Para\u00edba, interior de S\u00e3o Paulo, no pr\u00f3ximo s\u00e1bado, 7, devido a um resfriado.&hellip;<\/p>","protected":false},"author":1,"featured_media":33770,"comment_status":"closed","ping_status":"open","sticky":false,"template":"","format":"standard","meta":{"content-type":"","footnotes":""},"categories":[16],"tags":[123,2448,5313,1267],"class_list":["post-33769","post","type-post","status-publish","format-standard","has-post-thumbnail","hentry","category-noticias","tag-brasil","tag-diario","tag-noticia","tag-noticias"],"_links":{"self":[{"href":"https:\/\/tvbrazilusa.com\/pt\/wp-json\/wp\/v2\/posts\/33769","targetHints":{"allow":["GET"]}}],"collection":[{"href":"https:\/\/tvbrazilusa.com\/pt\/wp-json\/wp\/v2\/posts"}],"about":[{"href":"https:\/\/tvbrazilusa.com\/pt\/wp-json\/wp\/v2\/types\/post"}],"author":[{"embeddable":true,"href":"https:\/\/tvbrazilusa.com\/pt\/wp-json\/wp\/v2\/users\/1"}],"replies":[{"embeddable":true,"href":"https:\/\/tvbrazilusa.com\/pt\/wp-json\/wp\/v2\/comments?post=33769"}],"version-history":[{"count":1,"href":"https:\/\/tvbrazilusa.com\/pt\/wp-json\/wp\/v2\/posts\/33769\/revisions"}],"predecessor-version":[{"id":33771,"href":"https:\/\/tvbrazilusa.com\/pt\/wp-json\/wp\/v2\/posts\/33769\/revisions\/33771"}],"wp:featuredmedia":[{"embeddable":true,"href":"https:\/\/tvbrazilusa.com\/pt\/wp-json\/wp\/v2\/media\/33770"}],"wp:attachment":[{"href":"https:\/\/tvbrazilusa.com\/pt\/wp-json\/wp\/v2\/media?parent=33769"}],"wp:term":[{"taxonomy":"category","embeddable":true,"href":"https:\/\/tvbrazilusa.com\/pt\/wp-json\/wp\/v2\/categories?post=33769"},{"taxonomy":"post_tag","embeddable":true,"href":"https:\/\/tvbrazilusa.com\/pt\/wp-json\/wp\/v2\/tags?post=33769"}],"curies":[{"name":"wp","href":"https:\/\/api.w.org\/{rel}","templated":true}]}}