{"id":33816,"date":"2024-09-08T16:07:16","date_gmt":"2024-09-08T16:07:16","guid":{"rendered":"https:\/\/tvbrazilusa.com\/2024\/09\/08\/crise-na-embaixada-assessor-especial-da-presidencia-celso-amorim-diz-estar-chocado-com-a-decisao-de-maduro\/"},"modified":"2024-09-08T16:07:17","modified_gmt":"2024-09-08T16:07:17","slug":"crise-na-embaixada-assessor-especial-da-presidencia-celso-amorim-diz-estar-chocado-com-a-decisao-de-maduro","status":"publish","type":"post","link":"https:\/\/tvbrazilusa.com\/pt\/2024\/09\/08\/crise-na-embaixada-assessor-especial-da-presidencia-celso-amorim-diz-estar-chocado-com-a-decisao-de-maduro\/","title":{"rendered":"CRISE NA EMBAIXADA: Assessor especial da Presid\u00eancia, Celso Amorim, diz estar &#8216;chocado&#8217; com a decis\u00e3o de Maduro"},"content":{"rendered":"<p> <script async src=\"https:\/\/pagead2.googlesyndication.com\/pagead\/js\/adsbygoogle.js?client=ca-pub-8864793242727901\"\r\n     crossorigin=\"anonymous\"><\/script><br \/>\n<\/p>\n<div id=\"taboola-read-more\" style=\"display:block; width:100%\">\n<p>O assessor especial da Presid\u00eancia, Celso Amorim, classificou como \u201cextremamente estranha\u201d a decis\u00e3o da ditadura de Nicol\u00e1s Maduro de revogar unilateralmente a cust\u00f3dia diplom\u00e1tica do Brasil sobre a Embaixada da Argentina em Caracas.<\/p>\n<p>\u201cEu acho extremamente estranha a atitude da Venezuela, figura corrente do direito internacional \u00e9 a prote\u00e7\u00e3o internacional de interesses. Para mim, \u00e9 uma coisa que me chama a aten\u00e7\u00e3o, e me choca muito\u201d, afirmou o ex-chanceler brasileiro no s\u00e1bado, 7 de setembro, ao G1.<\/p>\n<p>Amorim disse ainda estar preocupado com uma escalada de tens\u00e3o no pa\u00eds vizinho e nas rela\u00e7\u00f5es entre Brasil e Venezuela.<\/p>\n<p>\u201cN\u00e3o tem cabimento isso. Eu acho que esse \u00e9 um assunto tipicamente diplom\u00e1tico. Claro que tem repercuss\u00f5es pol\u00edticas. O Itamaraty respondeu corretamente e lamentamos muito a situa\u00e7\u00e3o\u201d, acrescentou.<\/p>\n<p>Em nota divulgada no s\u00e1bado, o Itamaraty informou que a embaixada ainda est\u00e1 sob prote\u00e7\u00e3o diplom\u00e1tica do Brasil e que cabe \u00e0 Argentina indicar um pa\u00eds substituto para represent\u00e1-la na Venezuela.<\/p>\n<p>As for\u00e7as de Maduro impuseram um cerco ao edif\u00edcio em Caracas. Segundo os seis opositores asilados no local, homens encapuzados cercam a embaixada.<\/p>\n<p>Imagens que circulam nas redes sociais mostram ve\u00edculos das for\u00e7as de seguran\u00e7a com as sirenes ligadas nos arredores do pr\u00e9dio. Os seis dissidentes est\u00e3o abrigados na embaixada e podem ser presos se deixarem o local.<\/p>\n<p><strong>Maduro alega \u201cplanejamento de atos terroristas\u201d<\/strong><\/p>\n<p>A ditadura de Nicol\u00e1s Maduro alegou em comunicado, sem apresentar nenhuma prova, que a Embaixada da Argentina em Caracas era utilizada para planejar \u201catividades terroristas e tentativas de assassinato\u201d.<\/p>\n<p>\u201cA Venezuela \u00e9 obrigada a tomar esta decis\u00e3o motivada pelas provas dispon\u00edveis sobre a utiliza\u00e7\u00e3o das instala\u00e7\u00f5es dessa miss\u00e3o diplom\u00e1tica para o planejamento de atividades terroristas e tentativas de assassinato contra o Presidente Constitucional da Rep\u00fablica Bolivariana da Venezuela, Nicol\u00e1s Maduro Moros, e contra a Vice-Presidente Executiva, Delcy Rodr\u00edguez G\u00f3mez, pelos fugitivos da justi\u00e7a venezuelana que permanecem no interior\u201d, afirma o texto do regime.<\/p>\n<p>O comunicado do governo Maduro acrescenta ainda que tanto o Brasil quanto a Argentina foram notificados da decis\u00e3o por meio de \u201ccanais diplom\u00e1ticos\u201d.<\/p>\n<p><strong>\u201cMuito preocupante\u201d<\/strong><\/p>\n<p>Na semana passada, Celso Amorim chamou de \u201cmuito preocupante\u201d o mandado de pris\u00e3o contra o ex-presidenci\u00e1vel da oposi\u00e7\u00e3o Edmundo Gonz\u00e1lez<\/p>\n<p>\u201cSeria uma pris\u00e3o pol\u00edtica, e n\u00f3s [Brasil] n\u00e3o aceitamos pris\u00f5es pol\u00edticas\u201d, disse Amorim em entrevista \u00e0 ag\u00eancia de not\u00edcias Reuters nesta ter\u00e7a, 3.<\/p>\n<p>O assessor especial omite a exist\u00eancia de presos pol\u00edticos na Venezuela.<\/p>\n<p>Segundo a ONG venezuelana Foro Penal, havia 245 prisioneiros pol\u00edticos em centros de deten\u00e7\u00e3o pelo pa\u00eds em 2023. Em um deles, El Helicoide, em Caracas, os presos s\u00e3o submetidos a \u201ctortura horrenda, incluindo choques el\u00e9tricos, afogamento simulado e viol\u00eancia sexual\u201d.<\/p>\n<p>Fonte: O Antagonista<\/p>\n<\/p><\/div>\n<p><br \/>\n<br \/><a href=\"https:\/\/diariodobrasilnoticias.com.br\/noticia\/crise-na-embaixada-assessor-especial-da-presidencia-celson-amorim-diz-estar-chocado-com-a-decisao-de-maduro-66dda5ddd6c54\">Source link <\/a><\/p>","protected":false},"excerpt":{"rendered":"<p>O assessor especial da Presid\u00eancia, Celso Amorim, classificou como \u201cextremamente estranha\u201d a decis\u00e3o da ditadura de Nicol\u00e1s Maduro de revogar unilateralmente a cust\u00f3dia diplom\u00e1tica do Brasil sobre a Embaixada da&hellip;<\/p>","protected":false},"author":1,"featured_media":33817,"comment_status":"closed","ping_status":"open","sticky":false,"template":"","format":"standard","meta":{"content-type":"","footnotes":""},"categories":[16],"tags":[123,2448,5313,1267],"class_list":["post-33816","post","type-post","status-publish","format-standard","has-post-thumbnail","hentry","category-noticias","tag-brasil","tag-diario","tag-noticia","tag-noticias"],"_links":{"self":[{"href":"https:\/\/tvbrazilusa.com\/pt\/wp-json\/wp\/v2\/posts\/33816","targetHints":{"allow":["GET"]}}],"collection":[{"href":"https:\/\/tvbrazilusa.com\/pt\/wp-json\/wp\/v2\/posts"}],"about":[{"href":"https:\/\/tvbrazilusa.com\/pt\/wp-json\/wp\/v2\/types\/post"}],"author":[{"embeddable":true,"href":"https:\/\/tvbrazilusa.com\/pt\/wp-json\/wp\/v2\/users\/1"}],"replies":[{"embeddable":true,"href":"https:\/\/tvbrazilusa.com\/pt\/wp-json\/wp\/v2\/comments?post=33816"}],"version-history":[{"count":1,"href":"https:\/\/tvbrazilusa.com\/pt\/wp-json\/wp\/v2\/posts\/33816\/revisions"}],"predecessor-version":[{"id":33818,"href":"https:\/\/tvbrazilusa.com\/pt\/wp-json\/wp\/v2\/posts\/33816\/revisions\/33818"}],"wp:featuredmedia":[{"embeddable":true,"href":"https:\/\/tvbrazilusa.com\/pt\/wp-json\/wp\/v2\/media\/33817"}],"wp:attachment":[{"href":"https:\/\/tvbrazilusa.com\/pt\/wp-json\/wp\/v2\/media?parent=33816"}],"wp:term":[{"taxonomy":"category","embeddable":true,"href":"https:\/\/tvbrazilusa.com\/pt\/wp-json\/wp\/v2\/categories?post=33816"},{"taxonomy":"post_tag","embeddable":true,"href":"https:\/\/tvbrazilusa.com\/pt\/wp-json\/wp\/v2\/tags?post=33816"}],"curies":[{"name":"wp","href":"https:\/\/api.w.org\/{rel}","templated":true}]}}