{"id":33837,"date":"2024-09-08T15:55:00","date_gmt":"2024-09-08T15:55:00","guid":{"rendered":"https:\/\/tvbrazilusa.com\/2024\/09\/08\/papa-chega-as-selvas-remotas-da-papua-nova-guine-com-uma-tonelada-de-ajuda-humanitaria-e-brinquedos\/"},"modified":"2024-09-08T16:53:47","modified_gmt":"2024-09-08T16:53:47","slug":"papa-chega-as-selvas-remotas-da-papua-nova-guine-com-uma-tonelada-de-ajuda-humanitaria-e-brinquedos","status":"publish","type":"post","link":"https:\/\/tvbrazilusa.com\/pt\/2024\/09\/08\/papa-chega-as-selvas-remotas-da-papua-nova-guine-com-uma-tonelada-de-ajuda-humanitaria-e-brinquedos\/","title":{"rendered":"Papa chega \u00e0s selvas remotas da Papua Nova Guin\u00e9 com uma tonelada de ajuda humanit\u00e1ria e brinquedos"},"content":{"rendered":"<p> <script async src=\"https:\/\/pagead2.googlesyndication.com\/pagead\/js\/adsbygoogle.js?client=ca-pub-8864793242727901\"\r\n     crossorigin=\"anonymous\"><\/script><br \/>\n<\/p>\n<div id=\"\">\n<header class=\"m-article-header m-article-header--standard\">\n\t\t\t\t\t\t\t\t\t\t\t\t<span id=\"article-header-primary-term\"><br \/>\n\t\t\t\t\t\t\t\t<a class=\"a-term a-term--primary\" href=\"https:\/\/www.boston.com\/tag\/world-news\/\"><\/p>\n<p>\t\t\t\t\t\t\t\tNot\u00edcias do mundo\t\t\t\t\t\t\t\t<\/a><br \/>\n\t\t\t\t\t\t\t<\/span><\/p>\n<h2 class=\"m-article-header__sub-headline\">Uma multid\u00e3o de cerca de 20.000 pessoas se reuniu no campo em frente \u00e0 catedral de Vanimo cantando e dan\u00e7ando quando o Papa Francisco chegou, e ele prontamente colocou um cocar de penas que lhe foi presenteado.<\/h2>\n<figure class=\"a-photo m-article-header__photo\"><figcaption class=\"a-photo__caption\">\n<p>\tO Papa Francisco usa um chap\u00e9u tradicional durante um encontro com fi\u00e9is em Vanimo, Papua Nova Guin\u00e9, domingo, 8 de setembro de 2024. . (AP Photo\/Gregorio Borgia)<em> <\/em>\t<\/figcaption><\/figure>\n<div class=\"m-article-header__meta\">\n<div class=\"m-article-header__byline\">\n<p class=\"m-article-header__author\">\n<p>\t\t\t\t\t\t\t\tPor NICOLE WINFIELD, Associated Press\t\t\t\t\t\t\t<\/p>\n<p>\t\t\t\t\t\t    \t\t\t\t\t\t\t<time class=\"m-article-header__date\"><\/p>\n<p>        \t\t\t\t\t\t\t8 de setembro de 2024 | 11:55 AM    \t\t\t\t\t\t\t<\/time><\/p><\/div>\n<\/p><\/div>\n<\/header>\n<p>VANIMO, Papua Nova Guin\u00e9 (AP) \u2014 O Papa Francisco viajou para as selvas remotas de Papua Nova Guin\u00e9 no domingo para celebrar a Igreja Cat\u00f3lica nas periferias, trazendo consigo uma tonelada de rem\u00e9dios, instrumentos musicais e uma mensagem de amor para as pessoas que vivem l\u00e1.<\/p>\n<p>Francis voou a bordo de um avi\u00e3o de transporte C-130 da Royal Australian Air Force de Port Moresby para Vanimo, na costa noroeste da na\u00e7\u00e3o do Pac\u00edfico Sul. L\u00e1, Francis se encontrou com a comunidade cat\u00f3lica local e os mission\u00e1rios de sua Argentina natal que t\u00eam ministrado a eles.<\/p>\n<p>Para um papa argentino que se maravilhou em 2013 por ter sido escolhido do \u201cfim da Terra\u201d para liderar a Igreja, foi uma viagem ao outro extremo da Terra, na mais longa e distante viagem do pontificado de Francisco.<\/p>\n<figure class=\"wp-block-image size-full\"><img loading=\"lazy\" decoding=\"async\" width=\"1024\" height=\"683\" src=\"https:\/\/bdc2020.o0bc.com\/wp-content\/uploads\/2024\/09\/AP24252021967883-66ddc831c79a1.jpg\" alt=\"\" class=\"wp-image-31609067\" srcset=\"https:\/\/bdc2020.o0bc.com\/wp-content\/uploads\/2024\/09\/AP24252021967883-66ddc831c79a1.jpg?width=200 200w, https:\/\/bdc2020.o0bc.com\/wp-content\/uploads\/2024\/09\/AP24252021967883-66ddc831c79a1.jpg?width=300 300w, https:\/\/bdc2020.o0bc.com\/wp-content\/uploads\/2024\/09\/AP24252021967883-66ddc831c79a1.jpg?width=400 400w, https:\/\/bdc2020.o0bc.com\/wp-content\/uploads\/2024\/09\/AP24252021967883-66ddc831c79a1.jpg?width=500 500w, https:\/\/bdc2020.o0bc.com\/wp-content\/uploads\/2024\/09\/AP24252021967883-66ddc831c79a1.jpg?width=600 600w, https:\/\/bdc2020.o0bc.com\/wp-content\/uploads\/2024\/09\/AP24252021967883-66ddc831c79a1.jpg?width=700 700w, https:\/\/bdc2020.o0bc.com\/wp-content\/uploads\/2024\/09\/AP24252021967883-66ddc831c79a1.jpg?width=800 800w, https:\/\/bdc2020.o0bc.com\/wp-content\/uploads\/2024\/09\/AP24252021967883-66ddc831c79a1.jpg?width=900 900w\" sizes=\"auto, (max-width: 1024px) 100vw, 1024px\"\/><figcaption class=\"wp-element-caption\">Pessoas com cocares tradicionais usam seus celulares enquanto o Papa Francisco realiza uma missa sagrada no Est\u00e1dio Sir John Guise em Port Moresby, Papua Nova Guin\u00e9, domingo, 8 de setembro de 2024. (Foto AP\/Mark Baker)<\/figcaption><\/figure>\n<p>Francis j\u00e1 viajou para a borda do \u00c1rtico (para pedir desculpas ao povo Inuit pelos abusos da igreja), e para a Amaz\u00f4nia peruana (para chamar a aten\u00e7\u00e3o para sua situa\u00e7\u00e3o), e para as plan\u00edcies de Ur, Iraque (para fortalecer os la\u00e7os entre crist\u00e3os e mu\u00e7ulmanos). Mas mesmo para seus padr\u00f5es, a viagem de domingo para a remota Vanimo foi extraordin\u00e1ria.<\/p>\n<p>Uma multid\u00e3o de cerca de 20.000 pessoas se reuniu no campo em frente \u00e0 catedral de Vanimo cantando e dan\u00e7ando quando Francisco chegou, e ele prontamente colocou um cocar de penas que lhe foi presenteado.<\/p>\n<p>Em coment\u00e1rios de um palco elevado, Francisco elogiou os trabalhadores da igreja que saem para tentar espalhar a f\u00e9. Mas ele pediu aos moradores de Vanimo que trabalhassem em casa para serem bons uns com os outros. Ele os pediu para serem como uma orquestra, para que todos os membros da comunidade se unissem harmoniosamente para superar rivalidades.<\/p>\n<p>Ao faz\u00ea-lo, disse ele, ajudaria a \u201cexpulsar o medo, a supersti\u00e7\u00e3o e a magia dos cora\u00e7\u00f5es das pessoas, a p\u00f4r fim a comportamentos destrutivos como a viol\u00eancia, a infidelidade, a explora\u00e7\u00e3o, o abuso de \u00e1lcool e drogas, males que aprisionam e tiram a felicidade de tantos dos nossos irm\u00e3os e irm\u00e3s\u201d.<\/p>\n<figure class=\"wp-block-image size-full\"><img loading=\"lazy\" decoding=\"async\" width=\"1024\" height=\"683\" src=\"https:\/\/bdc2020.o0bc.com\/wp-content\/uploads\/2024\/09\/AP24252212075385-66ddc8413f65e.jpg\" alt=\"\" class=\"wp-image-31609077\" srcset=\"https:\/\/bdc2020.o0bc.com\/wp-content\/uploads\/2024\/09\/AP24252212075385-66ddc8413f65e.jpg?width=200 200w, https:\/\/bdc2020.o0bc.com\/wp-content\/uploads\/2024\/09\/AP24252212075385-66ddc8413f65e.jpg?width=300 300w, https:\/\/bdc2020.o0bc.com\/wp-content\/uploads\/2024\/09\/AP24252212075385-66ddc8413f65e.jpg?width=400 400w, https:\/\/bdc2020.o0bc.com\/wp-content\/uploads\/2024\/09\/AP24252212075385-66ddc8413f65e.jpg?width=500 500w, https:\/\/bdc2020.o0bc.com\/wp-content\/uploads\/2024\/09\/AP24252212075385-66ddc8413f65e.jpg?width=600 600w, https:\/\/bdc2020.o0bc.com\/wp-content\/uploads\/2024\/09\/AP24252212075385-66ddc8413f65e.jpg?width=700 700w, https:\/\/bdc2020.o0bc.com\/wp-content\/uploads\/2024\/09\/AP24252212075385-66ddc8413f65e.jpg?width=800 800w, https:\/\/bdc2020.o0bc.com\/wp-content\/uploads\/2024\/09\/AP24252212075385-66ddc8413f65e.jpg?width=900 900w\" sizes=\"auto, (max-width: 1024px) 100vw, 1024px\"\/><figcaption class=\"wp-element-caption\">O Papa Francisco se encontra com fi\u00e9is em Vanimo, Papua Nova Guin\u00e9, domingo, 8 de setembro de 2024. O Papa Francisco celebrou a Igreja Cat\u00f3lica das periferias no domingo, enquanto viajava para as selvas remotas de Papua Nova Guin\u00e9, trazendo consigo uma tonelada de rem\u00e9dios e brinquedos e uma mensagem de amor superando a viol\u00eancia para as pessoas que vivem l\u00e1. (AP Photo\/Gregorio Borgia)<\/figcaption><\/figure>\n<p>Foi uma refer\u00eancia \u00e0 viol\u00eancia tribal por terra e outras disputas que h\u00e1 muito caracterizam a cultura do pa\u00eds, mas que se tornaram mais letais nos \u00faltimos anos. Francis chegou \u00e0 Papua Nova Guin\u00e9 para pedir o fim da viol\u00eancia, incluindo a viol\u00eancia de g\u00eanero, e para que um senso de responsabilidade c\u00edvica prevale\u00e7a.<\/p>\n<p>Francis come\u00e7ou o dia com uma missa diante de cerca de 35.000 pessoas no est\u00e1dio da capital, Port Moresby. Em sua homilia, Francis disse \u00e0 multid\u00e3o que eles podem muito bem se sentir distantes tanto de sua f\u00e9 quanto da igreja institucional, mas que Deus estava perto deles.<\/p>\n<p>\u201cVoc\u00eas que vivem nesta grande ilha no Oceano Pac\u00edfico podem \u00e0s vezes ter pensado em si mesmos como uma terra distante e distante, situada no fim do mundo\u201d, disse Francisco. \u201cNo entanto\u2026 hoje o Senhor quer se aproximar de voc\u00eas, quebrar dist\u00e2ncias, fazer com que saibam que voc\u00eas est\u00e3o no centro do seu cora\u00e7\u00e3o e que cada um de voc\u00eas \u00e9 importante para ele.\u201d<\/p>\n<p>Francisco foi eleito papa em grande parte pela for\u00e7a de um discurso que fez aos seus colegas cardeais em 2013 sobre a necessidade de a igreja ir para as \u201cperiferias\u201d onde as pessoas mais precisam de Deus. Mantendo essa filosofia, Francisco tem evitado amplamente viagens estrangeiras para capitais europeias, preferindo, em vez disso, comunidades distantes onde os cat\u00f3licos s\u00e3o frequentemente uma minoria.<\/p>\n<p>Vanimo, com popula\u00e7\u00e3o de 11.000, certamente se encaixa na descri\u00e7\u00e3o de ser remota. Ela est\u00e1 localizada perto da fronteira de Papua Nova Guin\u00e9 com a Indon\u00e9sia, onde a selva encontra o mar, e \u00e9, na maior parte, acess\u00edvel apenas por avi\u00e3o ou barco.<\/p>\n<figure class=\"wp-block-image size-full\"><img loading=\"lazy\" decoding=\"async\" width=\"1024\" height=\"683\" src=\"https:\/\/bdc2020.o0bc.com\/wp-content\/uploads\/2024\/09\/AP24252018698320-66ddc85118771.jpg\" alt=\"\" class=\"wp-image-31609081\" srcset=\"https:\/\/bdc2020.o0bc.com\/wp-content\/uploads\/2024\/09\/AP24252018698320-66ddc85118771.jpg?width=200 200w, https:\/\/bdc2020.o0bc.com\/wp-content\/uploads\/2024\/09\/AP24252018698320-66ddc85118771.jpg?width=300 300w, https:\/\/bdc2020.o0bc.com\/wp-content\/uploads\/2024\/09\/AP24252018698320-66ddc85118771.jpg?width=400 400w, https:\/\/bdc2020.o0bc.com\/wp-content\/uploads\/2024\/09\/AP24252018698320-66ddc85118771.jpg?width=500 500w, https:\/\/bdc2020.o0bc.com\/wp-content\/uploads\/2024\/09\/AP24252018698320-66ddc85118771.jpg?width=600 600w, https:\/\/bdc2020.o0bc.com\/wp-content\/uploads\/2024\/09\/AP24252018698320-66ddc85118771.jpg?width=700 700w, https:\/\/bdc2020.o0bc.com\/wp-content\/uploads\/2024\/09\/AP24252018698320-66ddc85118771.jpg?width=800 800w, https:\/\/bdc2020.o0bc.com\/wp-content\/uploads\/2024\/09\/AP24252018698320-66ddc85118771.jpg?width=900 900w\" sizes=\"auto, (max-width: 1024px) 100vw, 1024px\"\/><figcaption class=\"wp-element-caption\">Cl\u00e9rigos passam por uma igreja em trajes tradicionais enquanto o Papa Francisco celebra uma missa sagrada no Est\u00e1dio Sir John Guise em Port Moresby, Papua Nova Guin\u00e9, domingo, 8 de setembro de 2024. (Foto AP\/Mark Baker)<\/figcaption><\/figure>\n<p>Francisco, o primeiro papa latino-americano da hist\u00f3ria, tamb\u00e9m teve uma afinidade especial pelo trabalho dos mission\u00e1rios cat\u00f3licos. Como um jovem jesu\u00edta argentino, ele esperava servir como mission\u00e1rio no Jap\u00e3o, mas foi impedido de ir por causa de sua sa\u00fade prec\u00e1ria.<\/p>\n<p>Agora, como papa, ele frequentemente aponta os mission\u00e1rios como modelos para a igreja.<\/p>\n<p>O Rev. Martin Prado, um mission\u00e1rio argentino da ordem religiosa Instituto do Verbo Encarnado, foi o respons\u00e1vel por levar o papa a Vanimo.<\/p>\n<p>Enquanto esperava a chegada de Francisco no domingo, ele contou aos rep\u00f3rteres a hist\u00f3ria &#8220;maluca&#8221; de como acompanhou um grupo de paroquianos de Vanimo a Roma em 2019 e acabou conseguindo uma audi\u00eancia com o papa depois que seus paroquianos insistiram que queriam lhe dar alguns presentes.<\/p>\n<p>Prado, que passou os \u00faltimos 10 dos seus 36 anos trabalhando como mission\u00e1rio em Vanimo, disse que escreveu um bilhete, deixou-o para o papa no hotel do Vaticano onde mora e, no dia seguinte, recebeu um e-mail da secret\u00e1ria de Francisco convidando seu grupo a entrar.<\/p>\n<figure class=\"wp-block-image size-full\"><img loading=\"lazy\" decoding=\"async\" width=\"1024\" height=\"683\" src=\"https:\/\/bdc2020.o0bc.com\/wp-content\/uploads\/2024\/09\/AP24251825079078-66ddc8a8eae10.jpg\" alt=\"\" class=\"wp-image-31609088\" srcset=\"https:\/\/bdc2020.o0bc.com\/wp-content\/uploads\/2024\/09\/AP24251825079078-66ddc8a8eae10.jpg?width=200 200w, https:\/\/bdc2020.o0bc.com\/wp-content\/uploads\/2024\/09\/AP24251825079078-66ddc8a8eae10.jpg?width=300 300w, https:\/\/bdc2020.o0bc.com\/wp-content\/uploads\/2024\/09\/AP24251825079078-66ddc8a8eae10.jpg?width=400 400w, https:\/\/bdc2020.o0bc.com\/wp-content\/uploads\/2024\/09\/AP24251825079078-66ddc8a8eae10.jpg?width=500 500w, https:\/\/bdc2020.o0bc.com\/wp-content\/uploads\/2024\/09\/AP24251825079078-66ddc8a8eae10.jpg?width=600 600w, https:\/\/bdc2020.o0bc.com\/wp-content\/uploads\/2024\/09\/AP24251825079078-66ddc8a8eae10.jpg?width=700 700w, https:\/\/bdc2020.o0bc.com\/wp-content\/uploads\/2024\/09\/AP24251825079078-66ddc8a8eae10.jpg?width=800 800w, https:\/\/bdc2020.o0bc.com\/wp-content\/uploads\/2024\/09\/AP24251825079078-66ddc8a8eae10.jpg?width=900 900w\" sizes=\"auto, (max-width: 1024px) 100vw, 1024px\"\/><figcaption class=\"wp-element-caption\">Uma mulher usa um ventilador e se protege do sol com uma toalha enquanto o Papa Francisco realiza uma missa sagrada no Est\u00e1dio Sir John Guise em Port Moresby, Papua Nova Guin\u00e9, domingo, 8 de setembro de 2024. (Foto AP\/Mark Baker)<\/figcaption><\/figure>\n<p>\u201cEu o convidei, mas ele queria vir\u201d, disse Prado. \u201cEle tem um grande cora\u00e7\u00e3o para as pessoas. N\u00e3o s\u00e3o apenas palavras: ele faz o que diz.\u201d<\/p>\n<p>Prado disse que algumas pessoas no interior da diocese, na selva onde os carros ainda n\u00e3o chegaram, precisam de roupas, e para elas um prato de arroz e atum \u201c\u00e9 glorioso\u201d.<\/p>\n<p>Francisco estava trazendo uma carga de cerca de uma tonelada de rem\u00e9dios, roupas, instrumentos musicais e brinquedos, disse o Vaticano. Prado disse que Francisco tamb\u00e9m estava ajudando a construir uma nova escola secund\u00e1ria. Ele disse que metade das crian\u00e7as da diocese n\u00e3o consegue ir para o ensino m\u00e9dio porque simplesmente n\u00e3o h\u00e1 vagas suficientes para elas.<\/p>\n<p>O evento teve um toque bem argentino: no palco, havia uma est\u00e1tua da Virgem de Lujan, a padroeira da Argentina que \u00e9 particularmente querida por Francisco e cujo nome tamb\u00e9m enfeita a escola local para meninas. Quando Francisco se encontrou em particular ap\u00f3s o evento com as freiras e padres mission\u00e1rios, eles lhe serviram mate, o ch\u00e1 argentino.<\/p>\n<figure class=\"wp-block-image size-full\"><img loading=\"lazy\" decoding=\"async\" width=\"1024\" height=\"683\" src=\"https:\/\/bdc2020.o0bc.com\/wp-content\/uploads\/2024\/09\/AP24251809579199-66ddc8b5bf8d8.jpg\" alt=\"\" class=\"wp-image-31609098\" srcset=\"https:\/\/bdc2020.o0bc.com\/wp-content\/uploads\/2024\/09\/AP24251809579199-66ddc8b5bf8d8.jpg?width=200 200w, https:\/\/bdc2020.o0bc.com\/wp-content\/uploads\/2024\/09\/AP24251809579199-66ddc8b5bf8d8.jpg?width=300 300w, https:\/\/bdc2020.o0bc.com\/wp-content\/uploads\/2024\/09\/AP24251809579199-66ddc8b5bf8d8.jpg?width=400 400w, https:\/\/bdc2020.o0bc.com\/wp-content\/uploads\/2024\/09\/AP24251809579199-66ddc8b5bf8d8.jpg?width=500 500w, https:\/\/bdc2020.o0bc.com\/wp-content\/uploads\/2024\/09\/AP24251809579199-66ddc8b5bf8d8.jpg?width=600 600w, https:\/\/bdc2020.o0bc.com\/wp-content\/uploads\/2024\/09\/AP24251809579199-66ddc8b5bf8d8.jpg?width=700 700w, https:\/\/bdc2020.o0bc.com\/wp-content\/uploads\/2024\/09\/AP24251809579199-66ddc8b5bf8d8.jpg?width=800 800w, https:\/\/bdc2020.o0bc.com\/wp-content\/uploads\/2024\/09\/AP24251809579199-66ddc8b5bf8d8.jpg?width=900 900w\" sizes=\"auto, (max-width: 1024px) 100vw, 1024px\"\/><figcaption class=\"wp-element-caption\">O Papa Francisco chega em um carrinho de golfe ao Est\u00e1dio Sir John Guise em Port Moresby, domingo, 8 de setembro de 2024, onde presidir\u00e1 a missa dominical. O Papa Francisco pediu no s\u00e1bado que a Igreja Cat\u00f3lica em Papua Nova Guin\u00e9 esteja particularmente pr\u00f3xima das mulheres que foram abusadas e marginalizadas, falando em um pa\u00eds onde a viol\u00eancia contra as mulheres \u00e9 relatada como mais do que o dobro da m\u00e9dia global. (AP Photo\/Gregorio Borgia)<\/figcaption><\/figure>\n<p>H\u00e1 cerca de 2,5 milh\u00f5es de cat\u00f3licos em Papua Nova Guin\u00e9, de acordo com estat\u00edsticas do Vaticano, de uma popula\u00e7\u00e3o na na\u00e7\u00e3o da Commonwealth que se acredita ser de cerca de 10 milh\u00f5es. Os cat\u00f3licos praticam a f\u00e9 junto com cren\u00e7as ind\u00edgenas tradicionais, incluindo animismo e feiti\u00e7aria.<\/p>\n<p>A visita de Francis a Vanimo foi o ponto alto de sua visita a Papua Nova Guin\u00e9, a segunda etapa de sua turn\u00ea por quatro pa\u00edses do Sudeste Asi\u00e1tico e Oceania. Depois de parar primeiro na Indon\u00e9sia, Francis segue na segunda-feira para Timor Leste e ent\u00e3o encerra sua visita em Cingapura no final da semana.<\/p>\n<p>___<\/p>\n<p>A cobertura religiosa da Associated Press recebe apoio por meio da colabora\u00e7\u00e3o da AP com a The Conversation US, com financiamento da Lilly Endowment Inc. A AP \u00e9 a \u00fanica respons\u00e1vel por este conte\u00fado.<\/p>\n<\/p><\/div>\n<p><script>\n\t\tvar consent=\"grant\";\n\t\t\/* The above code is parsing the JSON data from the local storage and storing it in a variable. *\/\n\t\t\t\t\tconst onetrustStorageConsent = JSON.parse(localStorage.getItem( 'consent_one_trust_bdc' ) );\n\t\t\tif ( ( onetrustStorageConsent !== null ) ) {\n\t\t\t\t\/* Checking to see if the user has consented to the use of cookies.\n\t\t\t\t* If they have not, it is deleting the cookie.\n\t\t\t\t* This will comment for now, until further notice.\n\t\t\t\t*\/\n\t\t\t\t\/\/if ( onetrustStorageConsent.C0002 === false ) {\n\t\t\t\t\/\/\tdocument.cookie=\"_fbp=;expires=Thu, 01 Jan 2010 00:00:00 UTC; path=\/; domain=.boston.com\";\n\t\t\t\t\/\/}\n\t\t\t\t\/* Checking if the user has given consent for the cookie C0002.\n\t\t\t\t* If the user has given consent, the variable consent will be set to 'grant'.\n\t\t\t\t* If the user has not given consent,the variable consent will be set to 'revoke'.\n\t\t\t\t* Documentation https:\/\/developers.facebook.com\/docs\/meta-pixel\/implementation\/gdpr\n\t\t\t\t*\/\n\t\t\t\tif ( onetrustStorageConsent.C0002 !== true ) {\n\t\t\t\t\tconsent=\"revoke\";\n\t\t\t\t}\n\t\t\t}\n\t\t\t\t!function(f,b,e,v,n,t,s)\n\t\t{if(f.fbq)return;n=f.fbq=function(){n.callMethod?\n\t\tn.callMethod.apply(n,arguments):n.queue.push(arguments)};\n\t\tif(!f._fbq)f._fbq=n;n.push=n;n.loaded=!0;n.version='2.0';\n\t\tn.queue=[];t=b.createElement(e);t.async=!0;\n\t\tt.src=v;s=b.getElementsByTagName(e)[0];\n\t\ts.parentNode.insertBefore(t,s)}(window, document,'script',\n\t\t'https:\/\/connect.facebook.net\/en_US\/fbevents.js');\n\t\tfbq('consent', consent);\n\t\tfbq('init', '989222871864976');\n\t\tfbq('track', 'PageView');\n\t<\/script><script type=\"module\">\n\t\tvar consent=\"grant\";\n\t\t\/* The above code is parsing the JSON data from the local storage and storing it in a variable. *\/\n\t\t\tconst onetrustStorageConsent = JSON.parse(localStorage.getItem( 'consent_one_trust_bdc' ) );\n\t\t\t\/* Checking to see if the user has consented to the use of cookies.\n\t\t\t* If they have not, it is deleting the cookie.\n\t\t\t* This will comment for now, until further notice.\n\t\t\t*\/\n\t\t\t\/\/if ( onetrustStorageConsent.C0002 === false ) {\n\t\t\t\/\/\tdocument.cookie=\"_fbp=;expires=Thu, 01 Jan 2010 00:00:00 UTC; path=\/; domain=.boston.com\";\n\t\t\t\/\/}\n\t\t\t\/* Checking if the user has given consent for the cookie C0002.\n\t\t\t* If the user has given consent, the variable consent will be set to 'grant'.\n\t\t\t* If the user has not given consent,the variable consent will be set to 'revoke'.\n\t\t\t* Documentation https:\/\/developers.facebook.com\/docs\/meta-pixel\/implementation\/gdpr\n\t\t\t*\/\n\t\t\tif ( ( onetrustStorageConsent !== null ) && (onetrustStorageConsent.C0002 !== true ) ) {\n\t\t\t\tconsent=\"revoke\";\n\t\t\t}\n\t\t\t\t!function(f,b,e,v,n,t,s){if(f.fbq)return;n=f.fbq=function()\n\t\t{n.callMethod? n.callMethod.apply(n,arguments):n.queue.push(arguments)}\n\t\t;if(!f._fbq)f._fbq=n;\n\t\tn.push=n;n.loaded=!0;n.version='2.0';n.queue=[];t=b.createElement(e);t.async=!0;\n\t\tt.src=v;s=b.getElementsByTagName(e)[0];s.parentNode.insertBefore(t,s)}(window,\n\t\tdocument,'script','https:\/\/connect.facebook.net\/en_US\/fbevents.js');\n\t\tfbq('consent', consent);\n\t\tfbq('init', '813236348753005');\n\t\tfbq('track', \"PageView\");\n\t<\/script><br \/>\n<br \/><br \/>\n<br \/><a href=\"https:\/\/www.boston.com\/news\/world-news\/2024\/09\/08\/pope-arrives-in-the-remote-jungles-of-papua-new-guinea-with-a-ton-of-humanitarian-aid-and-toys\/\">Source link <\/a><\/p>","protected":false},"excerpt":{"rendered":"<p>Not\u00edcias do mundo Uma multid\u00e3o de cerca de 20.000 pessoas se reuniu no campo em frente \u00e0 catedral de Vanimo cantando e dan\u00e7ando quando o Papa Francisco chegou, e ele&hellip;<\/p>","protected":false},"author":1,"featured_media":33838,"comment_status":"closed","ping_status":"open","sticky":false,"template":"","format":"standard","meta":{"content-type":"","footnotes":""},"categories":[1],"tags":[],"class_list":["post-33837","post","type-post","status-publish","format-standard","has-post-thumbnail","hentry","category-uncategorized"],"_links":{"self":[{"href":"https:\/\/tvbrazilusa.com\/pt\/wp-json\/wp\/v2\/posts\/33837","targetHints":{"allow":["GET"]}}],"collection":[{"href":"https:\/\/tvbrazilusa.com\/pt\/wp-json\/wp\/v2\/posts"}],"about":[{"href":"https:\/\/tvbrazilusa.com\/pt\/wp-json\/wp\/v2\/types\/post"}],"author":[{"embeddable":true,"href":"https:\/\/tvbrazilusa.com\/pt\/wp-json\/wp\/v2\/users\/1"}],"replies":[{"embeddable":true,"href":"https:\/\/tvbrazilusa.com\/pt\/wp-json\/wp\/v2\/comments?post=33837"}],"version-history":[{"count":1,"href":"https:\/\/tvbrazilusa.com\/pt\/wp-json\/wp\/v2\/posts\/33837\/revisions"}],"predecessor-version":[{"id":33839,"href":"https:\/\/tvbrazilusa.com\/pt\/wp-json\/wp\/v2\/posts\/33837\/revisions\/33839"}],"wp:featuredmedia":[{"embeddable":true,"href":"https:\/\/tvbrazilusa.com\/pt\/wp-json\/wp\/v2\/media\/33838"}],"wp:attachment":[{"href":"https:\/\/tvbrazilusa.com\/pt\/wp-json\/wp\/v2\/media?parent=33837"}],"wp:term":[{"taxonomy":"category","embeddable":true,"href":"https:\/\/tvbrazilusa.com\/pt\/wp-json\/wp\/v2\/categories?post=33837"},{"taxonomy":"post_tag","embeddable":true,"href":"https:\/\/tvbrazilusa.com\/pt\/wp-json\/wp\/v2\/tags?post=33837"}],"curies":[{"name":"wp","href":"https:\/\/api.w.org\/{rel}","templated":true}]}}