{"id":33867,"date":"2024-09-08T18:27:40","date_gmt":"2024-09-08T18:27:40","guid":{"rendered":"https:\/\/tvbrazilusa.com\/2024\/09\/08\/adolescente-brinca-de-assalto-e-morre-baleado-pela-policia-veja-mais-e-entenda-o-caso\/"},"modified":"2024-09-08T18:27:42","modified_gmt":"2024-09-08T18:27:42","slug":"adolescente-brinca-de-assalto-e-morre-baleado-pela-policia-veja-mais-e-entenda-o-caso","status":"publish","type":"post","link":"https:\/\/tvbrazilusa.com\/pt\/2024\/09\/08\/adolescente-brinca-de-assalto-e-morre-baleado-pela-policia-veja-mais-e-entenda-o-caso\/","title":{"rendered":"Adolescente &#8216;brinca de assalto&#8217; e morre baleado pela pol\u00edcia; veja mais e entenda o caso"},"content":{"rendered":"<p> <script async src=\"https:\/\/pagead2.googlesyndication.com\/pagead\/js\/adsbygoogle.js?client=ca-pub-8864793242727901\"\r\n     crossorigin=\"anonymous\"><\/script><br \/>\n<\/p>\n<div id=\"taboola-read-more\" style=\"display:block; width:100%\">\n<p>Um adolescente de 14 anos morreu neste s\u00e1bado (7\/9) ap\u00f3s ser baleado por policiais em Feira de Santana (BA), a cerca de 100 quil\u00f4metros da capital Salvador. Ele fazia uma brincadeira que simulava um assalto com amigos no momento em que policiais militares passavam pelo local.<\/p>\n<p>Um homem de 33 anos, que estava com o adolescente no momento, est\u00e1 internado em um hospital da regi\u00e3o. O jovem foi identificado como Mateus dos Santos Souza.<\/p>\n<p>Familiares da v\u00edtima refor\u00e7aram que nenhum dos dois estaria armado. Eles circulavam em uma moto, pilotada pelo adulto e com Mateus na garupa, quando viram dois amigos da escola do adolescente.<\/p>\n<p>De acordo com o G1, foi neste momento que Mateus fingiu que o celular era uma arma com o objetivo de fazer uma pegadinha e assustar os amigos. Policiais que passavam pelo local no momento atiraram contra a moto e balearam os dois.<\/p>\n<p>A Pol\u00edcia Militar informou que apura as circunst\u00e2ncias do caso e que os policiais foram afastados. Moradores do bairro Papagaio, onde ocorreu a situa\u00e7\u00e3o, realizaram protestos contra a morte de Mateus.<\/p>\n<p>Fonte: Metr\u00f3poles<\/p>\n<\/p><\/div>\n<p><br \/>\n<br \/><a href=\"https:\/\/diariodobrasilnoticias.com.br\/noticia\/adolescente-brinca-de-assalto-e-morre-baleado-pela-policia-veja-mais-e-entenda-o-caso-66ddb9a9d4b1d\">Source link <\/a><\/p>","protected":false},"excerpt":{"rendered":"<p>Um adolescente de 14 anos morreu neste s\u00e1bado (7\/9) ap\u00f3s ser baleado por policiais em Feira de Santana (BA), a cerca de 100 quil\u00f4metros da capital Salvador. Ele fazia uma&hellip;<\/p>","protected":false},"author":1,"featured_media":33868,"comment_status":"closed","ping_status":"open","sticky":false,"template":"","format":"standard","meta":{"content-type":"","footnotes":""},"categories":[16],"tags":[123,2448,5313,1267],"class_list":["post-33867","post","type-post","status-publish","format-standard","has-post-thumbnail","hentry","category-noticias","tag-brasil","tag-diario","tag-noticia","tag-noticias"],"_links":{"self":[{"href":"https:\/\/tvbrazilusa.com\/pt\/wp-json\/wp\/v2\/posts\/33867","targetHints":{"allow":["GET"]}}],"collection":[{"href":"https:\/\/tvbrazilusa.com\/pt\/wp-json\/wp\/v2\/posts"}],"about":[{"href":"https:\/\/tvbrazilusa.com\/pt\/wp-json\/wp\/v2\/types\/post"}],"author":[{"embeddable":true,"href":"https:\/\/tvbrazilusa.com\/pt\/wp-json\/wp\/v2\/users\/1"}],"replies":[{"embeddable":true,"href":"https:\/\/tvbrazilusa.com\/pt\/wp-json\/wp\/v2\/comments?post=33867"}],"version-history":[{"count":1,"href":"https:\/\/tvbrazilusa.com\/pt\/wp-json\/wp\/v2\/posts\/33867\/revisions"}],"predecessor-version":[{"id":33869,"href":"https:\/\/tvbrazilusa.com\/pt\/wp-json\/wp\/v2\/posts\/33867\/revisions\/33869"}],"wp:featuredmedia":[{"embeddable":true,"href":"https:\/\/tvbrazilusa.com\/pt\/wp-json\/wp\/v2\/media\/33868"}],"wp:attachment":[{"href":"https:\/\/tvbrazilusa.com\/pt\/wp-json\/wp\/v2\/media?parent=33867"}],"wp:term":[{"taxonomy":"category","embeddable":true,"href":"https:\/\/tvbrazilusa.com\/pt\/wp-json\/wp\/v2\/categories?post=33867"},{"taxonomy":"post_tag","embeddable":true,"href":"https:\/\/tvbrazilusa.com\/pt\/wp-json\/wp\/v2\/tags?post=33867"}],"curies":[{"name":"wp","href":"https:\/\/api.w.org\/{rel}","templated":true}]}}