{"id":33876,"date":"2024-09-08T19:04:02","date_gmt":"2024-09-08T19:04:02","guid":{"rendered":"https:\/\/tvbrazilusa.com\/2024\/09\/08\/kamala-harris-e-donald-trump-debatem-pela-primeira-vez-desde-a-desistencia-de-biden\/"},"modified":"2024-09-08T19:04:03","modified_gmt":"2024-09-08T19:04:03","slug":"kamala-harris-e-donald-trump-debatem-pela-primeira-vez-desde-a-desistencia-de-biden","status":"publish","type":"post","link":"https:\/\/tvbrazilusa.com\/pt\/2024\/09\/08\/kamala-harris-e-donald-trump-debatem-pela-primeira-vez-desde-a-desistencia-de-biden\/","title":{"rendered":"Kamala Harris e Donald Trump debatem pela primeira vez desde a desist\u00eancia de Biden"},"content":{"rendered":"<p> <script async src=\"https:\/\/pagead2.googlesyndication.com\/pagead\/js\/adsbygoogle.js?client=ca-pub-8864793242727901\"\r\n     crossorigin=\"anonymous\"><\/script><br \/>\n<\/p>\n<div id=\"taboola-read-more\" style=\"display:block; width:100%\">\n<p>Kamala Harris e Donald Trump participar\u00e3o na pr\u00f3xima ter\u00e7a-feira (10) do primeiro \u2013 e talvez \u00faltimo \u2013 debate, em uma campanha extremamente acirrada para as elei\u00e7\u00f5es presidenciais de novembro nos Estados Unidos.<\/p>\n<p>O evento acontecer\u00e1 na Pensilv\u00e2nia, um dos sete estados-p\u00eandulo, aqueles que se inclinam para um partido ou outro dependendo das elei\u00e7\u00f5es. O local escolhido foi a cidade da Filad\u00e9lfia.<\/p>\n<p>A vice-presidente e o ex-presidente republicano nunca se encontraram pessoalmente. Eles disputam a elei\u00e7\u00e3o \u00e0 dist\u00e2ncia desde que a democrata entrou com for\u00e7a na corrida eleitoral, ap\u00f3s a desist\u00eancia do presidente Joe Biden em 21 de julho.<\/p>\n<p>Kamala est\u00e1 desde quinta-feira em um hotel de Pittsburgh (Pensilv\u00e2nia) para se preparar para o debate e Trump, pelo contr\u00e1rio, aumentou suas apari\u00e7\u00f5es p\u00fablicas nos \u00faltimos dias.<\/p>\n<p>O programa de 90 minutos, que ser\u00e1 exibido pelo canal ABC a partir das 21h no hor\u00e1rio loca (22h de Bras\u00edlia), pode ser o \u00fanico debate entre os dois.<\/p>\n<p>At\u00e9 o momento, n\u00e3o h\u00e1 nenhum outro debate previsto at\u00e9 as elei\u00e7\u00f5es de 5 de novembro.<\/p>\n<p>&#8220;Harris e Trump n\u00e3o t\u00eam motivos para correr grandes riscos&#8221;, prev\u00ea o analista Joshua Zive, com pesquisas &#8220;t\u00e3o apertadas&#8221; a dois meses de elei\u00e7\u00f5es que poder\u00e3o ser definidas, como em 2016 e 2020, por alguns milhares de votos em alguns estados.<\/p>\n<p>&#8220;Os riscos s\u00e3o maiores para Harris do que para Trump porque ele j\u00e1 \u00e9 muito conhecido, enquanto ela ainda precisa explicar quem \u00e9 para a maioria das pessoas&#8221;, disse Mark Feldstein, analista de m\u00eddia da Universidade de Maryland.<\/p>\n<p>O bilion\u00e1rio de 78 anos, privado do seu rival preferido, a quem chamava de &#8220;Sleeping Joe&#8221; (Joe Dorminhoco), deseja cortar o \u00edmpeto conquistado por sua advers\u00e1ria de 59 anos, a quem j\u00e1 chamou de &#8220;est\u00fapida&#8221;.<\/p>\n<p><strong>&#8220;Superpoder&#8221;<\/strong><\/p>\n<p>&#8220;O superpoder dele \u00e9 ocupar e invadir o espa\u00e7o, mas n\u00f3s, americanos, tendemos a querer presidentes dominantes&#8221;, explica Rebecca Gill, professora de Ci\u00eancias Pol\u00edticas na Universidade de Nevada.<\/p>\n<p>Flavio Hickel, cientista pol\u00edtico do Washington College, acredita que &#8220;a for\u00e7a (do republicano) vem de suas digress\u00f5es desconexas que desestabilizam os oponentes&#8221;.<\/p>\n<p>&#8220;Se eu fosse Harris, n\u00e3o perderia tempo tentando desmascarar todas as afirma\u00e7\u00f5es falsas de Trump&#8221;, aconselha Andrew Koneschusky, ex-porta-voz do senador democrata Chuck Schumer.<\/p>\n<p>A vice-presidente, primeira mulher e primeira pessoa negra e de origem asi\u00e1tica no cargo, ter\u00e1 de lutar contra a percep\u00e7\u00e3o sexista &#8220;segundo a qual uma mulher que se afirma \u00e9 estridente&#8221;, disse a professora Rebecca Gill.<\/p>\n<p>A cientista pol\u00edtica destaca que ela poder\u00e1 aproveitar sua experi\u00eancia como ex-promotora contra o primeiro ex-presidente americano condenado por acusa\u00e7\u00f5es criminais. Ou seja, fazer como em um tribunal, onde \u00e9 necess\u00e1rio &#8220;parecer forte, mas n\u00e3o vingativo, ser capaz de estabelecer dist\u00e2ncia do plano pr\u00e9-estabelecido para reagir ao que dizem as testemunhas&#8221;.<\/p>\n<p>Trump tem experi\u00eancia. Ele j\u00e1 participou em seis debates presidenciais, incluindo um memor\u00e1vel contra Joe Biden em junho, quando o presidente americano pareceu perdido em v\u00e1rios momentos e deixou algumas frases inacabadas.<\/p>\n<p>Kamala Harris teve um de seus grandes momentos na carreira pol\u00edtica justamente ao atacar Biden durante um debate durante as prim\u00e1rias democratas em 2019.<\/p>\n<p><strong>Microfones<\/strong><\/p>\n<p>Na Filad\u00e9lfia, o tempo de uso da palavra ser\u00e1 rigorosamente cronometrado. N\u00e3o haver\u00e1 notas nem a presen\u00e7a de p\u00fablico.<\/p>\n<p>Apenas o microfone do candidato que fala estar\u00e1 aberto. A equipe ao vice-presidente queria que os microfones permanecessem ligados durante todo o debate por acreditar que prejudicaria Trump, que \u00e9 propenso a declara\u00e7\u00f5es intempestivas.<\/p>\n<p>Mas os republicanos preferiram manter o sistema adotado em junho por iniciativa da equipe de Biden.<\/p>\n<p>O fato de a equipe de Trump lutar por uma regra desejada pelo presidente octogen\u00e1rio mostra o quanto a campanha mudou com a entrada de Harris na disputa.<\/p>\n<p>Nos \u00faltimos meses, os Estados Unidos testemunharam uma tentativa de assassinato contra Trump, uma conven\u00e7\u00e3o republicana triunfante e uma mudan\u00e7a de candidatura democrata que gerou euforia.<\/p>\n<p><strong>O debate de ter\u00e7a-feira provocar\u00e1 outro ponto de mudan\u00e7a?<\/strong><\/p>\n<p>John Mark Hansen, professor de Ci\u00eancias Pol\u00edticas na Universidade de Chicago, n\u00e3o acredita: a hist\u00f3ria das elei\u00e7\u00f5es americanas mostra, segundo ele, que &#8220;os debates n\u00e3o importam tanto porque as pessoas que assistem j\u00e1 t\u00eam prefer\u00eancias muito fortes&#8221;.<\/p>\n<p>Erin Christie, professora de Comunica\u00e7\u00e3o na Universidade Rutgers, discorda: &#8220;Este ser\u00e1 um debate muito esclarecedor e, talvez, decisivo para as elei\u00e7\u00f5es. Liguem as televis\u00f5es!&#8221;.<\/p>\n<p>Fonte: G1<\/p>\n<\/p><\/div>\n<p><br \/>\n<br \/><a href=\"https:\/\/diariodobrasilnoticias.com.br\/noticia\/kamala-harris-e-donald-trump-debatem-pela-primeira-vez-desde-a-desistencia-de-biden-66dddaf1b973c\">Source link <\/a><\/p>","protected":false},"excerpt":{"rendered":"<p>Kamala Harris e Donald Trump participar\u00e3o na pr\u00f3xima ter\u00e7a-feira (10) do primeiro \u2013 e talvez \u00faltimo \u2013 debate, em uma campanha extremamente acirrada para as elei\u00e7\u00f5es presidenciais de novembro nos&hellip;<\/p>","protected":false},"author":1,"featured_media":33877,"comment_status":"closed","ping_status":"open","sticky":false,"template":"","format":"standard","meta":{"content-type":"","footnotes":""},"categories":[16],"tags":[123,2448,5313,1267],"class_list":["post-33876","post","type-post","status-publish","format-standard","has-post-thumbnail","hentry","category-noticias","tag-brasil","tag-diario","tag-noticia","tag-noticias"],"_links":{"self":[{"href":"https:\/\/tvbrazilusa.com\/pt\/wp-json\/wp\/v2\/posts\/33876","targetHints":{"allow":["GET"]}}],"collection":[{"href":"https:\/\/tvbrazilusa.com\/pt\/wp-json\/wp\/v2\/posts"}],"about":[{"href":"https:\/\/tvbrazilusa.com\/pt\/wp-json\/wp\/v2\/types\/post"}],"author":[{"embeddable":true,"href":"https:\/\/tvbrazilusa.com\/pt\/wp-json\/wp\/v2\/users\/1"}],"replies":[{"embeddable":true,"href":"https:\/\/tvbrazilusa.com\/pt\/wp-json\/wp\/v2\/comments?post=33876"}],"version-history":[{"count":1,"href":"https:\/\/tvbrazilusa.com\/pt\/wp-json\/wp\/v2\/posts\/33876\/revisions"}],"predecessor-version":[{"id":33878,"href":"https:\/\/tvbrazilusa.com\/pt\/wp-json\/wp\/v2\/posts\/33876\/revisions\/33878"}],"wp:featuredmedia":[{"embeddable":true,"href":"https:\/\/tvbrazilusa.com\/pt\/wp-json\/wp\/v2\/media\/33877"}],"wp:attachment":[{"href":"https:\/\/tvbrazilusa.com\/pt\/wp-json\/wp\/v2\/media?parent=33876"}],"wp:term":[{"taxonomy":"category","embeddable":true,"href":"https:\/\/tvbrazilusa.com\/pt\/wp-json\/wp\/v2\/categories?post=33876"},{"taxonomy":"post_tag","embeddable":true,"href":"https:\/\/tvbrazilusa.com\/pt\/wp-json\/wp\/v2\/tags?post=33876"}],"curies":[{"name":"wp","href":"https:\/\/api.w.org\/{rel}","templated":true}]}}