{"id":33879,"date":"2024-09-08T18:56:17","date_gmt":"2024-09-08T18:56:17","guid":{"rendered":"https:\/\/tvbrazilusa.com\/2024\/09\/08\/futebol-universitario-de-boston-classificado-na-pesquisa-da-ap-pela-primeira-vez-desde-2018\/"},"modified":"2024-09-08T19:09:04","modified_gmt":"2024-09-08T19:09:04","slug":"futebol-universitario-de-boston-classificado-na-pesquisa-da-ap-pela-primeira-vez-desde-2018","status":"publish","type":"post","link":"https:\/\/tvbrazilusa.com\/pt\/2024\/09\/08\/futebol-universitario-de-boston-classificado-na-pesquisa-da-ap-pela-primeira-vez-desde-2018\/","title":{"rendered":"Futebol universit\u00e1rio de Boston classificado na pesquisa da AP pela primeira vez desde 2018"},"content":{"rendered":"<p> <script async src=\"https:\/\/pagead2.googlesyndication.com\/pagead\/js\/adsbygoogle.js?client=ca-pub-8864793242727901\"\r\n     crossorigin=\"anonymous\"><\/script><br \/>\n<\/p>\n<div id=\"\">\n<header class=\"m-article-header m-article-header--standard\">\n\t\t\t\t\t\t\t\t\t\t\t\t<span id=\"article-header-primary-term\"><br \/>\n\t\t\t\t\t\t\t\t<a class=\"a-term a-term--primary\" href=\"https:\/\/www.boston.com\/tag\/college-sports\/\"><\/p>\n<p>\t\t\t\t\t\t\t\tEsportes universit\u00e1rios\t\t\t\t\t\t\t\t<\/a><br \/>\n\t\t\t\t\t\t\t<\/span><\/p>\n<h2 class=\"m-article-header__sub-headline\">Os Eagles chegaram na posi\u00e7\u00e3o 24.<\/h2>\n<figure class=\"a-photo m-article-header__photo\"><figcaption class=\"a-photo__caption\">\n<p>\tBill O&#8217;Brien e os Eagles come\u00e7aram a temporada com 2-0.<em> Barry Chin\/Equipe Globe<\/em>\t<\/figcaption><\/figure>\n<\/header>\n<p>Dois jogos na era Bill O&#8217;Brien em <a href=\"https:\/\/www.boston.com\/tag\/boston-college\/\">Faculdade de Boston<\/a>os Eagles j\u00e1 garantiram um lugar na pesquisa dos 25 melhores da Associated Press.<\/p>\n<p>Ap\u00f3s uma vit\u00f3ria surpreendente sobre o ent\u00e3o n\u00famero 10 do Florida State na segunda-feira, e uma <a href=\"https:\/\/www.boston.com\/sports\/college-sports\/2024\/09\/07\/boston-college-football-duquesne-recap-highlights-quotes-bill-obrien-thomas-castellanos\/\">56-0<\/a> derrotando Duquesne no s\u00e1bado, a BC est\u00e1 classificada em 24\u00ba lugar no pa\u00eds.<\/p>\n<p>\u00c9 a primeira vez que os Eagles (2-0, 1-0 Atlantic Coast Conference) s\u00e3o classificados na pesquisa da AP desde 2018, quando chegaram \u00e0 17\u00aa posi\u00e7\u00e3o \u2014 e apenas a segunda vez desde 2009.<\/p>\n<figure class=\"wp-block-embed is-type-rich is-provider-twitter wp-block-embed-twitter\"\/>\n<p>A classifica\u00e7\u00e3o da Semana 3 tamb\u00e9m \u00e9 a mais antiga para os Eagles desde que eles apareceram nas pesquisas da AP e dos Coaches entre os 25 melhores da pr\u00e9-temporada na posi\u00e7\u00e3o 22 antes do in\u00edcio da temporada de 2005.<\/p>\n<p>Nacionalmente, o Boston College est\u00e1 em s\u00e9timo lugar em defesa terrestre (40,5) e em nono em ataque terrestre (282,5). Os Eagles est\u00e3o em d\u00e9cimo lugar em defesa de pontua\u00e7\u00e3o (6,5) e em 23\u00ba em ataque de pontua\u00e7\u00e3o (42,0). O BC tamb\u00e9m est\u00e1 em primeiro lugar no pa\u00eds em efici\u00eancia de passes de equipe (245,83).<\/p>\n<p>O pr\u00f3ximo jogo do Boston College \u00e9 contra o No. 6 Missouri (2-0) neste s\u00e1bado \u00e0s 12h45. O confronto \u00e9 o \u00fanico entre dois times classificados naquele dia.<\/p>\n<p>Se os Eagles conseguirem outra surpresa, eles provavelmente chegar\u00e3o ao top 15 pela primeira vez desde 2007, quando Matt Ryan levou o BC at\u00e9 a segunda posi\u00e7\u00e3o.<\/p>\n<div class=\"m-block m-generic-cta\t m-generic-cta--post-content\t m-generic-cta--dark\t m-generic-cta--homepage\t m-generic-cta--email-signup\t\t m-generic-cta-block-style--default \tt-amp__generic-cta\"><\/p>\n<div class=\"m-generic-cta__wrap\">\n<div class=\"m-generic-cta__content\">\n<h3 class=\"m-generic-cta__title\">Receba as \u00faltimas not\u00edcias esportivas de Boston<\/h3>\n<p class=\"m-generic-cta__subtitle\">Receba atualiza\u00e7\u00f5es sobre seus times favoritos de Boston, diretamente da nossa reda\u00e7\u00e3o para sua caixa de entrada.<\/p>\n<\/p><\/div>\n<\/p><\/div>\n<\/div><\/div>\n<p><script>\n\t\tvar consent=\"grant\";\n\t\t\/* The above code is parsing the JSON data from the local storage and storing it in a variable. *\/\n\t\t\t\t\tconst onetrustStorageConsent = JSON.parse(localStorage.getItem( 'consent_one_trust_bdc' ) );\n\t\t\tif ( ( onetrustStorageConsent !== null ) ) {\n\t\t\t\t\/* Checking to see if the user has consented to the use of cookies.\n\t\t\t\t* If they have not, it is deleting the cookie.\n\t\t\t\t* This will comment for now, until further notice.\n\t\t\t\t*\/\n\t\t\t\t\/\/if ( onetrustStorageConsent.C0002 === false ) {\n\t\t\t\t\/\/\tdocument.cookie=\"_fbp=;expires=Thu, 01 Jan 2010 00:00:00 UTC; path=\/; domain=.boston.com\";\n\t\t\t\t\/\/}\n\t\t\t\t\/* Checking if the user has given consent for the cookie C0002.\n\t\t\t\t* If the user has given consent, the variable consent will be set to 'grant'.\n\t\t\t\t* If the user has not given consent,the variable consent will be set to 'revoke'.\n\t\t\t\t* Documentation https:\/\/developers.facebook.com\/docs\/meta-pixel\/implementation\/gdpr\n\t\t\t\t*\/\n\t\t\t\tif ( onetrustStorageConsent.C0002 !== true ) {\n\t\t\t\t\tconsent=\"revoke\";\n\t\t\t\t}\n\t\t\t}\n\t\t\t\t!function(f,b,e,v,n,t,s)\n\t\t{if(f.fbq)return;n=f.fbq=function(){n.callMethod?\n\t\tn.callMethod.apply(n,arguments):n.queue.push(arguments)};\n\t\tif(!f._fbq)f._fbq=n;n.push=n;n.loaded=!0;n.version='2.0';\n\t\tn.queue=[];t=b.createElement(e);t.async=!0;\n\t\tt.src=v;s=b.getElementsByTagName(e)[0];\n\t\ts.parentNode.insertBefore(t,s)}(window, document,'script',\n\t\t'https:\/\/connect.facebook.net\/en_US\/fbevents.js');\n\t\tfbq('consent', consent);\n\t\tfbq('init', '989222871864976');\n\t\tfbq('track', 'PageView');\n\t<\/script><script type=\"module\">\n\t\tvar consent=\"grant\";\n\t\t\/* The above code is parsing the JSON data from the local storage and storing it in a variable. *\/\n\t\t\tconst onetrustStorageConsent = JSON.parse(localStorage.getItem( 'consent_one_trust_bdc' ) );\n\t\t\t\/* Checking to see if the user has consented to the use of cookies.\n\t\t\t* If they have not, it is deleting the cookie.\n\t\t\t* This will comment for now, until further notice.\n\t\t\t*\/\n\t\t\t\/\/if ( onetrustStorageConsent.C0002 === false ) {\n\t\t\t\/\/\tdocument.cookie=\"_fbp=;expires=Thu, 01 Jan 2010 00:00:00 UTC; path=\/; domain=.boston.com\";\n\t\t\t\/\/}\n\t\t\t\/* Checking if the user has given consent for the cookie C0002.\n\t\t\t* If the user has given consent, the variable consent will be set to 'grant'.\n\t\t\t* If the user has not given consent,the variable consent will be set to 'revoke'.\n\t\t\t* Documentation https:\/\/developers.facebook.com\/docs\/meta-pixel\/implementation\/gdpr\n\t\t\t*\/\n\t\t\tif ( ( onetrustStorageConsent !== null ) && (onetrustStorageConsent.C0002 !== true ) ) {\n\t\t\t\tconsent=\"revoke\";\n\t\t\t}\n\t\t\t\t!function(f,b,e,v,n,t,s){if(f.fbq)return;n=f.fbq=function()\n\t\t{n.callMethod? n.callMethod.apply(n,arguments):n.queue.push(arguments)}\n\t\t;if(!f._fbq)f._fbq=n;\n\t\tn.push=n;n.loaded=!0;n.version='2.0';n.queue=[];t=b.createElement(e);t.async=!0;\n\t\tt.src=v;s=b.getElementsByTagName(e)[0];s.parentNode.insertBefore(t,s)}(window,\n\t\tdocument,'script','https:\/\/connect.facebook.net\/en_US\/fbevents.js');\n\t\tfbq('consent', consent);\n\t\tfbq('init', '813236348753005');\n\t\tfbq('track', \"PageView\");\n\t<\/script><br \/>\n<br \/><br \/>\n<br \/><a href=\"https:\/\/www.boston.com\/sports\/college-sports\/2024\/09\/08\/boston-college-football-ranked-associated-press-poll-bill-obrien\/\">Source link <\/a><\/p>","protected":false},"excerpt":{"rendered":"<p>Esportes universit\u00e1rios Os Eagles chegaram na posi\u00e7\u00e3o 24. Bill O&#8217;Brien e os Eagles come\u00e7aram a temporada com 2-0. Barry Chin\/Equipe Globe Dois jogos na era Bill O&#8217;Brien em Faculdade de&hellip;<\/p>","protected":false},"author":1,"featured_media":33880,"comment_status":"closed","ping_status":"open","sticky":false,"template":"","format":"standard","meta":{"content-type":"","footnotes":""},"categories":[1],"tags":[],"class_list":["post-33879","post","type-post","status-publish","format-standard","has-post-thumbnail","hentry","category-uncategorized"],"_links":{"self":[{"href":"https:\/\/tvbrazilusa.com\/pt\/wp-json\/wp\/v2\/posts\/33879","targetHints":{"allow":["GET"]}}],"collection":[{"href":"https:\/\/tvbrazilusa.com\/pt\/wp-json\/wp\/v2\/posts"}],"about":[{"href":"https:\/\/tvbrazilusa.com\/pt\/wp-json\/wp\/v2\/types\/post"}],"author":[{"embeddable":true,"href":"https:\/\/tvbrazilusa.com\/pt\/wp-json\/wp\/v2\/users\/1"}],"replies":[{"embeddable":true,"href":"https:\/\/tvbrazilusa.com\/pt\/wp-json\/wp\/v2\/comments?post=33879"}],"version-history":[{"count":1,"href":"https:\/\/tvbrazilusa.com\/pt\/wp-json\/wp\/v2\/posts\/33879\/revisions"}],"predecessor-version":[{"id":33881,"href":"https:\/\/tvbrazilusa.com\/pt\/wp-json\/wp\/v2\/posts\/33879\/revisions\/33881"}],"wp:featuredmedia":[{"embeddable":true,"href":"https:\/\/tvbrazilusa.com\/pt\/wp-json\/wp\/v2\/media\/33880"}],"wp:attachment":[{"href":"https:\/\/tvbrazilusa.com\/pt\/wp-json\/wp\/v2\/media?parent=33879"}],"wp:term":[{"taxonomy":"category","embeddable":true,"href":"https:\/\/tvbrazilusa.com\/pt\/wp-json\/wp\/v2\/categories?post=33879"},{"taxonomy":"post_tag","embeddable":true,"href":"https:\/\/tvbrazilusa.com\/pt\/wp-json\/wp\/v2\/tags?post=33879"}],"curies":[{"name":"wp","href":"https:\/\/api.w.org\/{rel}","templated":true}]}}