{"id":33888,"date":"2024-09-08T19:30:14","date_gmt":"2024-09-08T19:30:14","guid":{"rendered":"https:\/\/tvbrazilusa.com\/2024\/09\/08\/antes-de-cair-aviao-atinge-van-e-moto-em-teresina-pi-duas-pessoas-ficam-feridas-veja-video\/"},"modified":"2024-09-08T19:30:15","modified_gmt":"2024-09-08T19:30:15","slug":"antes-de-cair-aviao-atinge-van-e-moto-em-teresina-pi-duas-pessoas-ficam-feridas-veja-video","status":"publish","type":"post","link":"https:\/\/tvbrazilusa.com\/pt\/2024\/09\/08\/antes-de-cair-aviao-atinge-van-e-moto-em-teresina-pi-duas-pessoas-ficam-feridas-veja-video\/","title":{"rendered":"Antes de cair, avi\u00e3o atinge van e moto em Teresina (PI); duas pessoas ficam feridas; VEJA V\u00cdDEO"},"content":{"rendered":"<p> <script async src=\"https:\/\/pagead2.googlesyndication.com\/pagead\/js\/adsbygoogle.js?client=ca-pub-8864793242727901\"\r\n     crossorigin=\"anonymous\"><\/script><br \/>\n<\/p>\n<div id=\"taboola-read-more\" style=\"display:block; width:100%\">\n<p>Um avi\u00e3o de pequeno porte caiu e duas pessoas ficaram gravemente feridas, na manh\u00e3 deste domingo (8), na BR-316, na regi\u00e3o do bairro Lourival Parente, Zona Sul de Teresina. Antes de cair, a aeronave bateu em uma van de passageiros e uma moto que transitavam pela rodovia.<\/p>\n<p>Os feridos foram o piloto do avi\u00e3o, o m\u00e9dico Jacinto Lay, e uma jovem de 27 anos chamada Keliane Pereira dos Santos, que estava na moto e teria sido atropelada pela aeronave no momento da queda.<\/p>\n<p>Ambos foram socorridos e encaminhados para o Hospital de Urg\u00eancia de Teresina (HUT). Ainda n\u00e3o se sabe o estado de sa\u00fade delas.<\/p>\n<p>Segundo testemunhas, o piloto estava tentando fazer um pouso for\u00e7ado na BR-316, mas acabou colidindo com a van e a moto, momento em que perdeu o controle do avi\u00e3o, rodou na pista a acabou colidindo contra uma esta\u00e7\u00e3o de \u00f4nibus.<\/p>\n<p>A Pol\u00edcia Militar do Piau\u00ed (PMPI), a Pol\u00edcia Rodovi\u00e1ria Federal (PRF) e o Corpo de Bombeiros Militar do Estado do Piau\u00ed (CBMEPI) foram acionados.<\/p>\n<p>O local do acidente foi isolado e os bombeiros fizeram o trabalho de preven\u00e7\u00e3o para que a aeronave n\u00e3o explodisse ou iniciasse um inc\u00eandio. A PRF orienta o tr\u00e2nsito no local enquanto o avi\u00e3o n\u00e3o \u00e9 retirado.<\/p>\n<p>O \u00f3rg\u00e3o informou que, no momento, h\u00e1 duas equipes no local, buscando informa\u00e7\u00f5es e tentando balizar o tr\u00e2nsito visando evitar novos acidentes.<\/p>\n<p>A PRF solicitou que os transeuntes que passarem pelo local evitem reduzir muito a velocidade e\/ou parar pr\u00f3ximo, pois essas atitudes causam risco de novos acidentes.<\/p>\n<p><strong>Segundo acidente com o m\u00e9dico<\/strong><\/p>\n<p>Esse foi o segundo acidente de avi\u00e3o com o neurocirurgi\u00e3o. O primeiro foi uma queda sem muita gravidade, ap\u00f3s uma pe\u00e7a da janela se soltar, no dia 26 de mar\u00e7o de 2023, em Timon (MA), cidade vizinha a Teresina. Ele passou por cirurgia devido a uma fratura no tornozelo.<\/p>\n<p>Familiares relataram que o m\u00e9dico teria sa\u00eddo do Clube de Ultraleve de Teresina, no s\u00e1bado (25), em dire\u00e7\u00e3o a uma fazenda que possui em Timon. O acidente ocorreu quando ele retornava para a capital, no dia seguinte, e foi presenciado pela fam\u00edlia.<\/p>\n<p><strong>Avi\u00e3o roubado<\/strong><\/p>\n<p>O m\u00e9dico tamb\u00e9m j\u00e1 teve um avi\u00e3o monomotor, avaliado em R$ 2 milh\u00f5es, roubado do Clube de Ultraleve do Piau\u00ed, em Teresina. Criminosos fortemente armados, com metralhadoras, renderam o vigia e levaram uma aeronave modelo Cessna 206 PT-DQF, no dia 14 de janeiro de 2023.<\/p>\n<p>&#8220;Nunca pensei que iriam roubar um avi\u00e3o. \u00c9 a primeira vez que ou\u00e7o falar disso aqui no estado. A sensa\u00e7\u00e3o \u00e9 de inseguran\u00e7a, impot\u00eancia, \u00e9 muito triste o que aconteceu&#8221;, declarou o Jacinto Lay ao g1 na ocasi\u00e3o.<\/p>\n<p>Dias depois, a Pol\u00edcia Civil do Piau\u00ed confirmou que um avi\u00e3o que havia ca\u00eddo no Mato Grosso era a aeronave do m\u00e9dico. Vinte e dois suspeitos de participa\u00e7\u00e3o no roubo do avi\u00e3o foram presos no dia 16 de mar\u00e7o de 2023, com a deflagra\u00e7\u00e3o da Opera\u00e7\u00e3o Cessna.<\/p>\n<p>Um dos presos foi o filho de piloto do avi\u00e3o, que, segundo a pol\u00edcia, teria ajudado no crime passando informa\u00e7\u00f5es privilegiadas sobre o funcionamento do aeroclube onde o ve\u00edculo estava e sobre as condi\u00e7\u00f5es de voo da aeronave.<\/p>\n<p>Veja v\u00eddeo:<\/p>\n<p>Fonte: G1<\/p>\n<\/p><\/div>\n<p><br \/>\n<br \/><a href=\"https:\/\/diariodobrasilnoticias.com.br\/noticia\/antes-de-cair-aviao-atinge-van-e-moto-em-teresina-pi-duas-pessoas-ficam-feridas-veja-video-66ddc259efc84\">Source link <\/a><\/p>","protected":false},"excerpt":{"rendered":"<p>Um avi\u00e3o de pequeno porte caiu e duas pessoas ficaram gravemente feridas, na manh\u00e3 deste domingo (8), na BR-316, na regi\u00e3o do bairro Lourival Parente, Zona Sul de Teresina. Antes&hellip;<\/p>","protected":false},"author":1,"featured_media":33889,"comment_status":"closed","ping_status":"open","sticky":false,"template":"","format":"standard","meta":{"content-type":"","footnotes":""},"categories":[16],"tags":[123,2448,5313,1267],"class_list":["post-33888","post","type-post","status-publish","format-standard","has-post-thumbnail","hentry","category-noticias","tag-brasil","tag-diario","tag-noticia","tag-noticias"],"_links":{"self":[{"href":"https:\/\/tvbrazilusa.com\/pt\/wp-json\/wp\/v2\/posts\/33888","targetHints":{"allow":["GET"]}}],"collection":[{"href":"https:\/\/tvbrazilusa.com\/pt\/wp-json\/wp\/v2\/posts"}],"about":[{"href":"https:\/\/tvbrazilusa.com\/pt\/wp-json\/wp\/v2\/types\/post"}],"author":[{"embeddable":true,"href":"https:\/\/tvbrazilusa.com\/pt\/wp-json\/wp\/v2\/users\/1"}],"replies":[{"embeddable":true,"href":"https:\/\/tvbrazilusa.com\/pt\/wp-json\/wp\/v2\/comments?post=33888"}],"version-history":[{"count":1,"href":"https:\/\/tvbrazilusa.com\/pt\/wp-json\/wp\/v2\/posts\/33888\/revisions"}],"predecessor-version":[{"id":33890,"href":"https:\/\/tvbrazilusa.com\/pt\/wp-json\/wp\/v2\/posts\/33888\/revisions\/33890"}],"wp:featuredmedia":[{"embeddable":true,"href":"https:\/\/tvbrazilusa.com\/pt\/wp-json\/wp\/v2\/media\/33889"}],"wp:attachment":[{"href":"https:\/\/tvbrazilusa.com\/pt\/wp-json\/wp\/v2\/media?parent=33888"}],"wp:term":[{"taxonomy":"category","embeddable":true,"href":"https:\/\/tvbrazilusa.com\/pt\/wp-json\/wp\/v2\/categories?post=33888"},{"taxonomy":"post_tag","embeddable":true,"href":"https:\/\/tvbrazilusa.com\/pt\/wp-json\/wp\/v2\/tags?post=33888"}],"curies":[{"name":"wp","href":"https:\/\/api.w.org\/{rel}","templated":true}]}}