{"id":33925,"date":"2024-09-08T21:13:04","date_gmt":"2024-09-08T21:13:04","guid":{"rendered":"https:\/\/tvbrazilusa.com\/2024\/09\/08\/apos-a-fuga-de-opositor-venezuelano-lula-se-reune-com-assessores-no-palacio-do-planalto-na-pauta-estava-a-atual-situacao-da-venezuela\/"},"modified":"2024-09-08T21:13:05","modified_gmt":"2024-09-08T21:13:05","slug":"apos-a-fuga-de-opositor-venezuelano-lula-se-reune-com-assessores-no-palacio-do-planalto-na-pauta-estava-a-atual-situacao-da-venezuela","status":"publish","type":"post","link":"https:\/\/tvbrazilusa.com\/pt\/2024\/09\/08\/apos-a-fuga-de-opositor-venezuelano-lula-se-reune-com-assessores-no-palacio-do-planalto-na-pauta-estava-a-atual-situacao-da-venezuela\/","title":{"rendered":"Ap\u00f3s a fuga de opositor venezuelano, Lula se re\u00fane com assessores no Pal\u00e1cio do Planalto; na pauta estava a atual situa\u00e7\u00e3o da Venezuela"},"content":{"rendered":"<p> <script async src=\"https:\/\/pagead2.googlesyndication.com\/pagead\/js\/adsbygoogle.js?client=ca-pub-8864793242727901\"\r\n     crossorigin=\"anonymous\"><\/script><br \/>\n<\/p>\n<div id=\"taboola-read-more\" style=\"display:block; width:100%\">\n<p>Logo ap\u00f3s o cerco \u00e0 embaixada da Argentina em Caracas e a fuga do opositor Edmundo Gonz\u00e1lez Urrutia, o presidente Luiz In\u00e1cio Lula da Silva (PT) convocou assessores neste domingo (8) para discutir a situa\u00e7\u00e3o da Venezuela e outros temas da agenda externa brasileira, como sua participa\u00e7\u00e3o na Assembleia Geral da ONU.<\/p>\n<p>Estiveram no Pal\u00e1cio da Alvorada durante a manh\u00e3 a secret\u00e1ria-geral do Minist\u00e9rio das Rela\u00e7\u00f5es Exteriores, embaixadora Maria Laura da Rocha, e Audo Faleiro, bra\u00e7o direito do assessor especial do presidente Lula para assuntos internacionais, Celso Amorim.<\/p>\n<p>Tanto Amorim quanto o chanceler Mauro Vieira est\u00e3o em agendas internacionais. Celso Amorim participa, na R\u00fassia, da reuni\u00e3o dos altos representantes respons\u00e1veis pela seguran\u00e7a dos pa\u00edses do Brics.<\/p>\n<p>J\u00e1 Vieira est\u00e1 em tr\u00e2nsito, de Om\u00e3 para a Ar\u00e1bia Saudita, onde assistir\u00e1 a uma reuni\u00e3o com o Conselho de Coopera\u00e7\u00e3o do Golfo.<\/p>\n<p>O Brasil acompanha os desdobramentos da crise na Venezuela e as \u00faltimas investidas de Nicol\u00e1s Maduro para se perpetuar no poder. O presidente Lula foi informado sobre os \u00faltimos acontecimentos.<\/p>\n<p>Neste fim de semana, o opositor Edmundo Gonz\u00e1lez pediu asilo pol\u00edtico \u00e0 Espanha e deixou a Venezuela<\/p>\n<p>O governo brasileiro mant\u00e9m o posicionamento divulgado no s\u00e1bado (7) sobre a manuten\u00e7\u00e3o da cust\u00f3dia da Embaixada da Argentina em Caracas e a defesa dos interesses argentinos at\u00e9 que o governo Javier Milei indique outro Estado aceit\u00e1vel ao governo venezuelano para exercer as referidas fun\u00e7\u00f5es.<\/p>\n<p><strong>Assembleia Geral da ONU<\/strong><\/p>\n<p>O presidente Lula participar\u00e1 do debate geral e nas reuni\u00f5es de alto n\u00edvel da 79\u00aa Assembleia Geral da Organiza\u00e7\u00e3o das Na\u00e7\u00f5es Unidas (AGNU), em Nova York, prevista para o per\u00edodo de 22 e 25 de setembro de 2022.<\/p>\n<p>Tradicionalmente, \u00e9 do presidente brasileiro quem faz o primeiro discurso na abertura do evento. Ser\u00e1 a nona vez que Lula participar\u00e1 da reuni\u00e3o.<\/p>\n<p>Fonte: CNN<\/p>\n<\/p><\/div>\n<p><br \/>\n<br \/><a href=\"https:\/\/diariodobrasilnoticias.com.br\/noticia\/apos-a-fuga-de-opositor-venezuelano-lula-se-reune-com-assessores-no-palacio-do-planalto-na-pauta-estava-a-atual-situacao-da-venezuela-66dddd4b9b904\">Source link <\/a><\/p>","protected":false},"excerpt":{"rendered":"<p>Logo ap\u00f3s o cerco \u00e0 embaixada da Argentina em Caracas e a fuga do opositor Edmundo Gonz\u00e1lez Urrutia, o presidente Luiz In\u00e1cio Lula da Silva (PT) convocou assessores neste domingo&hellip;<\/p>","protected":false},"author":1,"featured_media":33926,"comment_status":"closed","ping_status":"open","sticky":false,"template":"","format":"standard","meta":{"content-type":"","footnotes":""},"categories":[16],"tags":[123,2448,5313,1267],"class_list":["post-33925","post","type-post","status-publish","format-standard","has-post-thumbnail","hentry","category-noticias","tag-brasil","tag-diario","tag-noticia","tag-noticias"],"_links":{"self":[{"href":"https:\/\/tvbrazilusa.com\/pt\/wp-json\/wp\/v2\/posts\/33925","targetHints":{"allow":["GET"]}}],"collection":[{"href":"https:\/\/tvbrazilusa.com\/pt\/wp-json\/wp\/v2\/posts"}],"about":[{"href":"https:\/\/tvbrazilusa.com\/pt\/wp-json\/wp\/v2\/types\/post"}],"author":[{"embeddable":true,"href":"https:\/\/tvbrazilusa.com\/pt\/wp-json\/wp\/v2\/users\/1"}],"replies":[{"embeddable":true,"href":"https:\/\/tvbrazilusa.com\/pt\/wp-json\/wp\/v2\/comments?post=33925"}],"version-history":[{"count":1,"href":"https:\/\/tvbrazilusa.com\/pt\/wp-json\/wp\/v2\/posts\/33925\/revisions"}],"predecessor-version":[{"id":33927,"href":"https:\/\/tvbrazilusa.com\/pt\/wp-json\/wp\/v2\/posts\/33925\/revisions\/33927"}],"wp:featuredmedia":[{"embeddable":true,"href":"https:\/\/tvbrazilusa.com\/pt\/wp-json\/wp\/v2\/media\/33926"}],"wp:attachment":[{"href":"https:\/\/tvbrazilusa.com\/pt\/wp-json\/wp\/v2\/media?parent=33925"}],"wp:term":[{"taxonomy":"category","embeddable":true,"href":"https:\/\/tvbrazilusa.com\/pt\/wp-json\/wp\/v2\/categories?post=33925"},{"taxonomy":"post_tag","embeddable":true,"href":"https:\/\/tvbrazilusa.com\/pt\/wp-json\/wp\/v2\/tags?post=33925"}],"curies":[{"name":"wp","href":"https:\/\/api.w.org\/{rel}","templated":true}]}}