{"id":33936,"date":"2024-09-08T21:20:39","date_gmt":"2024-09-08T21:20:39","guid":{"rendered":"https:\/\/tvbrazilusa.com\/2024\/09\/08\/trump-e-harris-estao-empatados-apos-a-turbulencia-do-verao-segundo-pesquisa-times-siena\/"},"modified":"2024-09-08T21:37:42","modified_gmt":"2024-09-08T21:37:42","slug":"trump-e-harris-estao-empatados-apos-a-turbulencia-do-verao-segundo-pesquisa-times-siena","status":"publish","type":"post","link":"https:\/\/tvbrazilusa.com\/pt\/2024\/09\/08\/trump-e-harris-estao-empatados-apos-a-turbulencia-do-verao-segundo-pesquisa-times-siena\/","title":{"rendered":"Trump e Harris est\u00e3o empatados ap\u00f3s a turbul\u00eancia do ver\u00e3o, segundo pesquisa Times\/Siena"},"content":{"rendered":"<p> <script async src=\"https:\/\/pagead2.googlesyndication.com\/pagead\/js\/adsbygoogle.js?client=ca-pub-8864793242727901\"\r\n     crossorigin=\"anonymous\"><\/script><br \/>\n<\/p>\n<div id=\"\">\n<header class=\"m-article-header m-article-header--standard\">\n\t\t\t\t\t\t\t\t\t\t\t\t<span id=\"article-header-primary-term\"><br \/>\n\t\t\t\t\t\t\t\t<a class=\"a-term a-term--primary\" href=\"https:\/\/www.boston.com\/tag\/politics\/\"><\/p>\n<p>\t\t\t\t\t\t\t\tPol\u00edtica\t\t\t\t\t\t\t\t<\/a><br \/>\n\t\t\t\t\t\t\t<\/span><\/p>\n<h2 class=\"m-article-header__sub-headline\">A pesquisa conclui que Donald Trump est\u00e1 mantendo seu apoio e que, na v\u00e9spera do debate, os eleitores n\u00e3o t\u00eam certeza se sabem o suficiente sobre a posi\u00e7\u00e3o de Kamala Harris.<\/h2>\n<figure class=\"a-photo m-article-header__photo\"><figcaption class=\"a-photo__caption\">\n<p>\tNesta combina\u00e7\u00e3o de fotos tiradas na Pensilv\u00e2nia, a candidata presidencial democrata, vice-presidente Kamala Harris, discursa em um evento de campanha, em 18 de agosto de 2024, em Rochester, \u00e0 esquerda, e o candidato presidencial republicano, ex-presidente Donald Trump, discursa durante um evento de campanha, em 19 de agosto de 2024, em York.<em> Foto AP<\/em>\t<\/figcaption><\/figure>\n<div class=\"m-article-header__meta\">\n<div class=\"m-article-header__byline\">\n<p class=\"m-article-header__author\">\n<p>\t\t\t\t\t\t\t\tPor Jonathan Weisman e Ruth Igielnik, New York Times Service\t\t\t\t\t\t\t<\/p>\n<p>\t\t\t\t\t\t    \t\t\t\t\t\t\t<time class=\"m-article-header__date\"><\/p>\n<p>        \t\t\t\t\t\t\t8 de setembro de 2024 | 17h20    \t\t\t\t\t\t\t<\/time><\/p><\/div>\n<\/p><\/div>\n<\/header>\n<p>O ex-presidente Donald Trump e a vice-presidente Kamala Harris entram na reta final da campanha em uma disputa acirrada e, com seu \u00fanico debate agendado para ter\u00e7a-feira, Harris enfrenta uma parcela consider\u00e1vel de eleitores que ainda dizem que precisam saber mais sobre ela.<\/p>\n<p>Uma pesquisa nacional de prov\u00e1veis \u200b\u200beleitores feita pelo The New York Times e Siena College descobriu que Trump est\u00e1 \u00e0 frente de Harris, 48% a 47%, dentro da margem de erro de 3 pontos percentuais da pesquisa e praticamente inalterada em rela\u00e7\u00e3o a uma pesquisa Times\/Siena feita no final de julho, logo ap\u00f3s o presidente Joe Biden ter desistido de sua candidatura \u00e0 reelei\u00e7\u00e3o. Trump pode ter tido um m\u00eas dif\u00edcil ap\u00f3s a sa\u00edda do presidente e em meio \u00e0 explos\u00e3o de entusiasmo que Harris trouxe aos democratas, mas a pesquisa sugere que seu apoio continua notavelmente resiliente.<\/p>\n<p>Os resultados nacionais est\u00e3o em linha com as pesquisas nos sete estados-campo de batalha que decidir\u00e3o a elei\u00e7\u00e3o presidencial, onde Harris est\u00e1 empatada com Trump ou tem uma pequena vantagem, de acordo com as m\u00e9dias de pesquisa do Times. Tomados em conjunto, eles mostram uma disputa acirrada que continua sendo um dos candidatos para vencer ou perder.<\/p>\n<p>Restam apenas pouco mais de oito semanas para a elei\u00e7\u00e3o presidencial mais curta da hist\u00f3ria americana moderna. Ambos os candidatos t\u00eam pouca oportunidade de mudar o eleitorado, mas para Trump, as opini\u00f5es s\u00e3o em grande parte fixas. Harris ainda \u00e9 desconhecida para muitos.<\/p>\n<p>Nesse sentido, a nova pesquisa ressalta os riscos e potenciais recompensas, particularmente enfrentando Harris, na ter\u00e7a-feira \u00e0 noite, quando ela e Trump se enfrentar\u00e3o na ABC News. A pesquisa descobriu que 28% dos prov\u00e1veis \u200b\u200beleitores disseram que sentiam que precisavam saber mais sobre Harris, enquanto apenas 9% disseram que precisavam saber mais sobre Trump.<\/p>\n<p>Esses eleitores, quando comparados com os 5% de eleitores que disseram estar indecisos ou n\u00e3o se inclinaram para nenhum dos candidatos dos principais partidos, pintam um retrato de um eleitorado que pode ser mais fluido do que parece. Alguns que est\u00e3o considerando Harris disseram que ainda esperam aprender mais antes de solidificar sua decis\u00e3o, e dois ter\u00e7os dos que querem saber mais disseram que estavam ansiosos para aprender sobre suas pol\u00edticas, especificamente.<\/p>\n<p>No geral, a pesquisa pode trazer a exuber\u00e2ncia democrata de volta \u00e0 realidade ap\u00f3s uma conven\u00e7\u00e3o animada do partido em Chicago no m\u00eas passado e ganhos r\u00e1pidos no apoio a Harris ap\u00f3s o fraco desempenho de Biden nas pesquisas.<\/p>\n<p>Este artigo foi publicado originalmente em <a href=\"https:\/\/www.nytimes.com\/2024\/09\/08\/us\/politics\/trump-and-harris-times-siena-poll.html\"><em>O jornal New York Times<\/em><\/a>.<\/p>\n<\/p><\/div>\n<p><script>\n\t\tvar consent=\"grant\";\n\t\t\/* The above code is parsing the JSON data from the local storage and storing it in a variable. *\/\n\t\t\t\t\tconst onetrustStorageConsent = JSON.parse(localStorage.getItem( 'consent_one_trust_bdc' ) );\n\t\t\tif ( ( onetrustStorageConsent !== null ) ) {\n\t\t\t\t\/* Checking to see if the user has consented to the use of cookies.\n\t\t\t\t* If they have not, it is deleting the cookie.\n\t\t\t\t* This will comment for now, until further notice.\n\t\t\t\t*\/\n\t\t\t\t\/\/if ( onetrustStorageConsent.C0002 === false ) {\n\t\t\t\t\/\/\tdocument.cookie=\"_fbp=;expires=Thu, 01 Jan 2010 00:00:00 UTC; path=\/; domain=.boston.com\";\n\t\t\t\t\/\/}\n\t\t\t\t\/* Checking if the user has given consent for the cookie C0002.\n\t\t\t\t* If the user has given consent, the variable consent will be set to 'grant'.\n\t\t\t\t* If the user has not given consent,the variable consent will be set to 'revoke'.\n\t\t\t\t* Documentation https:\/\/developers.facebook.com\/docs\/meta-pixel\/implementation\/gdpr\n\t\t\t\t*\/\n\t\t\t\tif ( onetrustStorageConsent.C0002 !== true ) {\n\t\t\t\t\tconsent=\"revoke\";\n\t\t\t\t}\n\t\t\t}\n\t\t\t\t!function(f,b,e,v,n,t,s)\n\t\t{if(f.fbq)return;n=f.fbq=function(){n.callMethod?\n\t\tn.callMethod.apply(n,arguments):n.queue.push(arguments)};\n\t\tif(!f._fbq)f._fbq=n;n.push=n;n.loaded=!0;n.version='2.0';\n\t\tn.queue=[];t=b.createElement(e);t.async=!0;\n\t\tt.src=v;s=b.getElementsByTagName(e)[0];\n\t\ts.parentNode.insertBefore(t,s)}(window, document,'script',\n\t\t'https:\/\/connect.facebook.net\/en_US\/fbevents.js');\n\t\tfbq('consent', consent);\n\t\tfbq('init', '989222871864976');\n\t\tfbq('track', 'PageView');\n\t<\/script><script type=\"module\">\n\t\tvar consent=\"grant\";\n\t\t\/* The above code is parsing the JSON data from the local storage and storing it in a variable. *\/\n\t\t\tconst onetrustStorageConsent = JSON.parse(localStorage.getItem( 'consent_one_trust_bdc' ) );\n\t\t\t\/* Checking to see if the user has consented to the use of cookies.\n\t\t\t* If they have not, it is deleting the cookie.\n\t\t\t* This will comment for now, until further notice.\n\t\t\t*\/\n\t\t\t\/\/if ( onetrustStorageConsent.C0002 === false ) {\n\t\t\t\/\/\tdocument.cookie=\"_fbp=;expires=Thu, 01 Jan 2010 00:00:00 UTC; path=\/; domain=.boston.com\";\n\t\t\t\/\/}\n\t\t\t\/* Checking if the user has given consent for the cookie C0002.\n\t\t\t* If the user has given consent, the variable consent will be set to 'grant'.\n\t\t\t* If the user has not given consent,the variable consent will be set to 'revoke'.\n\t\t\t* Documentation https:\/\/developers.facebook.com\/docs\/meta-pixel\/implementation\/gdpr\n\t\t\t*\/\n\t\t\tif ( ( onetrustStorageConsent !== null ) && (onetrustStorageConsent.C0002 !== true ) ) {\n\t\t\t\tconsent=\"revoke\";\n\t\t\t}\n\t\t\t\t!function(f,b,e,v,n,t,s){if(f.fbq)return;n=f.fbq=function()\n\t\t{n.callMethod? n.callMethod.apply(n,arguments):n.queue.push(arguments)}\n\t\t;if(!f._fbq)f._fbq=n;\n\t\tn.push=n;n.loaded=!0;n.version='2.0';n.queue=[];t=b.createElement(e);t.async=!0;\n\t\tt.src=v;s=b.getElementsByTagName(e)[0];s.parentNode.insertBefore(t,s)}(window,\n\t\tdocument,'script','https:\/\/connect.facebook.net\/en_US\/fbevents.js');\n\t\tfbq('consent', consent);\n\t\tfbq('init', '813236348753005');\n\t\tfbq('track', \"PageView\");\n\t<\/script><br \/>\n<br \/><br \/>\n<br \/><a href=\"https:\/\/www.boston.com\/news\/politics\/2024\/09\/08\/trump-and-harris-neck-and-neck-after-summer-upheaval-times-siena-poll-finds\/\">Source link <\/a><\/p>","protected":false},"excerpt":{"rendered":"<p>Pol\u00edtica A pesquisa conclui que Donald Trump est\u00e1 mantendo seu apoio e que, na v\u00e9spera do debate, os eleitores n\u00e3o t\u00eam certeza se sabem o suficiente sobre a posi\u00e7\u00e3o de&hellip;<\/p>","protected":false},"author":1,"featured_media":33937,"comment_status":"closed","ping_status":"open","sticky":false,"template":"","format":"standard","meta":{"content-type":"","footnotes":""},"categories":[1],"tags":[],"class_list":["post-33936","post","type-post","status-publish","format-standard","has-post-thumbnail","hentry","category-uncategorized"],"_links":{"self":[{"href":"https:\/\/tvbrazilusa.com\/pt\/wp-json\/wp\/v2\/posts\/33936","targetHints":{"allow":["GET"]}}],"collection":[{"href":"https:\/\/tvbrazilusa.com\/pt\/wp-json\/wp\/v2\/posts"}],"about":[{"href":"https:\/\/tvbrazilusa.com\/pt\/wp-json\/wp\/v2\/types\/post"}],"author":[{"embeddable":true,"href":"https:\/\/tvbrazilusa.com\/pt\/wp-json\/wp\/v2\/users\/1"}],"replies":[{"embeddable":true,"href":"https:\/\/tvbrazilusa.com\/pt\/wp-json\/wp\/v2\/comments?post=33936"}],"version-history":[{"count":1,"href":"https:\/\/tvbrazilusa.com\/pt\/wp-json\/wp\/v2\/posts\/33936\/revisions"}],"predecessor-version":[{"id":33938,"href":"https:\/\/tvbrazilusa.com\/pt\/wp-json\/wp\/v2\/posts\/33936\/revisions\/33938"}],"wp:featuredmedia":[{"embeddable":true,"href":"https:\/\/tvbrazilusa.com\/pt\/wp-json\/wp\/v2\/media\/33937"}],"wp:attachment":[{"href":"https:\/\/tvbrazilusa.com\/pt\/wp-json\/wp\/v2\/media?parent=33936"}],"wp:term":[{"taxonomy":"category","embeddable":true,"href":"https:\/\/tvbrazilusa.com\/pt\/wp-json\/wp\/v2\/categories?post=33936"},{"taxonomy":"post_tag","embeddable":true,"href":"https:\/\/tvbrazilusa.com\/pt\/wp-json\/wp\/v2\/tags?post=33936"}],"curies":[{"name":"wp","href":"https:\/\/api.w.org\/{rel}","templated":true}]}}