{"id":33973,"date":"2024-09-08T22:44:20","date_gmt":"2024-09-08T22:44:20","guid":{"rendered":"https:\/\/tvbrazilusa.com\/2024\/09\/08\/imprensa-internacional-repercute-manifestacao-na-avenida-paulista-brasil-luta-por-liberdade\/"},"modified":"2024-09-08T22:44:21","modified_gmt":"2024-09-08T22:44:21","slug":"imprensa-internacional-repercute-manifestacao-na-avenida-paulista-brasil-luta-por-liberdade","status":"publish","type":"post","link":"https:\/\/tvbrazilusa.com\/pt\/2024\/09\/08\/imprensa-internacional-repercute-manifestacao-na-avenida-paulista-brasil-luta-por-liberdade\/","title":{"rendered":"Imprensa internacional repercute manifesta\u00e7\u00e3o na Avenida Paulista: \u2018Brasil luta por liberdade\u2019"},"content":{"rendered":"<p> <script async src=\"https:\/\/pagead2.googlesyndication.com\/pagead\/js\/adsbygoogle.js?client=ca-pub-8864793242727901\"\r\n     crossorigin=\"anonymous\"><\/script><br \/>\n<\/p>\n<div id=\"taboola-read-more\" style=\"display:block; width:100%\">\n<p>O ato convocado pelo ex-presidente <a title=\"Jair Bolsonaro\" href=\"https:\/\/www.conexaopolitica.com.br\/tag\/jair-bolsonaro\/\" data-internallinksmanager029f6b8e52c=\"2\">Jair Bolsonaro<\/a>, no 7 de setembro, para protestar contra o ministro Alexandre de Moraes e a decis\u00e3o de censura \u00e0 rede social X\/Twitter repercutiu fortemente na imprensa <a title=\"Internacional\" href=\"https:\/\/conexao1.com\/category\/internacional\/\" data-internallinksmanager029f6b8e52c=\"22\">internacional<\/a>. Ve\u00edculos renomados registraram a manifesta\u00e7\u00e3o, apontando tanto o volume de participantes quanto o cen\u00e1rio pol\u00edtico radicalizado no Brasil.<br \/>O jornal \u00e1rabe <em>Al Jazeera<\/em> mencionou a presen\u00e7a de milhares de manifestantes em S\u00e3o Paulo e o foco do protesto na \u201cliberdade de express\u00e3o\u201d, com cr\u00edticas \u00e0 decis\u00e3o do Supremo Tribunal Federal, que coincidiu com as celebra\u00e7\u00f5es do Dia da Independ\u00eancia em Bras\u00edlia, lideradas pelo presidente <a title=\"Lula\" href=\"https:\/\/www.conexaopolitica.com.br\/tag\/lula\/\" data-internallinksmanager029f6b8e52c=\"1\">Luiz In\u00e1cio Lula da Silva<\/a>. O ve\u00edculo sublinhou que o ato visava tamb\u00e9m \u00e0 derrubada de Moraes, devido uma onda de insatisfa\u00e7\u00e3o popular com a \u201cescalada autorit\u00e1ria\u201d.<\/p>\n<p>Nos <a title=\"Estados Unidos\" href=\"https:\/\/www.conexaopolitica.com.br\/tag\/estados-unidos\/\" data-internallinksmanager029f6b8e52c=\"13\">Estados Unidos<\/a>, o <em>The Washington Post<\/em>classificou o protesto como uma resposta direta \u00e0 suspens\u00e3o do X\/Twitter, narrando a grande presen\u00e7a de manifestantes vestindo verde e amarelo. O jornal apontou cartazes elogiando Elon Musk e o car\u00e1ter polarizador da medida de Moraes, que at\u00e9 levantou cr\u00edticas de advers\u00e1rios de Bolsonaro. O evento, segundo o ve\u00edculo americano, comprovou outra vez a capacidade de mobiliza\u00e7\u00e3o da direita brasileira, especialmente por ser \u00e0s v\u00e9speras das elei\u00e7\u00f5es municipais.<\/p>\n<p>J\u00e1 a ag\u00eancia <em>Bloomberg<\/em> descreveu a manifesta\u00e7\u00e3o como uma estrat\u00e9gia de Bolsonaro para revigorar a base conservadora, usando a decis\u00e3o de Moraes para energizar a direita. O tabloide enfatizou o pedido do ex-presidente para que o Senado interceda nas a\u00e7\u00f5es do STF, em especial de Moraes.<\/p>\n<p>Outros ve\u00edculos internacionais, como o <em>OneIndia<\/em> e o <em>Jersey Evening Post<\/em>, tamb\u00e9m cobriram o ato, apontando a indigna\u00e7\u00e3o crescente no Brasil e as constata\u00e7\u00f5es de que o judici\u00e1rio estaria colaborando com o governo de Lula para suprimir a oposi\u00e7\u00e3o <a title=\"Pol\u00edtica\" href=\"https:\/\/www.conexaopolitica.com.br\/politica\/\" data-internallinksmanager029f6b8e52c=\"24\">pol\u00edtica<\/a>. O <em>Jersey Evening Post<\/em> sublimou a for\u00e7a da mobiliza\u00e7\u00e3o em S\u00e3o Paulo, comparando o ato de 7 de setembro \u00e0 manifesta\u00e7\u00e3o ocorrida em fevereiro, ambas lotando a Avenida Paulista.<br \/>\u00a0<br \/>Conex\u00e3o Pol\u00edtica\u00a0<\/p>\n<\/p><\/div>\n<p><br \/>\n<br \/><a href=\"https:\/\/diariodobrasilnoticias.com.br\/noticia\/imprensa-internacional-repercute-manifestacao-na-avenida-paulista-brasil-luta-por-liberdade-66de055c76ba6\">Source link <\/a><\/p>","protected":false},"excerpt":{"rendered":"<p>O ato convocado pelo ex-presidente Jair Bolsonaro, no 7 de setembro, para protestar contra o ministro Alexandre de Moraes e a decis\u00e3o de censura \u00e0 rede social X\/Twitter repercutiu fortemente&hellip;<\/p>","protected":false},"author":1,"featured_media":33974,"comment_status":"closed","ping_status":"open","sticky":false,"template":"","format":"standard","meta":{"content-type":"","footnotes":""},"categories":[16],"tags":[123,2448,5313,1267],"class_list":["post-33973","post","type-post","status-publish","format-standard","has-post-thumbnail","hentry","category-noticias","tag-brasil","tag-diario","tag-noticia","tag-noticias"],"_links":{"self":[{"href":"https:\/\/tvbrazilusa.com\/pt\/wp-json\/wp\/v2\/posts\/33973","targetHints":{"allow":["GET"]}}],"collection":[{"href":"https:\/\/tvbrazilusa.com\/pt\/wp-json\/wp\/v2\/posts"}],"about":[{"href":"https:\/\/tvbrazilusa.com\/pt\/wp-json\/wp\/v2\/types\/post"}],"author":[{"embeddable":true,"href":"https:\/\/tvbrazilusa.com\/pt\/wp-json\/wp\/v2\/users\/1"}],"replies":[{"embeddable":true,"href":"https:\/\/tvbrazilusa.com\/pt\/wp-json\/wp\/v2\/comments?post=33973"}],"version-history":[{"count":1,"href":"https:\/\/tvbrazilusa.com\/pt\/wp-json\/wp\/v2\/posts\/33973\/revisions"}],"predecessor-version":[{"id":33975,"href":"https:\/\/tvbrazilusa.com\/pt\/wp-json\/wp\/v2\/posts\/33973\/revisions\/33975"}],"wp:featuredmedia":[{"embeddable":true,"href":"https:\/\/tvbrazilusa.com\/pt\/wp-json\/wp\/v2\/media\/33974"}],"wp:attachment":[{"href":"https:\/\/tvbrazilusa.com\/pt\/wp-json\/wp\/v2\/media?parent=33973"}],"wp:term":[{"taxonomy":"category","embeddable":true,"href":"https:\/\/tvbrazilusa.com\/pt\/wp-json\/wp\/v2\/categories?post=33973"},{"taxonomy":"post_tag","embeddable":true,"href":"https:\/\/tvbrazilusa.com\/pt\/wp-json\/wp\/v2\/tags?post=33973"}],"curies":[{"name":"wp","href":"https:\/\/api.w.org\/{rel}","templated":true}]}}