{"id":33987,"date":"2024-09-08T23:15:37","date_gmt":"2024-09-08T23:15:37","guid":{"rendered":"https:\/\/tvbrazilusa.com\/2024\/09\/08\/paciente-dado-como-morto-e-colocado-em-necroterio-mas-volta-a-vida\/"},"modified":"2024-09-08T23:15:37","modified_gmt":"2024-09-08T23:15:37","slug":"paciente-dado-como-morto-e-colocado-em-necroterio-mas-volta-a-vida","status":"publish","type":"post","link":"https:\/\/tvbrazilusa.com\/pt\/2024\/09\/08\/paciente-dado-como-morto-e-colocado-em-necroterio-mas-volta-a-vida\/","title":{"rendered":"Paciente dado como morto \u00e9 colocado em necrot\u00e9rio mas \u201cvolta \u00e0 vida\u201d"},"content":{"rendered":"<p> <script async src=\"https:\/\/pagead2.googlesyndication.com\/pagead\/js\/adsbygoogle.js?client=ca-pub-8864793242727901\"\r\n     crossorigin=\"anonymous\"><\/script><br \/>\n<\/p>\n<div id=\"taboola-read-more\" style=\"display:block; width:100%\">\n<p>Um paciente de 72 anos, dado como <a href=\"https:\/\/www.metropoles.com\/distrito-federal\/na-mira\/delegado-da-pcdf-e-encontrado-morto-com-um-tiro-em-vicente-pires\" target=\"_blank\" rel=\"noopener noreferrer\">morto<\/a> ap\u00f3s a interna\u00e7\u00e3o no Hospital Regional, em Campo Grande (MS), \u201cvoltou \u00e0 vida\u201d quando j\u00e1 estava no necrot\u00e9rio da institui\u00e7\u00e3o.<\/p>\n<p>Movimentos no saco mortu\u00e1rio chamaram a aten\u00e7\u00e3o dos funcion\u00e1rios, que ao abrirem o inv\u00f3lucro o encontraram com sinais vitais, mas respirando ofegantemente. Ele foi socorrido e encaminhado para um leito de emerg\u00eancia.<\/p>\n<p>O caso veio \u00e0 tona nessa sexta-feira (6\/9), quando o homem completava 48 horas de interna\u00e7\u00e3o no hospital, em raz\u00e3o de uma insufici\u00eancia card\u00edaca. A fam\u00edlia havia visitado o paciente e recebido a informa\u00e7\u00e3o da equipe m\u00e9dica de que estado de sa\u00fade dele era muito grave, com quadro de choques s\u00e9ptico e cardiog\u00eanico e perda da fun\u00e7\u00e3o renal.<\/p>\n<p>Familiares j\u00e1 tinham dado in\u00edcio aos tr\u00e2mites para o funeral, quando receberam uma liga\u00e7\u00e3o do hospital. A nova informa\u00e7\u00e3o era de que o paciente estava vivo e que havia sido retirado do necrot\u00e9rio e levado de volta \u00e0 ala vermelha da unidade. Eles n\u00e3o receberam explica\u00e7\u00e3o detalhada sobre os motivos de o idoso ter sido declarado morto.<\/p>\n<p>O paciente segue internado no hospital. O estado de sa\u00fade \u00e9 considerado grave. O Hospital Regional se manifestou por meio de nota lamentando o ocorrido, afirmando que est\u00e1 prestando assist\u00eancia \u00e0 fam\u00edlia e que um procedimento administrativo foi aberto para apurar o caso.<\/p>\n<p><strong>Veja a nota na \u00edntegra:<\/strong><\/p>\n<p>\u201c<em>O Hospital Regional de Mato Grosso do Sul lamenta o ocorrido e informa que est\u00e1 prestando toda a assist\u00eancia necess\u00e1ria aos familiares. Um procedimento administrativo foi aberto para apurar as circunst\u00e2ncias que envolvem o caso. O paciente permanece em tratamento na unidade, recebendo os cuidados adequados de nossa equipe m\u00e9dica.<\/em>\u201c<\/p>\n<p>Metropoles\u00a0<\/p>\n<\/p><\/div>\n<p><br \/>\n<br \/><a href=\"https:\/\/diariodobrasilnoticias.com.br\/noticia\/paciente-dado-como-morto-e-colocado-em-necroterio-mas-volta-a-vida-66de097807d06\">Source link <\/a><\/p>","protected":false},"excerpt":{"rendered":"<p>Um paciente de 72 anos, dado como morto ap\u00f3s a interna\u00e7\u00e3o no Hospital Regional, em Campo Grande (MS), \u201cvoltou \u00e0 vida\u201d quando j\u00e1 estava no necrot\u00e9rio da institui\u00e7\u00e3o. Movimentos no&hellip;<\/p>","protected":false},"author":1,"featured_media":33988,"comment_status":"closed","ping_status":"open","sticky":false,"template":"","format":"standard","meta":{"content-type":"","footnotes":""},"categories":[16],"tags":[123,2448,5313,1267],"class_list":["post-33987","post","type-post","status-publish","format-standard","has-post-thumbnail","hentry","category-noticias","tag-brasil","tag-diario","tag-noticia","tag-noticias"],"_links":{"self":[{"href":"https:\/\/tvbrazilusa.com\/pt\/wp-json\/wp\/v2\/posts\/33987","targetHints":{"allow":["GET"]}}],"collection":[{"href":"https:\/\/tvbrazilusa.com\/pt\/wp-json\/wp\/v2\/posts"}],"about":[{"href":"https:\/\/tvbrazilusa.com\/pt\/wp-json\/wp\/v2\/types\/post"}],"author":[{"embeddable":true,"href":"https:\/\/tvbrazilusa.com\/pt\/wp-json\/wp\/v2\/users\/1"}],"replies":[{"embeddable":true,"href":"https:\/\/tvbrazilusa.com\/pt\/wp-json\/wp\/v2\/comments?post=33987"}],"version-history":[{"count":1,"href":"https:\/\/tvbrazilusa.com\/pt\/wp-json\/wp\/v2\/posts\/33987\/revisions"}],"predecessor-version":[{"id":33989,"href":"https:\/\/tvbrazilusa.com\/pt\/wp-json\/wp\/v2\/posts\/33987\/revisions\/33989"}],"wp:featuredmedia":[{"embeddable":true,"href":"https:\/\/tvbrazilusa.com\/pt\/wp-json\/wp\/v2\/media\/33988"}],"wp:attachment":[{"href":"https:\/\/tvbrazilusa.com\/pt\/wp-json\/wp\/v2\/media?parent=33987"}],"wp:term":[{"taxonomy":"category","embeddable":true,"href":"https:\/\/tvbrazilusa.com\/pt\/wp-json\/wp\/v2\/categories?post=33987"},{"taxonomy":"post_tag","embeddable":true,"href":"https:\/\/tvbrazilusa.com\/pt\/wp-json\/wp\/v2\/tags?post=33987"}],"curies":[{"name":"wp","href":"https:\/\/api.w.org\/{rel}","templated":true}]}}