{"id":34042,"date":"2024-09-08T23:54:16","date_gmt":"2024-09-08T23:54:16","guid":{"rendered":"https:\/\/tvbrazilusa.com\/2024\/09\/08\/ex-policial-de-stoughton-acusado-de-matar-sandra-birchmore-provavelmente-ficara-preso-por-enquanto\/"},"modified":"2024-09-09T01:11:23","modified_gmt":"2024-09-09T01:11:23","slug":"ex-policial-de-stoughton-acusado-de-matar-sandra-birchmore-provavelmente-ficara-preso-por-enquanto","status":"publish","type":"post","link":"https:\/\/tvbrazilusa.com\/pt\/2024\/09\/08\/ex-policial-de-stoughton-acusado-de-matar-sandra-birchmore-provavelmente-ficara-preso-por-enquanto\/","title":{"rendered":"Ex-policial de Stoughton acusado de matar Sandra Birchmore provavelmente ficar\u00e1 preso por enquanto"},"content":{"rendered":"<p> <script async src=\"https:\/\/pagead2.googlesyndication.com\/pagead\/js\/adsbygoogle.js?client=ca-pub-8864793242727901\"\r\n     crossorigin=\"anonymous\"><\/script><br \/>\n<\/p>\n<div id=\"\">\n<header class=\"m-article-header m-article-header--standard\">\n\t\t\t\t\t\t\t\t\t\t\t\t<span id=\"article-header-primary-term\"><br \/>\n\t\t\t\t\t\t\t\t<a class=\"a-term a-term--primary\" href=\"https:\/\/www.boston.com\/tag\/local-news\/\"><\/p>\n<p>\t\t\t\t\t\t\t\tNot\u00edcias locais\t\t\t\t\t\t\t\t<\/a><br \/>\n\t\t\t\t\t\t\t<\/span><\/p>\n<h2 class=\"m-article-header__sub-headline\">Matthew Farwell entrou com uma mo\u00e7\u00e3o de deten\u00e7\u00e3o volunt\u00e1ria para cancelar a audi\u00eancia de deten\u00e7\u00e3o marcada para quinta-feira e permanecer sob cust\u00f3dia.<\/h2>\n<figure class=\"a-photo m-article-header__photo\"><figcaption class=\"a-photo__caption\">\n<p>\tMatthew Farwell e a chefe de pol\u00edcia de Stoughton, Donna McNamara, de 2017. (Facebook)<em> <\/em>\t<\/figcaption><\/figure>\n<\/header>\n<p>O ex-policial de Stoughton acusado de matar uma mulher que ele teria abusado sexualmente quando ela tinha 15 anos provavelmente permanecer\u00e1 sob cust\u00f3dia a seu pedido, mostram registros do tribunal federal.<\/p>\n<p>Matthew Farwell foi preso em 28 de agosto ap\u00f3s ser indiciado por acusa\u00e7\u00f5es de estrangular Sandra Birchmore em 2021 e encenar sua morte para parecer um suic\u00eddio em seu apartamento em Canton, de acordo com promotores federais. <\/p>\n<div class=\"wp-block-image\">\n<figure class=\"alignright size-full is-resized\"><img fetchpriority=\"high\" decoding=\"async\" width=\"1200\" height=\"900\" src=\"https:\/\/bdc2020.o0bc.com\/wp-content\/uploads\/2024\/09\/s3___bgmp-arc_arc-feeds_generic-photos_to-arc_04stoughtonmystery2-1-66de314654de5.jpg\" alt=\"Sandra Birchmore.\" class=\"wp-image-31613549\" style=\"width:340px;height:auto\" srcset=\"https:\/\/bdc2020.o0bc.com\/wp-content\/uploads\/2024\/09\/s3___bgmp-arc_arc-feeds_generic-photos_to-arc_04stoughtonmystery2-1-66de314654de5.jpg?width=200 200w, https:\/\/bdc2020.o0bc.com\/wp-content\/uploads\/2024\/09\/s3___bgmp-arc_arc-feeds_generic-photos_to-arc_04stoughtonmystery2-1-66de314654de5.jpg?width=300 300w, https:\/\/bdc2020.o0bc.com\/wp-content\/uploads\/2024\/09\/s3___bgmp-arc_arc-feeds_generic-photos_to-arc_04stoughtonmystery2-1-66de314654de5.jpg?width=400 400w, https:\/\/bdc2020.o0bc.com\/wp-content\/uploads\/2024\/09\/s3___bgmp-arc_arc-feeds_generic-photos_to-arc_04stoughtonmystery2-1-66de314654de5.jpg?width=500 500w, https:\/\/bdc2020.o0bc.com\/wp-content\/uploads\/2024\/09\/s3___bgmp-arc_arc-feeds_generic-photos_to-arc_04stoughtonmystery2-1-66de314654de5.jpg?width=600 600w, https:\/\/bdc2020.o0bc.com\/wp-content\/uploads\/2024\/09\/s3___bgmp-arc_arc-feeds_generic-photos_to-arc_04stoughtonmystery2-1-66de314654de5.jpg?width=700 700w, https:\/\/bdc2020.o0bc.com\/wp-content\/uploads\/2024\/09\/s3___bgmp-arc_arc-feeds_generic-photos_to-arc_04stoughtonmystery2-1-66de314654de5.jpg?width=800 800w, https:\/\/bdc2020.o0bc.com\/wp-content\/uploads\/2024\/09\/s3___bgmp-arc_arc-feeds_generic-photos_to-arc_04stoughtonmystery2-1-66de314654de5.jpg?width=900 900w\" sizes=\"(max-width: 1200px) 100vw, 1200px\"\/><figcaption class=\"wp-element-caption\">Sandra Birchmore. Matthew Farwell, um ex-policial de Stoughton, \u00e9 acusado de mat\u00e1-la e encenar a cena para parecer suic\u00eddio.<\/figcaption><\/figure>\n<\/div>\n<p>Birchmore, 23, estava gr\u00e1vida de seu filho e estava \u201cmuito animada\u201d para se tornar m\u00e3e, disse o procurador-geral interino dos Estados Unidos, Joshua Levy. <a href=\"https:\/\/www.boston.com\/news\/local-news\/2024\/08\/28\/former-stoughton-police-officer-matthew-farwell-indicted-on-charges-of-killing-sandra-birchmore\/\">disse na confer\u00eancia de imprensa da semana passada<\/a>.<\/p>\n<p>O advogado de Farwell entrou com uma ordem de deten\u00e7\u00e3o volunt\u00e1ria no s\u00e1bado, pedindo ao juiz que cancelasse uma audi\u00eancia de deten\u00e7\u00e3o marcada para quinta-feira, de acordo com documentos judiciais. Ap\u00f3s sua primeira audi\u00eancia no tribunal, ele foi ordenado a ficar preso em uma instala\u00e7\u00e3o onde permaneceria at\u00e9 sua pr\u00f3xima audi\u00eancia no tribunal se o juiz aceitar seu pedido.<\/p>\n<p>Nenhuma outra apari\u00e7\u00e3o foi agendada at\u00e9 domingo, de acordo com registros do tribunal.<\/p>\n<p>\u201cAp\u00f3s uma oportunidade de consultar seu advogado, o Sr. Farwell agora pede ao Tribunal que emita uma ordem volunt\u00e1ria de deten\u00e7\u00e3o sem preju\u00edzo, preservando seu direito de solicitar uma audi\u00eancia de deten\u00e7\u00e3o em uma data posterior, quando seu advogado tiver tempo adicional para revisar os materiais\u201d, dizia a mo\u00e7\u00e3o.<\/p>\n<p>Farwell conheceu Birchmore quando ele era instrutor da Academia de Exploradores da Pol\u00edcia de Stoughton em 2012. Quando Birchmore tinha 15 anos e Farwell tinha 27, ele come\u00e7ou a fazer sexo com ela, o que continuou at\u00e9 sua morte, alegam os promotores. <\/p>\n<p>Ele \u201cbasicamente a preparou\u201d, disse Levy, entrando em contato com ela nas redes sociais, indo \u00e0 biblioteca com ela e se encontrando secretamente com ela enquanto estava de servi\u00e7o. <\/p>\n<p>Um m\u00eas antes de sua morte, um amigo de Birchmore ligou para o Departamento de Pol\u00edcia de Stoughton e contou a um funcion\u00e1rio sobre o relacionamento de Farwell e Birchmore. Ele ent\u00e3o come\u00e7ou a abusar fisicamente de Birchmore, disseram os promotores, e a planejar seu assassinato. <\/p>\n<p>Ap\u00f3s a morte de Birchmore, Farwell foi colocado em licen\u00e7a administrativa. Ele renunciou um ano depois, em 2022.<\/p>\n<p>Toda a linha do tempo do relacionamento de Birchmore com seu suposto assassino \u00e9 detalhada <a href=\"https:\/\/www.boston.com\/news\/local-news\/2024\/09\/03\/sandra-birchmore-case-timeline\/\">aqui<\/a>.<\/p>\n<div class=\"m-block m-generic-cta\t m-generic-cta--post-content\t m-generic-cta--dark\t m-generic-cta--homepage\t m-generic-cta--email-signup\t\t m-generic-cta-block-style--default \tt-amp__generic-cta\"><\/p>\n<div class=\"m-generic-cta__wrap\">\n<div class=\"m-generic-cta__content\">\n<h3 class=\"m-generic-cta__title\">Boston.com Hoje<\/h3>\n<p class=\"m-generic-cta__subtitle\">Inscreva-se para receber as \u00faltimas manchetes na sua caixa de entrada todas as manh\u00e3s.<\/p>\n<\/p><\/div>\n<\/p><\/div>\n<\/div><\/div>\n<p><script>\n\t\tvar consent=\"grant\";\n\t\t\/* The above code is parsing the JSON data from the local storage and storing it in a variable. *\/\n\t\t\t\t\tconst onetrustStorageConsent = JSON.parse(localStorage.getItem( 'consent_one_trust_bdc' ) );\n\t\t\tif ( ( onetrustStorageConsent !== null ) ) {\n\t\t\t\t\/* Checking to see if the user has consented to the use of cookies.\n\t\t\t\t* If they have not, it is deleting the cookie.\n\t\t\t\t* This will comment for now, until further notice.\n\t\t\t\t*\/\n\t\t\t\t\/\/if ( onetrustStorageConsent.C0002 === false ) {\n\t\t\t\t\/\/\tdocument.cookie=\"_fbp=;expires=Thu, 01 Jan 2010 00:00:00 UTC; path=\/; domain=.boston.com\";\n\t\t\t\t\/\/}\n\t\t\t\t\/* Checking if the user has given consent for the cookie C0002.\n\t\t\t\t* If the user has given consent, the variable consent will be set to 'grant'.\n\t\t\t\t* If the user has not given consent,the variable consent will be set to 'revoke'.\n\t\t\t\t* Documentation https:\/\/developers.facebook.com\/docs\/meta-pixel\/implementation\/gdpr\n\t\t\t\t*\/\n\t\t\t\tif ( onetrustStorageConsent.C0002 !== true ) {\n\t\t\t\t\tconsent=\"revoke\";\n\t\t\t\t}\n\t\t\t}\n\t\t\t\t!function(f,b,e,v,n,t,s)\n\t\t{if(f.fbq)return;n=f.fbq=function(){n.callMethod?\n\t\tn.callMethod.apply(n,arguments):n.queue.push(arguments)};\n\t\tif(!f._fbq)f._fbq=n;n.push=n;n.loaded=!0;n.version='2.0';\n\t\tn.queue=[];t=b.createElement(e);t.async=!0;\n\t\tt.src=v;s=b.getElementsByTagName(e)[0];\n\t\ts.parentNode.insertBefore(t,s)}(window, document,'script',\n\t\t'https:\/\/connect.facebook.net\/en_US\/fbevents.js');\n\t\tfbq('consent', consent);\n\t\tfbq('init', '989222871864976');\n\t\tfbq('track', 'PageView');\n\t<\/script><script type=\"module\">\n\t\tvar consent=\"grant\";\n\t\t\/* The above code is parsing the JSON data from the local storage and storing it in a variable. *\/\n\t\t\tconst onetrustStorageConsent = JSON.parse(localStorage.getItem( 'consent_one_trust_bdc' ) );\n\t\t\t\/* Checking to see if the user has consented to the use of cookies.\n\t\t\t* If they have not, it is deleting the cookie.\n\t\t\t* This will comment for now, until further notice.\n\t\t\t*\/\n\t\t\t\/\/if ( onetrustStorageConsent.C0002 === false ) {\n\t\t\t\/\/\tdocument.cookie=\"_fbp=;expires=Thu, 01 Jan 2010 00:00:00 UTC; path=\/; domain=.boston.com\";\n\t\t\t\/\/}\n\t\t\t\/* Checking if the user has given consent for the cookie C0002.\n\t\t\t* If the user has given consent, the variable consent will be set to 'grant'.\n\t\t\t* If the user has not given consent,the variable consent will be set to 'revoke'.\n\t\t\t* Documentation https:\/\/developers.facebook.com\/docs\/meta-pixel\/implementation\/gdpr\n\t\t\t*\/\n\t\t\tif ( ( onetrustStorageConsent !== null ) && (onetrustStorageConsent.C0002 !== true ) ) {\n\t\t\t\tconsent=\"revoke\";\n\t\t\t}\n\t\t\t\t!function(f,b,e,v,n,t,s){if(f.fbq)return;n=f.fbq=function()\n\t\t{n.callMethod? n.callMethod.apply(n,arguments):n.queue.push(arguments)}\n\t\t;if(!f._fbq)f._fbq=n;\n\t\tn.push=n;n.loaded=!0;n.version='2.0';n.queue=[];t=b.createElement(e);t.async=!0;\n\t\tt.src=v;s=b.getElementsByTagName(e)[0];s.parentNode.insertBefore(t,s)}(window,\n\t\tdocument,'script','https:\/\/connect.facebook.net\/en_US\/fbevents.js');\n\t\tfbq('consent', consent);\n\t\tfbq('init', '813236348753005');\n\t\tfbq('track', \"PageView\");\n\t<\/script><br \/>\n<br \/><br \/>\n<br \/><a href=\"https:\/\/www.boston.com\/news\/local-news\/2024\/09\/08\/former-stoughton-officer-charged-with-killing-sandra-birchmore-likely-to-stay-in-custody-for-now\/\">Source link <\/a><\/p>","protected":false},"excerpt":{"rendered":"<p>Not\u00edcias locais Matthew Farwell entrou com uma mo\u00e7\u00e3o de deten\u00e7\u00e3o volunt\u00e1ria para cancelar a audi\u00eancia de deten\u00e7\u00e3o marcada para quinta-feira e permanecer sob cust\u00f3dia. Matthew Farwell e a chefe de&hellip;<\/p>","protected":false},"author":1,"featured_media":34043,"comment_status":"closed","ping_status":"open","sticky":false,"template":"","format":"standard","meta":{"content-type":"","footnotes":""},"categories":[1],"tags":[],"class_list":["post-34042","post","type-post","status-publish","format-standard","has-post-thumbnail","hentry","category-uncategorized"],"_links":{"self":[{"href":"https:\/\/tvbrazilusa.com\/pt\/wp-json\/wp\/v2\/posts\/34042","targetHints":{"allow":["GET"]}}],"collection":[{"href":"https:\/\/tvbrazilusa.com\/pt\/wp-json\/wp\/v2\/posts"}],"about":[{"href":"https:\/\/tvbrazilusa.com\/pt\/wp-json\/wp\/v2\/types\/post"}],"author":[{"embeddable":true,"href":"https:\/\/tvbrazilusa.com\/pt\/wp-json\/wp\/v2\/users\/1"}],"replies":[{"embeddable":true,"href":"https:\/\/tvbrazilusa.com\/pt\/wp-json\/wp\/v2\/comments?post=34042"}],"version-history":[{"count":1,"href":"https:\/\/tvbrazilusa.com\/pt\/wp-json\/wp\/v2\/posts\/34042\/revisions"}],"predecessor-version":[{"id":34044,"href":"https:\/\/tvbrazilusa.com\/pt\/wp-json\/wp\/v2\/posts\/34042\/revisions\/34044"}],"wp:featuredmedia":[{"embeddable":true,"href":"https:\/\/tvbrazilusa.com\/pt\/wp-json\/wp\/v2\/media\/34043"}],"wp:attachment":[{"href":"https:\/\/tvbrazilusa.com\/pt\/wp-json\/wp\/v2\/media?parent=34042"}],"wp:term":[{"taxonomy":"category","embeddable":true,"href":"https:\/\/tvbrazilusa.com\/pt\/wp-json\/wp\/v2\/categories?post=34042"},{"taxonomy":"post_tag","embeddable":true,"href":"https:\/\/tvbrazilusa.com\/pt\/wp-json\/wp\/v2\/tags?post=34042"}],"curies":[{"name":"wp","href":"https:\/\/api.w.org\/{rel}","templated":true}]}}