{"id":34474,"date":"2024-09-09T19:02:50","date_gmt":"2024-09-09T19:02:50","guid":{"rendered":"https:\/\/tvbrazilusa.com\/2024\/09\/09\/selecao-do-juri-comeca-no-julgamento-de-3-ex-oficiais-de-memphis-acusados-pela-morte-de-tyre-nichols-wsvn-7news-noticias-de-miami-clima-esportes-fort-lauderdale\/"},"modified":"2024-09-09T19:14:05","modified_gmt":"2024-09-09T19:14:05","slug":"selecao-do-juri-comeca-no-julgamento-de-3-ex-oficiais-de-memphis-acusados-pela-morte-de-tyre-nichols-wsvn-7news-noticias-de-miami-clima-esportes-fort-lauderdale","status":"publish","type":"post","link":"https:\/\/tvbrazilusa.com\/pt\/2024\/09\/09\/selecao-do-juri-comeca-no-julgamento-de-3-ex-oficiais-de-memphis-acusados-pela-morte-de-tyre-nichols-wsvn-7news-noticias-de-miami-clima-esportes-fort-lauderdale\/","title":{"rendered":"Sele\u00e7\u00e3o do j\u00fari come\u00e7a no julgamento de 3 ex-oficiais de Memphis acusados \u200b\u200bpela morte de Tyre Nichols &#8211; WSVN 7News | Not\u00edcias de Miami, Clima, Esportes | Fort Lauderdale"},"content":{"rendered":"<p> <script async src=\"https:\/\/pagead2.googlesyndication.com\/pagead\/js\/adsbygoogle.js?client=ca-pub-8864793242727901\"\r\n     crossorigin=\"anonymous\"><\/script><br \/>\n<\/p>\n<div itemprop=\"articleBody\">\n<p>MEMPHIS, Tennessee (AP) \u2014 A sele\u00e7\u00e3o do j\u00fari come\u00e7ou na segunda-feira no julgamento federal de tr\u00eas ex-policiais de Memphis acusados \u200b\u200bde violar os direitos civis de Tyre Nichols, o <a href=\"https:\/\/wsvn.com\/news\/us-world\/5-former-officers-charged-with-federal-civil-rights-violations-in-tyre-nichols-beating-death\/\" data-type=\"link\" data-id=\"https:\/\/wsvn.com\/news\/us-world\/5-former-officers-charged-with-federal-civil-rights-violations-in-tyre-nichols-beating-death\/\" target=\"_blank\" rel=\"noreferrer noopener\">Homem de 29 anos cuja agress\u00e3o fatal foi flagrada por c\u00e2meras da pol\u00edcia<\/a>desencadeando protestos e pedidos de reforma policial.<\/p>\n<p>Tadarrius Bean, Demetrius Haley e Justin Smith se declararam inocentes das acusa\u00e7\u00f5es de que privaram Nichols de seus direitos por meio de uso excessivo de for\u00e7a e falta de interven\u00e7\u00e3o, e obstru\u00edram a justi\u00e7a por meio da manipula\u00e7\u00e3o de testemunhas.<\/p>\n<p>Nichols foi parado em janeiro de 2023 e fugiu da pol\u00edcia depois de ser arrancado do carro. Os policiais alcan\u00e7aram Nichols e o espancaram em um bairro de Memphis, mostrou um v\u00eddeo da pol\u00edcia.<\/p>\n<p>Os jurados ser\u00e3o selecionados de um grupo de cerca de 200 pessoas. O julgamento deve durar de tr\u00eas a quatro semanas. A m\u00e3e e o padrasto de Nichols estavam no tribunal na segunda-feira para o in\u00edcio do julgamento.<\/p>\n<p>Nichols, que era negro, morreu em um hospital em 10 de janeiro de 2023, tr\u00eas dias depois de ter sido chutado, socado e atingido com um cassetete da pol\u00edcia. Um v\u00eddeo da pol\u00edcia divulgado no final daquele m\u00eas mostrou cinco policiais, que tamb\u00e9m s\u00e3o negros, espancando Nichols enquanto ele gritava por sua m\u00e3e a cerca de um quarteir\u00e3o de sua casa. O v\u00eddeo tamb\u00e9m mostrou os policiais se movimentando e conversando entre si enquanto Nichols estava sentado no ch\u00e3o, lutando contra seus ferimentos.<\/p>\n<p>Os policiais disseram que Nichols foi parado por dire\u00e7\u00e3o imprudente, mas o chefe de pol\u00edcia de Memphis disse que n\u00e3o havia evid\u00eancias para comprovar essa alega\u00e7\u00e3o.<\/p>\n<p>Nichols trabalhava para a FedEx e gostava de andar de skate e fotografia.<\/p>\n<p>Um relat\u00f3rio de aut\u00f3psia mostrou que Nichols morreu de golpes na cabe\u00e7a e que a forma da morte foi homic\u00eddio. O relat\u00f3rio descreveu les\u00f5es cerebrais, cortes e hematomas na cabe\u00e7a e outras \u00e1reas.<\/p>\n<p>Os tr\u00eas policiais agora enfrentando julgamento, junto com Emmitt Martin III e Desmond Mills Jr., foram demitidos ap\u00f3s a morte de Nichols por violar as pol\u00edticas do Departamento de Pol\u00edcia de Memphis. Eles eram membros de uma equipe de supress\u00e3o de crimes chamada Scorpion unit, que foi dissolvida ap\u00f3s a morte de Nichols.<\/p>\n<p>Logo ap\u00f3s sua demiss\u00e3o, os cinco policiais foram acusados \u200b\u200bde homic\u00eddio de segundo grau em um tribunal estadual, onde se declararam inocentes. Eles foram ent\u00e3o indiciados por um grande j\u00fari federal em setembro de 2023.<\/p>\n<p>Mills e Martin se declararam culpados em tribunal federal e podem testemunhar no julgamento. Uma data de julgamento em tribunal estadual n\u00e3o foi definida.<\/p>\n<p><em>Copyright 2024 The Associated Press. Todos os direitos reservados. Este material n\u00e3o pode ser publicado, transmitido, reescrito ou redistribu\u00eddo.<\/em><\/p>\n<div class=\"wp-block-newsletter\">\n\t<strong class=\"wp-block-newsletter__title\">Inscreva-se em nossa Newsletter para receber as \u00faltimas not\u00edcias diretamente na sua caixa de entrada<\/strong><\/p>\n<\/div><\/div>\n<p><br \/>\n<br \/><a href=\"https:\/\/wsvn.com\/news\/us-world\/jury-selection-begins-in-trial-for-3-former-memphis-officers-charged-in-tyre-nichols-death\/\">Source link <\/a><\/p>","protected":false},"excerpt":{"rendered":"<p>MEMPHIS, Tennessee (AP) \u2014 A sele\u00e7\u00e3o do j\u00fari come\u00e7ou na segunda-feira no julgamento federal de tr\u00eas ex-policiais de Memphis acusados \u200b\u200bde violar os direitos civis de Tyre Nichols, o Homem&hellip;<\/p>","protected":false},"author":1,"featured_media":34475,"comment_status":"closed","ping_status":"open","sticky":false,"template":"","format":"standard","meta":{"content-type":"","footnotes":""},"categories":[1],"tags":[],"class_list":["post-34474","post","type-post","status-publish","format-standard","has-post-thumbnail","hentry","category-uncategorized"],"_links":{"self":[{"href":"https:\/\/tvbrazilusa.com\/pt\/wp-json\/wp\/v2\/posts\/34474","targetHints":{"allow":["GET"]}}],"collection":[{"href":"https:\/\/tvbrazilusa.com\/pt\/wp-json\/wp\/v2\/posts"}],"about":[{"href":"https:\/\/tvbrazilusa.com\/pt\/wp-json\/wp\/v2\/types\/post"}],"author":[{"embeddable":true,"href":"https:\/\/tvbrazilusa.com\/pt\/wp-json\/wp\/v2\/users\/1"}],"replies":[{"embeddable":true,"href":"https:\/\/tvbrazilusa.com\/pt\/wp-json\/wp\/v2\/comments?post=34474"}],"version-history":[{"count":1,"href":"https:\/\/tvbrazilusa.com\/pt\/wp-json\/wp\/v2\/posts\/34474\/revisions"}],"predecessor-version":[{"id":34476,"href":"https:\/\/tvbrazilusa.com\/pt\/wp-json\/wp\/v2\/posts\/34474\/revisions\/34476"}],"wp:featuredmedia":[{"embeddable":true,"href":"https:\/\/tvbrazilusa.com\/pt\/wp-json\/wp\/v2\/media\/34475"}],"wp:attachment":[{"href":"https:\/\/tvbrazilusa.com\/pt\/wp-json\/wp\/v2\/media?parent=34474"}],"wp:term":[{"taxonomy":"category","embeddable":true,"href":"https:\/\/tvbrazilusa.com\/pt\/wp-json\/wp\/v2\/categories?post=34474"},{"taxonomy":"post_tag","embeddable":true,"href":"https:\/\/tvbrazilusa.com\/pt\/wp-json\/wp\/v2\/tags?post=34474"}],"curies":[{"name":"wp","href":"https:\/\/api.w.org\/{rel}","templated":true}]}}