{"id":3463,"date":"2023-09-25T22:10:48","date_gmt":"2023-09-25T22:10:48","guid":{"rendered":"https:\/\/tvbrazilusa.com\/2023\/09\/25\/assessora-de-anielle-franco-chama-sao-paulinos-de-torcida-branca-descendente-de-europeu-safade\/"},"modified":"2023-09-25T22:10:48","modified_gmt":"2023-09-25T22:10:48","slug":"assessora-de-anielle-franco-chama-sao-paulinos-de-torcida-branca-descendente-de-europeu-safade","status":"publish","type":"post","link":"https:\/\/tvbrazilusa.com\/pt\/2023\/09\/25\/assessora-de-anielle-franco-chama-sao-paulinos-de-torcida-branca-descendente-de-europeu-safade\/","title":{"rendered":"Assessora de Anielle Franco chama s\u00e3o-paulinos de &#8220;torcida branca descendente de europeu safade..&#8221;"},"content":{"rendered":"<p><iframe  width=\"580\" height=\"385\" src=\"https:\/\/www.youtube.com\/embed\/Y50cOXhcyr8?modestbranding=1\" frameborder=\"0\" allowfullscreen><\/iframe><br \/>\n<br \/>Se a ministra quer combater o racismo no esporte, poderia come\u00e7ar por tomar provid\u00eancias em rela\u00e7\u00e3o a um post de uma assessora sua, Marcelle Decoth\u00e9, que chamou s\u00e3o-paulinos de &#8220;torcida branca, descendente de europeu safade (sic). Pior que tudo, pauliste (sic).&#8221;<br \/>\n<br \/><a href=\"https:\/\/www.youtube.com\/watch?v=Y50cOXhcyr8\">source<\/a><\/p>","protected":false},"excerpt":{"rendered":"<p>Se a ministra quer combater o racismo no esporte, poderia come\u00e7ar por tomar provid\u00eancias em rela\u00e7\u00e3o a um post de uma assessora sua, Marcelle Decoth\u00e9, que chamou s\u00e3o-paulinos de &#8220;torcida&hellip;<\/p>","protected":false},"author":1,"featured_media":3464,"comment_status":"","ping_status":"open","sticky":false,"template":"","format":"standard","meta":{"content-type":"","footnotes":""},"categories":[1],"tags":[],"class_list":["post-3463","post","type-post","status-publish","format-standard","has-post-thumbnail","hentry","category-uncategorized"],"_links":{"self":[{"href":"https:\/\/tvbrazilusa.com\/pt\/wp-json\/wp\/v2\/posts\/3463","targetHints":{"allow":["GET"]}}],"collection":[{"href":"https:\/\/tvbrazilusa.com\/pt\/wp-json\/wp\/v2\/posts"}],"about":[{"href":"https:\/\/tvbrazilusa.com\/pt\/wp-json\/wp\/v2\/types\/post"}],"author":[{"embeddable":true,"href":"https:\/\/tvbrazilusa.com\/pt\/wp-json\/wp\/v2\/users\/1"}],"replies":[{"embeddable":true,"href":"https:\/\/tvbrazilusa.com\/pt\/wp-json\/wp\/v2\/comments?post=3463"}],"version-history":[{"count":0,"href":"https:\/\/tvbrazilusa.com\/pt\/wp-json\/wp\/v2\/posts\/3463\/revisions"}],"wp:featuredmedia":[{"embeddable":true,"href":"https:\/\/tvbrazilusa.com\/pt\/wp-json\/wp\/v2\/media\/3464"}],"wp:attachment":[{"href":"https:\/\/tvbrazilusa.com\/pt\/wp-json\/wp\/v2\/media?parent=3463"}],"wp:term":[{"taxonomy":"category","embeddable":true,"href":"https:\/\/tvbrazilusa.com\/pt\/wp-json\/wp\/v2\/categories?post=3463"},{"taxonomy":"post_tag","embeddable":true,"href":"https:\/\/tvbrazilusa.com\/pt\/wp-json\/wp\/v2\/tags?post=3463"}],"curies":[{"name":"wp","href":"https:\/\/api.w.org\/{rel}","templated":true}]}}