{"id":34648,"date":"2024-09-10T00:01:23","date_gmt":"2024-09-10T00:01:23","guid":{"rendered":"https:\/\/tvbrazilusa.com\/2024\/09\/10\/grupo-mateus-e-multado-em-r-1-bilhao-pela-receita-federal\/"},"modified":"2024-09-10T00:01:24","modified_gmt":"2024-09-10T00:01:24","slug":"grupo-mateus-e-multado-em-r-1-bilhao-pela-receita-federal","status":"publish","type":"post","link":"https:\/\/tvbrazilusa.com\/pt\/2024\/09\/10\/grupo-mateus-e-multado-em-r-1-bilhao-pela-receita-federal\/","title":{"rendered":"Grupo Mateus \u00e9 multado em R$ 1 bilh\u00e3o pela Receita Federal"},"content":{"rendered":"<p> <script async src=\"https:\/\/pagead2.googlesyndication.com\/pagead\/js\/adsbygoogle.js?client=ca-pub-8864793242727901\"\r\n     crossorigin=\"anonymous\"><\/script><br \/>\n<\/p>\n<div id=\"conex-1749227266\" data-conex-trackid=\"156799\" data-conex-trackbid=\"1\">\n<p>\u201cNa an\u00e1lise preliminar efetuada pela Companhia e seus assessores, o tema em quest\u00e3o re\u00fane importantes e bons argumentos em favor da defesa da Armaz\u00e9m, de modo que a classifica\u00e7\u00e3o da referida conting\u00eancia \u00e9 de perda \u2018poss\u00edvel\u2019, n\u00e3o havendo necessidade de provisionamento\u201d, ressaltou o grupo.<\/p>\n<p>O Grupo Mateus (GMAT3) esclareceu que o auto de infra\u00e7\u00e3o de R$ 1,059 bilh\u00e3o ainda est\u00e1 em fase administrativa, mas poder\u00e1 ser discutido na esfera judicial.<\/p>\n<p>Al\u00e9m disso, o Grupo Mateus negou qualquer negocia\u00e7\u00e3o de fus\u00e3o com o Assa\u00ed (ASAI3). No domingo (1), a companhia informou que n\u00e3o est\u00e1 em conversas para adquirir a\u00e7\u00f5es da rede de atacarejo Assa\u00ed, conforme rumores apontados por uma publica\u00e7\u00e3o do O Globo no final de semana.<\/p>\n<p>\u201cA companhia permanece focada no seu planejamento estrat\u00e9gico original de expans\u00e3o na Regi\u00e3o Nordeste\u201d, afirmou o Grupo Mateus em fato relevante.<\/p>\n<p>O Assa\u00ed tamb\u00e9m se pronunciou na segunda-feira (2), esclarecendo que \u201cn\u00e3o recebeu ou foi informada de qualquer oferta do Grupo Mateus pelo controle da companhia\u201d.<\/p>\n<p>O controle do Assa\u00ed \u00e9 pulverizado entre os principais acionistas, incluindo Orbis Invest (10%), BlackRock (9,97%), Conifer Management (5,01%) e Wishbone Management (5,01%), conforme dados da empresa.<\/p>\n<p><strong>\u00a0Conex\u00e3o Pol\u00edtica\u00a0<\/strong><\/p>\n<\/div>\n<p><br \/>\n<br \/><a href=\"https:\/\/diariodobrasilnoticias.com.br\/noticia\/grupo-mateus-e-multado-em-r-1-bilhao-pela-receita-federal-66df6e84558de\">Source link <\/a><\/p>","protected":false},"excerpt":{"rendered":"<p>\u201cNa an\u00e1lise preliminar efetuada pela Companhia e seus assessores, o tema em quest\u00e3o re\u00fane importantes e bons argumentos em favor da defesa da Armaz\u00e9m, de modo que a classifica\u00e7\u00e3o da&hellip;<\/p>","protected":false},"author":1,"featured_media":34649,"comment_status":"closed","ping_status":"open","sticky":false,"template":"","format":"standard","meta":{"content-type":"","footnotes":""},"categories":[16],"tags":[123,2448,5313,1267],"class_list":["post-34648","post","type-post","status-publish","format-standard","has-post-thumbnail","hentry","category-noticias","tag-brasil","tag-diario","tag-noticia","tag-noticias"],"_links":{"self":[{"href":"https:\/\/tvbrazilusa.com\/pt\/wp-json\/wp\/v2\/posts\/34648","targetHints":{"allow":["GET"]}}],"collection":[{"href":"https:\/\/tvbrazilusa.com\/pt\/wp-json\/wp\/v2\/posts"}],"about":[{"href":"https:\/\/tvbrazilusa.com\/pt\/wp-json\/wp\/v2\/types\/post"}],"author":[{"embeddable":true,"href":"https:\/\/tvbrazilusa.com\/pt\/wp-json\/wp\/v2\/users\/1"}],"replies":[{"embeddable":true,"href":"https:\/\/tvbrazilusa.com\/pt\/wp-json\/wp\/v2\/comments?post=34648"}],"version-history":[{"count":1,"href":"https:\/\/tvbrazilusa.com\/pt\/wp-json\/wp\/v2\/posts\/34648\/revisions"}],"predecessor-version":[{"id":34650,"href":"https:\/\/tvbrazilusa.com\/pt\/wp-json\/wp\/v2\/posts\/34648\/revisions\/34650"}],"wp:featuredmedia":[{"embeddable":true,"href":"https:\/\/tvbrazilusa.com\/pt\/wp-json\/wp\/v2\/media\/34649"}],"wp:attachment":[{"href":"https:\/\/tvbrazilusa.com\/pt\/wp-json\/wp\/v2\/media?parent=34648"}],"wp:term":[{"taxonomy":"category","embeddable":true,"href":"https:\/\/tvbrazilusa.com\/pt\/wp-json\/wp\/v2\/categories?post=34648"},{"taxonomy":"post_tag","embeddable":true,"href":"https:\/\/tvbrazilusa.com\/pt\/wp-json\/wp\/v2\/tags?post=34648"}],"curies":[{"name":"wp","href":"https:\/\/api.w.org\/{rel}","templated":true}]}}