{"id":34717,"date":"2024-09-10T01:41:43","date_gmt":"2024-09-10T01:41:43","guid":{"rendered":"https:\/\/tvbrazilusa.com\/2024\/09\/10\/o-defensor-dos-veteranos-bill-dudley-recebeu-a-maior-honraria-de-st-augustine-jacksonville-today\/"},"modified":"2024-09-10T01:50:40","modified_gmt":"2024-09-10T01:50:40","slug":"o-defensor-dos-veteranos-bill-dudley-recebeu-a-maior-honraria-de-st-augustine-jacksonville-today","status":"publish","type":"post","link":"https:\/\/tvbrazilusa.com\/pt\/2024\/09\/10\/o-defensor-dos-veteranos-bill-dudley-recebeu-a-maior-honraria-de-st-augustine-jacksonville-today\/","title":{"rendered":"O defensor dos veteranos Bill Dudley recebeu a maior honraria de St. Augustine &#8211; Jacksonville Today"},"content":{"rendered":"<p> <script async src=\"https:\/\/pagead2.googlesyndication.com\/pagead\/js\/adsbygoogle.js?client=ca-pub-8864793242727901\"\r\n     crossorigin=\"anonymous\"><\/script><br \/>\n<\/p>\n<div>\n<p>O defensor de veteranos militares de longa data Bill Dudley foi homenageado na segunda-feira com o pr\u00eamio mais prestigiado de St. Augustine. Dudley recebeu a Ordem de La Florida, uma dedica\u00e7\u00e3o criada pela cidade em 1975 para reconhecer o servi\u00e7o prestado a St. Augustine e comunidades vizinhas.<\/p>\n<p>Dudley, ele pr\u00f3prio um veterano, atua como presidente da <a href=\"https:\/\/veteranscouncilsjc.org\/index.htm\" rel=\"nofollow noopener\" target=\"_blank\">Conselho de Veteranos do Condado de St. Johns<\/a>que recentemente ajudou a transformar uma antiga pousada em um <a href=\"https:\/\/www.staugustine.com\/story\/lifestyle\/2024\/05\/20\/veterans-village-will-offer-affordable-housing-to-veterans\/73775389007\/\" rel=\"nofollow noopener\" target=\"_blank\">habita\u00e7\u00e3o acess\u00edvel <\/a>complexo para veteranos. Ele tamb\u00e9m foi fundamental no estabelecimento do Tribunal de Tratamento de Veteranos do condado e auxilia v\u00e1rios outros grupos e causas de veteranos. <\/p>\n<p>A prefeita de St. Augustine, Nancy Sikes-Kline, que indicou Dudley para o pr\u00eamio, elogiou-o por seu servi\u00e7o aos veteranos locais.<\/p>\n<p>\u201cSeu comprometimento e dedica\u00e7\u00e3o em cuidar do cuidado e bem-estar deles contribuem para a completude e a totalidade de toda esta comunidade que \u00e9 St. Augustine\u201d, disse ela na segunda-feira \u00e0 noite.<\/p>\n<p>Dudley \u00e9 apenas<a href=\"https:\/\/www.citystaug.com\/934\/Order-of-La-Florida-Recipients\" rel=\"nofollow noopener\" target=\"_blank\"> a 25\u00aa pessoa<\/a> St. Augustine \u00e9 reconhecido com a Ordem de La Florida desde que foi criada h\u00e1 quase 50 anos. Os destinat\u00e1rios do pr\u00eamio, diz Sikes-Kline, t\u00eam que demonstrar que deram incansavelmente \u00e0 sua comunidade e devem ter pelo menos 55 anos de idade. Al\u00e9m disso, n\u00e3o mais do que 10 destinat\u00e1rios podem estar vivos ao mesmo tempo, e Dudley \u00e9 o nono portador vivo da Ordem de La Florida.<\/p>\n<p>Outros incluem o ex-presidente do Flagler College, William Proctor, o empres\u00e1rio HL \u201cHerbie\u201d Wiles e Carol Katherine \u201cKay\u201d Kurt Huppi Burtin, uma figura importante na cena art\u00edstica local.<\/p>\n<p>Dudley diz que est\u00e1 honrado em receber o pr\u00eamio, especialmente entre um grupo t\u00e3o estimado de homenageados.<\/p>\n<\/div>\n<p><br \/>\n<br \/><a href=\"https:\/\/jaxtoday.org\/2024\/09\/09\/veterans-advocate-bill-dudley-given-st-augustines-highest-honor\/\">Source link <\/a><\/p>","protected":false},"excerpt":{"rendered":"<p>O defensor de veteranos militares de longa data Bill Dudley foi homenageado na segunda-feira com o pr\u00eamio mais prestigiado de St. Augustine. Dudley recebeu a Ordem de La Florida, uma&hellip;<\/p>","protected":false},"author":1,"featured_media":34718,"comment_status":"closed","ping_status":"open","sticky":false,"template":"","format":"standard","meta":{"content-type":"","footnotes":""},"categories":[1],"tags":[],"class_list":["post-34717","post","type-post","status-publish","format-standard","has-post-thumbnail","hentry","category-uncategorized"],"_links":{"self":[{"href":"https:\/\/tvbrazilusa.com\/pt\/wp-json\/wp\/v2\/posts\/34717","targetHints":{"allow":["GET"]}}],"collection":[{"href":"https:\/\/tvbrazilusa.com\/pt\/wp-json\/wp\/v2\/posts"}],"about":[{"href":"https:\/\/tvbrazilusa.com\/pt\/wp-json\/wp\/v2\/types\/post"}],"author":[{"embeddable":true,"href":"https:\/\/tvbrazilusa.com\/pt\/wp-json\/wp\/v2\/users\/1"}],"replies":[{"embeddable":true,"href":"https:\/\/tvbrazilusa.com\/pt\/wp-json\/wp\/v2\/comments?post=34717"}],"version-history":[{"count":1,"href":"https:\/\/tvbrazilusa.com\/pt\/wp-json\/wp\/v2\/posts\/34717\/revisions"}],"predecessor-version":[{"id":34719,"href":"https:\/\/tvbrazilusa.com\/pt\/wp-json\/wp\/v2\/posts\/34717\/revisions\/34719"}],"wp:featuredmedia":[{"embeddable":true,"href":"https:\/\/tvbrazilusa.com\/pt\/wp-json\/wp\/v2\/media\/34718"}],"wp:attachment":[{"href":"https:\/\/tvbrazilusa.com\/pt\/wp-json\/wp\/v2\/media?parent=34717"}],"wp:term":[{"taxonomy":"category","embeddable":true,"href":"https:\/\/tvbrazilusa.com\/pt\/wp-json\/wp\/v2\/categories?post=34717"},{"taxonomy":"post_tag","embeddable":true,"href":"https:\/\/tvbrazilusa.com\/pt\/wp-json\/wp\/v2\/tags?post=34717"}],"curies":[{"name":"wp","href":"https:\/\/api.w.org\/{rel}","templated":true}]}}