{"id":34739,"date":"2024-09-10T02:44:58","date_gmt":"2024-09-10T02:44:58","guid":{"rendered":"https:\/\/tvbrazilusa.com\/2024\/09\/10\/helicoptero-pega-fogo-apos-cair-em-area-de-mata-em-pernambuco-veja-video\/"},"modified":"2024-09-10T02:44:59","modified_gmt":"2024-09-10T02:44:59","slug":"helicoptero-pega-fogo-apos-cair-em-area-de-mata-em-pernambuco-veja-video","status":"publish","type":"post","link":"https:\/\/tvbrazilusa.com\/pt\/2024\/09\/10\/helicoptero-pega-fogo-apos-cair-em-area-de-mata-em-pernambuco-veja-video\/","title":{"rendered":"Helic\u00f3ptero pega fogo ap\u00f3s cair em \u00e1rea de mata em Pernambuco; VEJA V\u00cdDEO"},"content":{"rendered":"<p> <script async src=\"https:\/\/pagead2.googlesyndication.com\/pagead\/js\/adsbygoogle.js?client=ca-pub-8864793242727901\"\r\n     crossorigin=\"anonymous\"><\/script><br \/>\n<\/p>\n<div id=\"taboola-read-more\" style=\"display:block; width:100%\">\n<p>Duas pessoas morreram na queda de um helic\u00f3ptero na zona rural de Caruaru na tarde desta segunda-feira (9).<\/p>\n<p>Populares que estavam perto da \u00e1rea da queda, uma regi\u00e3o de mata no bairro Nina Liberato, filmaram a aeronave destru\u00edda no ch\u00e3o e em chamas. Uma pessoa sobreviveu ao acidente.(veja v\u00eddeo acima)<\/p>\n<p>\u00a0<\/p>\n<\/p><\/div>\n<p><br \/>\n<br \/><a href=\"https:\/\/diariodobrasilnoticias.com.br\/noticia\/helicoptero-pega-fogo-apos-cair-em-area-de-mata-em-pernambuco-veja-video-66df79128a699\">Source link <\/a><\/p>","protected":false},"excerpt":{"rendered":"<p>Duas pessoas morreram na queda de um helic\u00f3ptero na zona rural de Caruaru na tarde desta segunda-feira (9). Populares que estavam perto da \u00e1rea da queda, uma regi\u00e3o de mata&hellip;<\/p>","protected":false},"author":1,"featured_media":34740,"comment_status":"closed","ping_status":"open","sticky":false,"template":"","format":"standard","meta":{"content-type":"","footnotes":""},"categories":[16],"tags":[123,2448,5313,1267],"class_list":["post-34739","post","type-post","status-publish","format-standard","has-post-thumbnail","hentry","category-noticias","tag-brasil","tag-diario","tag-noticia","tag-noticias"],"_links":{"self":[{"href":"https:\/\/tvbrazilusa.com\/pt\/wp-json\/wp\/v2\/posts\/34739","targetHints":{"allow":["GET"]}}],"collection":[{"href":"https:\/\/tvbrazilusa.com\/pt\/wp-json\/wp\/v2\/posts"}],"about":[{"href":"https:\/\/tvbrazilusa.com\/pt\/wp-json\/wp\/v2\/types\/post"}],"author":[{"embeddable":true,"href":"https:\/\/tvbrazilusa.com\/pt\/wp-json\/wp\/v2\/users\/1"}],"replies":[{"embeddable":true,"href":"https:\/\/tvbrazilusa.com\/pt\/wp-json\/wp\/v2\/comments?post=34739"}],"version-history":[{"count":1,"href":"https:\/\/tvbrazilusa.com\/pt\/wp-json\/wp\/v2\/posts\/34739\/revisions"}],"predecessor-version":[{"id":34741,"href":"https:\/\/tvbrazilusa.com\/pt\/wp-json\/wp\/v2\/posts\/34739\/revisions\/34741"}],"wp:featuredmedia":[{"embeddable":true,"href":"https:\/\/tvbrazilusa.com\/pt\/wp-json\/wp\/v2\/media\/34740"}],"wp:attachment":[{"href":"https:\/\/tvbrazilusa.com\/pt\/wp-json\/wp\/v2\/media?parent=34739"}],"wp:term":[{"taxonomy":"category","embeddable":true,"href":"https:\/\/tvbrazilusa.com\/pt\/wp-json\/wp\/v2\/categories?post=34739"},{"taxonomy":"post_tag","embeddable":true,"href":"https:\/\/tvbrazilusa.com\/pt\/wp-json\/wp\/v2\/tags?post=34739"}],"curies":[{"name":"wp","href":"https:\/\/api.w.org\/{rel}","templated":true}]}}