{"id":34771,"date":"2024-09-10T03:41:46","date_gmt":"2024-09-10T03:41:46","guid":{"rendered":"https:\/\/tvbrazilusa.com\/2024\/09\/10\/james-earl-jones-a-voz-iconica-de-darth-vader-falece-aos-93-anos\/"},"modified":"2024-09-10T03:41:47","modified_gmt":"2024-09-10T03:41:47","slug":"james-earl-jones-a-voz-iconica-de-darth-vader-falece-aos-93-anos","status":"publish","type":"post","link":"https:\/\/tvbrazilusa.com\/pt\/2024\/09\/10\/james-earl-jones-a-voz-iconica-de-darth-vader-falece-aos-93-anos\/","title":{"rendered":"James Earl Jones, a voz ic\u00f4nica de Darth Vader, falece aos 93 anos"},"content":{"rendered":"<p> <script async src=\"https:\/\/pagead2.googlesyndication.com\/pagead\/js\/adsbygoogle.js?client=ca-pub-8864793242727901\"\r\n     crossorigin=\"anonymous\"><\/script><br \/>\n<\/p>\n<div id=\"taboola-read-more\" style=\"display:block; width:100%\">\n<p>James Earl Jones, o aclamado ator que deu voz ao vil\u00e3o Darth Vader em\u00a0<em>Star Wars<\/em>, estrelou o filme\u00a0<em>Campo dos Sonhos<\/em>\u00a0e em in\u00fameras outras produ\u00e7\u00f5es no cinema e na Broadway, al\u00e9m de ser um dos raros vencedores do EGOT, faleceu nesta manh\u00e3 em sua casa no condado de Dutchess, Nova York, aos 93 anos.<\/p>\n<p>A confirma\u00e7\u00e3o foi feita por seus representantes da Independent Artist Group ao site Deadline.<\/p>\n<p>Amplamente considerado um dos maiores atores de teatro e cinema do mundo, Jones faz parte de um seleto grupo de artistas que conquistou o EGOT \u2014 vencendo o Emmy, Grammy, Oscar e Tony. Ele recebeu dois pr\u00eamios Emmy, um Grammy e tr\u00eas pr\u00eamios Tony, al\u00e9m de ter sido homenageado com o Oscar Honor\u00e1rio.<\/p>\n<p>A carreira cinematogr\u00e1fica de Jones come\u00e7ou com o cl\u00e1ssico de Stanley Kubrick\u00a0<em>Dr. Fant\u00e1stico<\/em>\u00a0(1964), e ele continuou a aparecer em alguns dos filmes mais ic\u00f4nicos de todos os tempos. Sua voz como Darth Vader na trilogia original de\u00a0<em>Star Wars<\/em>\u00a0\u00e9, sem d\u00favida, um de seus trabalhos mais conhecidos. Ele tamb\u00e9m reprisou o papel em\u00a0<em>Star Wars: Epis\u00f3dio III \u2013 A Vingan\u00e7a dos Sith<\/em>\u00a0(2005) e em\u00a0<em>Rogue One: Uma Hist\u00f3ria Star Wars<\/em>\u00a0(2016).<\/p>\n<p>Jones tamb\u00e9m deu vida a Mufasa, tanto na anima\u00e7\u00e3o\u00a0<em>O Rei Le\u00e3o<\/em>\u00a0(1994) quanto no remake em live-action de 2019. Al\u00e9m disso, sua voz marcante ficou eternizada na famosa campanha promocional \u201cThis is CNN\u201d, para o canal de not\u00edcias.<\/p>\n<p>Nascido em 17 de janeiro de 1931, em Arkabutla, Mississippi, Jones tem uma vasta lista de cr\u00e9ditos no cinema, incluindo\u00a0<em>Conan, o B\u00e1rbaro<\/em>\u00a0(1982),\u00a0<em>Um Pr\u00edncipe em Nova York<\/em>\u00a0(1988),\u00a0<em>Ca\u00e7ada ao Outubro Vermelho<\/em>\u00a0(1990),\u00a0<em>The Sandlot<\/em>\u00a0(1990),\u00a0<em>Jogos Patri\u00f3ticos<\/em>\u00a0(1992) e\u00a0<em>Quebra de Sigilo<\/em>\u00a0(1992). Ele tamb\u00e9m fez tr\u00eas participa\u00e7\u00f5es na s\u00e9rie\u00a0<em>Os Simpsons<\/em>.<\/p>\n<p>Jones foi indicado ao Oscar de Melhor Ator por sua atua\u00e7\u00e3o em\u00a0<em>A Grande Esperan\u00e7a Branca<\/em>\u00a0(1971) e recebeu um Oscar Honor\u00e1rio em 2012. Com oito indica\u00e7\u00f5es ao Emmy, venceu duas vezes em 1991: Melhor Ator em S\u00e9rie Dram\u00e1tica por\u00a0<em>Gabriel\u2019s Fire<\/em>\u00a0e Melhor Ator Coadjuvante em Miniss\u00e9rie ou Especial por\u00a0<em>Heat Wave<\/em>.<\/p>\n<p>No teatro, Jones tamb\u00e9m teve uma presen\u00e7a imponente na Broadway, sendo indicado quatro vezes ao Tony de Melhor Ator em Pe\u00e7a, vencendo duas: em 1969 por seu papel em\u00a0<em>A Grande Esperan\u00e7a Branca<\/em>\u00a0e em 1987 por sua atua\u00e7\u00e3o como Troy Maxson em\u00a0<em>Cercas<\/em>, de August Wilson. Ele recebeu um Tony Especial na cerim\u00f4nia de 2017.<\/p>\n<p>Seus trabalhos mais recentes na Broadway incluem\u00a0<em>The Gin Game<\/em>\u00a0(2017) e\u00a0<em>You Can\u2019t Take It with You<\/em>\u00a0(2014), al\u00e9m de\u00a0<em>Gore Vidal\u2019s The Best Man<\/em>\u00a0(2012).<\/p>\n<p>Jones tamb\u00e9m foi homenageado pelo Kennedy Center em 2002 e recebeu pr\u00eamios pelo conjunto da obra do SAG-AFTRA em 2009 e do National Board of Review em 1995.<\/p>\n<p><strong>Gazeta Brasil\u00a0<\/strong><\/p>\n<\/p><\/div>\n<p><br \/>\n<br \/><a href=\"https:\/\/diariodobrasilnoticias.com.br\/noticia\/james-earl-jones-a-voz-iconica-de-darth-vader-falece-aos-93-anos-66df7fdcb05fb\">Source link <\/a><\/p>","protected":false},"excerpt":{"rendered":"<p>James Earl Jones, o aclamado ator que deu voz ao vil\u00e3o Darth Vader em\u00a0Star Wars, estrelou o filme\u00a0Campo dos Sonhos\u00a0e em in\u00fameras outras produ\u00e7\u00f5es no cinema e na Broadway, al\u00e9m&hellip;<\/p>","protected":false},"author":1,"featured_media":34772,"comment_status":"closed","ping_status":"open","sticky":false,"template":"","format":"standard","meta":{"content-type":"","footnotes":""},"categories":[16],"tags":[123,2448,5313,1267],"class_list":["post-34771","post","type-post","status-publish","format-standard","has-post-thumbnail","hentry","category-noticias","tag-brasil","tag-diario","tag-noticia","tag-noticias"],"_links":{"self":[{"href":"https:\/\/tvbrazilusa.com\/pt\/wp-json\/wp\/v2\/posts\/34771","targetHints":{"allow":["GET"]}}],"collection":[{"href":"https:\/\/tvbrazilusa.com\/pt\/wp-json\/wp\/v2\/posts"}],"about":[{"href":"https:\/\/tvbrazilusa.com\/pt\/wp-json\/wp\/v2\/types\/post"}],"author":[{"embeddable":true,"href":"https:\/\/tvbrazilusa.com\/pt\/wp-json\/wp\/v2\/users\/1"}],"replies":[{"embeddable":true,"href":"https:\/\/tvbrazilusa.com\/pt\/wp-json\/wp\/v2\/comments?post=34771"}],"version-history":[{"count":1,"href":"https:\/\/tvbrazilusa.com\/pt\/wp-json\/wp\/v2\/posts\/34771\/revisions"}],"predecessor-version":[{"id":34773,"href":"https:\/\/tvbrazilusa.com\/pt\/wp-json\/wp\/v2\/posts\/34771\/revisions\/34773"}],"wp:featuredmedia":[{"embeddable":true,"href":"https:\/\/tvbrazilusa.com\/pt\/wp-json\/wp\/v2\/media\/34772"}],"wp:attachment":[{"href":"https:\/\/tvbrazilusa.com\/pt\/wp-json\/wp\/v2\/media?parent=34771"}],"wp:term":[{"taxonomy":"category","embeddable":true,"href":"https:\/\/tvbrazilusa.com\/pt\/wp-json\/wp\/v2\/categories?post=34771"},{"taxonomy":"post_tag","embeddable":true,"href":"https:\/\/tvbrazilusa.com\/pt\/wp-json\/wp\/v2\/tags?post=34771"}],"curies":[{"name":"wp","href":"https:\/\/api.w.org\/{rel}","templated":true}]}}