{"id":34774,"date":"2024-09-10T03:36:05","date_gmt":"2024-09-10T03:36:05","guid":{"rendered":"https:\/\/tvbrazilusa.com\/2024\/09\/10\/o-que-saber-sobre-a-proxima-harvest-moon\/"},"modified":"2024-09-10T03:48:15","modified_gmt":"2024-09-10T03:48:15","slug":"o-que-saber-sobre-a-proxima-harvest-moon","status":"publish","type":"post","link":"https:\/\/tvbrazilusa.com\/pt\/2024\/09\/10\/o-que-saber-sobre-a-proxima-harvest-moon\/","title":{"rendered":"O que saber sobre a pr\u00f3xima Harvest Moon"},"content":{"rendered":"<p> <script async src=\"https:\/\/pagead2.googlesyndication.com\/pagead\/js\/adsbygoogle.js?client=ca-pub-8864793242727901\"\r\n     crossorigin=\"anonymous\"><\/script><br \/>\n<\/p>\n<div id=\"\">\n<header class=\"m-article-header m-article-header--standard\">\n\t\t\t\t\t\t\t\t\t\t\t\t<span id=\"article-header-primary-term\"><br \/>\n\t\t\t\t\t\t\t\t<a class=\"a-term a-term--primary\" href=\"https:\/\/www.boston.com\/tag\/local-news\/\"><\/p>\n<p>\t\t\t\t\t\t\t\tNot\u00edcias locais\t\t\t\t\t\t\t\t<\/a><br \/>\n\t\t\t\t\t\t\t<\/span><\/p>\n<h2 class=\"m-article-header__sub-headline\">O fen\u00f4meno celeste deste ano dura de 16 a 18 de setembro.<\/h2>\n<figure class=\"a-photo m-article-header__photo\"><figcaption class=\"a-photo__caption\">\n<p>\tA lua cheia nasce sobre os espectadores em um jogo de futebol americano do ensino m\u00e9dio na sexta-feira \u00e0 noite entre Bishop Feehan e North North Attleborough em Bishop Feehan em 2022. <em> Foto por: Barry Chin\/Equipe Globe<\/em>\t<\/figcaption><\/figure>\n<\/header>\n<p>As primeiras folhas est\u00e3o come\u00e7ando a mudar, o tempero de ab\u00f3bora parece estar em todo lugar e <a href=\"https:\/\/www.boston.com\/news\/sports-news\/2024\/09\/05\/kimball-farm-unveils-celtics-themed-corn-maze\/\">labirintos de milho<\/a> est\u00e3o surgindo. Um sinal do in\u00edcio do outono ser\u00e1 ainda mais dif\u00edcil de perder: a Lua da Colheita.<\/p>\n<p>Este ano, a Lua da Colheita durar\u00e1 de 16 a 18 de setembro, <a href=\"https:\/\/www.almanac.com\/what-harvest-moon\">de acordo com o Almanaque do Fazendeiro<\/a>. O equin\u00f3cio de outono ocorre em 22 de setembro.<\/p>\n<h2 class=\"wp-block-heading\" id=\"h-harvest-moon-origins-and-customs\"><strong>Origens e costumes da Harvest Moon<\/strong><\/h2>\n<p>A Lua da Colheita refere-se \u00e0 lua cheia que acontece <a href=\"https:\/\/www.britannica.com\/topic\/harvest-moon-full-moon\">mais pr\u00f3ximo do equin\u00f3cio de outono<\/a>. Por causa da \u00f3rbita da lua nesta \u00e9poca do ano, a lua parecer\u00e1 muito maior do que o normal. A NASA diz que <a href=\"https:\/\/spaceplace.nasa.gov\/full-moons\/en\/#:~:text=When%20this%20happens%2C%20the%20only,red%20in%20the%20night%20sky.\">A Lua da Colheita pode \u00e0s vezes parecer vermelha<\/a> por causa da maneira como o luar brilhante espalha as part\u00edculas atmosf\u00e9ricas.<\/p>\n<p>Esse fen\u00f4meno lunar recebeu esse nome porque os fazendeiros aproveitavam o luar extra brilhante para cultivar at\u00e9 tarde da noite, disse o Almanaque. <\/p>\n<p>Embora haja cerca de 12 luas cheias por ano, a Lua da Colheita \u00e9 especial. Durante o per\u00edodo da Lua da Colheita, a lua nascer\u00e1 aproximadamente no mesmo hor\u00e1rio todos os dias. A Lua da Colheita especificamente nasce no p\u00f4r do sol ou pr\u00f3ximo a ele v\u00e1rias vezes seguidas, disse o Almanac. <\/p>\n<p>A Lua da Colheita \u00e9 celebrada aqui na Am\u00e9rica e em todo o mundo. <a href=\"https:\/\/www.britannica.com\/story\/shine-on-harvest-moon-festival\">Na China<\/a>as pessoas celebram o festival da lua realizando reuni\u00f5es familiares e comendo bolos lunares. <a href=\"https:\/\/www.jrailpass.com\/blog\/tsukimi-harvest-moon-festival#:~:text=It%20is%20thought%20that%20moon%2Dviewing%20parties%20originated,the%201600s%2C%20the%20custom%20had%20become%20popular\">Tradi\u00e7\u00f5es japonesas da Harvest Moon<\/a> envolvem observa\u00e7\u00e3o da lua, recitais de poesia e passeios de barco para ver o reflexo da lua na \u00e1gua.<\/p>\n<h2 class=\"wp-block-heading\" id=\"h-when-you-can-see-the-harvest-moon\"><strong>Quando voc\u00ea pode ver a Lua da Colheita <\/strong><\/h2>\n<p>A Lua da Colheita atingir\u00e1 seu pico em 17 de setembro \u00e0s 22h43, de acordo com o Farmer&#8217;s Almanac. Voc\u00ea poder\u00e1 v\u00ea-la todas as noites de 16 a 18 de setembro. H\u00e1 muitos lugares bons pela cidade para contemplar a lua, da Esplanada ao Common. Voc\u00ea pode tentar uma colheita de cura <a href=\"https:\/\/www.eventbrite.com\/e\/harvest-full-moon-sound-bath-tickets-1001913900447?aff=erelexpmlt\">banho sonoro sob a lua<\/a> em Haverhill, ou talvez pegar um barco e <a href=\"https:\/\/www.stellar-events.org\/event-details-registration\/harvest-moon-cruise-saturday-september-20th\">veja a lua da \u00e1gua <\/a>em Gloucester.  <\/p>\n<p>Quando a Lua da Colheita estiver no seu pico em 17 de setembro, espere uma m\u00e1xima de 81 graus, uma m\u00ednima de 64 e alguma cobertura parcial de nuvens, <a href=\"https:\/\/www.accuweather.com\/en\/us\/boston\/02108\/daily-weather-forecast\/348735\">de acordo com AccuWeather.<\/a><\/p>\n<div class=\"m-block m-generic-cta\t m-generic-cta--post-content\t m-generic-cta--dark\t m-generic-cta--homepage\t m-generic-cta--email-signup\t\t m-generic-cta-block-style--default \tt-amp__generic-cta\"><\/p>\n<div class=\"m-generic-cta__wrap\">\n<div class=\"m-generic-cta__content\">\n<h3 class=\"m-generic-cta__title\">Boston.com Hoje<\/h3>\n<p class=\"m-generic-cta__subtitle\">Inscreva-se para receber as \u00faltimas manchetes na sua caixa de entrada todas as manh\u00e3s.<\/p>\n<\/p><\/div>\n<\/p><\/div>\n<\/div><\/div>\n<p><script>\n\t\tvar consent=\"grant\";\n\t\t\/* The above code is parsing the JSON data from the local storage and storing it in a variable. *\/\n\t\t\t\t\tconst onetrustStorageConsent = JSON.parse(localStorage.getItem( 'consent_one_trust_bdc' ) );\n\t\t\tif ( ( onetrustStorageConsent !== null ) ) {\n\t\t\t\t\/* Checking to see if the user has consented to the use of cookies.\n\t\t\t\t* If they have not, it is deleting the cookie.\n\t\t\t\t* This will comment for now, until further notice.\n\t\t\t\t*\/\n\t\t\t\t\/\/if ( onetrustStorageConsent.C0002 === false ) {\n\t\t\t\t\/\/\tdocument.cookie=\"_fbp=;expires=Thu, 01 Jan 2010 00:00:00 UTC; path=\/; domain=.boston.com\";\n\t\t\t\t\/\/}\n\t\t\t\t\/* Checking if the user has given consent for the cookie C0002.\n\t\t\t\t* If the user has given consent, the variable consent will be set to 'grant'.\n\t\t\t\t* If the user has not given consent,the variable consent will be set to 'revoke'.\n\t\t\t\t* Documentation https:\/\/developers.facebook.com\/docs\/meta-pixel\/implementation\/gdpr\n\t\t\t\t*\/\n\t\t\t\tif ( onetrustStorageConsent.C0002 !== true ) {\n\t\t\t\t\tconsent=\"revoke\";\n\t\t\t\t}\n\t\t\t}\n\t\t\t\t!function(f,b,e,v,n,t,s)\n\t\t{if(f.fbq)return;n=f.fbq=function(){n.callMethod?\n\t\tn.callMethod.apply(n,arguments):n.queue.push(arguments)};\n\t\tif(!f._fbq)f._fbq=n;n.push=n;n.loaded=!0;n.version='2.0';\n\t\tn.queue=[];t=b.createElement(e);t.async=!0;\n\t\tt.src=v;s=b.getElementsByTagName(e)[0];\n\t\ts.parentNode.insertBefore(t,s)}(window, document,'script',\n\t\t'https:\/\/connect.facebook.net\/en_US\/fbevents.js');\n\t\tfbq('consent', consent);\n\t\tfbq('init', '989222871864976');\n\t\tfbq('track', 'PageView');\n\t<\/script><script type=\"module\">\n\t\tvar consent=\"grant\";\n\t\t\/* The above code is parsing the JSON data from the local storage and storing it in a variable. *\/\n\t\t\tconst onetrustStorageConsent = JSON.parse(localStorage.getItem( 'consent_one_trust_bdc' ) );\n\t\t\t\/* Checking to see if the user has consented to the use of cookies.\n\t\t\t* If they have not, it is deleting the cookie.\n\t\t\t* This will comment for now, until further notice.\n\t\t\t*\/\n\t\t\t\/\/if ( onetrustStorageConsent.C0002 === false ) {\n\t\t\t\/\/\tdocument.cookie=\"_fbp=;expires=Thu, 01 Jan 2010 00:00:00 UTC; path=\/; domain=.boston.com\";\n\t\t\t\/\/}\n\t\t\t\/* Checking if the user has given consent for the cookie C0002.\n\t\t\t* If the user has given consent, the variable consent will be set to 'grant'.\n\t\t\t* If the user has not given consent,the variable consent will be set to 'revoke'.\n\t\t\t* Documentation https:\/\/developers.facebook.com\/docs\/meta-pixel\/implementation\/gdpr\n\t\t\t*\/\n\t\t\tif ( ( onetrustStorageConsent !== null ) && (onetrustStorageConsent.C0002 !== true ) ) {\n\t\t\t\tconsent=\"revoke\";\n\t\t\t}\n\t\t\t\t!function(f,b,e,v,n,t,s){if(f.fbq)return;n=f.fbq=function()\n\t\t{n.callMethod? n.callMethod.apply(n,arguments):n.queue.push(arguments)}\n\t\t;if(!f._fbq)f._fbq=n;\n\t\tn.push=n;n.loaded=!0;n.version='2.0';n.queue=[];t=b.createElement(e);t.async=!0;\n\t\tt.src=v;s=b.getElementsByTagName(e)[0];s.parentNode.insertBefore(t,s)}(window,\n\t\tdocument,'script','https:\/\/connect.facebook.net\/en_US\/fbevents.js');\n\t\tfbq('consent', consent);\n\t\tfbq('init', '813236348753005');\n\t\tfbq('track', \"PageView\");\n\t<\/script><br \/>\n<br \/><br \/>\n<br \/><a href=\"https:\/\/www.boston.com\/news\/local-news\/2024\/09\/09\/what-to-know-about-the-upcoming-harvest-moon\/\">Source link <\/a><\/p>","protected":false},"excerpt":{"rendered":"<p>Not\u00edcias locais O fen\u00f4meno celeste deste ano dura de 16 a 18 de setembro. A lua cheia nasce sobre os espectadores em um jogo de futebol americano do ensino m\u00e9dio&hellip;<\/p>","protected":false},"author":1,"featured_media":34775,"comment_status":"closed","ping_status":"open","sticky":false,"template":"","format":"standard","meta":{"content-type":"","footnotes":""},"categories":[1],"tags":[],"class_list":["post-34774","post","type-post","status-publish","format-standard","has-post-thumbnail","hentry","category-uncategorized"],"_links":{"self":[{"href":"https:\/\/tvbrazilusa.com\/pt\/wp-json\/wp\/v2\/posts\/34774","targetHints":{"allow":["GET"]}}],"collection":[{"href":"https:\/\/tvbrazilusa.com\/pt\/wp-json\/wp\/v2\/posts"}],"about":[{"href":"https:\/\/tvbrazilusa.com\/pt\/wp-json\/wp\/v2\/types\/post"}],"author":[{"embeddable":true,"href":"https:\/\/tvbrazilusa.com\/pt\/wp-json\/wp\/v2\/users\/1"}],"replies":[{"embeddable":true,"href":"https:\/\/tvbrazilusa.com\/pt\/wp-json\/wp\/v2\/comments?post=34774"}],"version-history":[{"count":1,"href":"https:\/\/tvbrazilusa.com\/pt\/wp-json\/wp\/v2\/posts\/34774\/revisions"}],"predecessor-version":[{"id":34776,"href":"https:\/\/tvbrazilusa.com\/pt\/wp-json\/wp\/v2\/posts\/34774\/revisions\/34776"}],"wp:featuredmedia":[{"embeddable":true,"href":"https:\/\/tvbrazilusa.com\/pt\/wp-json\/wp\/v2\/media\/34775"}],"wp:attachment":[{"href":"https:\/\/tvbrazilusa.com\/pt\/wp-json\/wp\/v2\/media?parent=34774"}],"wp:term":[{"taxonomy":"category","embeddable":true,"href":"https:\/\/tvbrazilusa.com\/pt\/wp-json\/wp\/v2\/categories?post=34774"},{"taxonomy":"post_tag","embeddable":true,"href":"https:\/\/tvbrazilusa.com\/pt\/wp-json\/wp\/v2\/tags?post=34774"}],"curies":[{"name":"wp","href":"https:\/\/api.w.org\/{rel}","templated":true}]}}