{"id":34780,"date":"2024-09-10T03:55:59","date_gmt":"2024-09-10T03:55:59","guid":{"rendered":"https:\/\/tvbrazilusa.com\/2024\/09\/10\/agu-recorre-da-decisao-do-tcu-que-autoriza-presidentes-a-incluir-presentes-em-seu-acervo-pessoal\/"},"modified":"2024-09-10T03:55:59","modified_gmt":"2024-09-10T03:55:59","slug":"agu-recorre-da-decisao-do-tcu-que-autoriza-presidentes-a-incluir-presentes-em-seu-acervo-pessoal","status":"publish","type":"post","link":"https:\/\/tvbrazilusa.com\/pt\/2024\/09\/10\/agu-recorre-da-decisao-do-tcu-que-autoriza-presidentes-a-incluir-presentes-em-seu-acervo-pessoal\/","title":{"rendered":"AGU recorre da decis\u00e3o do TCU que autoriza presidentes a incluir presentes em seu acervo pessoal"},"content":{"rendered":"<p> <script async src=\"https:\/\/pagead2.googlesyndication.com\/pagead\/js\/adsbygoogle.js?client=ca-pub-8864793242727901\"\r\n     crossorigin=\"anonymous\"><\/script><br \/>\n<\/p>\n<div id=\"taboola-read-more\" style=\"display:block; width:100%\">\n<p>A Advocacia-Geral da Uni\u00e3o (AGU) solicitou ao Tribunal de Contas da Uni\u00e3o (TCU) uma reavalia\u00e7\u00e3o da decis\u00e3o que considera n\u00e3o haver uma norma clara sobre os crit\u00e9rios para a incorpora\u00e7\u00e3o de presentes recebidos por presidentes ao patrim\u00f4nio p\u00fablico.<\/p>\n<p>A AGU argumenta que essa interpreta\u00e7\u00e3o prejudica o interesse p\u00fablico, desrespeita os princ\u00edpios da razoabilidade e da moralidade administrativa, e afeta negativamente o patrim\u00f4nio cultural da Uni\u00e3o.<\/p>\n<p>Segundo a AGU, a decis\u00e3o do TCU pode permitir a devolu\u00e7\u00e3o de presentes j\u00e1 incorporados ao patrim\u00f4nio da Uni\u00e3o aos ex-presidentes, o que causaria um efeito retroativo indesejado.<\/p>\n<p>Em agosto, o TCU decidiu que Lula n\u00e3o precisa devolver um rel\u00f3gio de luxo recebido da Cartier em 2005, durante seu 1\u00ba mandato. Essa decis\u00e3o pode influenciar o tratamento das joias sauditas recebidas pelo ex-presidente Jair Bolsonaro.<\/p>\n<p>O julgamento do caso do rel\u00f3gio de Lula foi decidido por maioria no TCU, com 5 votos a 3, seguindo o voto do ministro Jorge Oliveira, ex-secret\u00e1rio-geral da Presid\u00eancia no Governo Bolsonaro. Oliveira argumentou que a falta de uma norma espec\u00edfica sobre o tratamento de presentes recebidos por presidentes isenta Lula da devolu\u00e7\u00e3o do rel\u00f3gio. Segundo ele, uma norma desse tipo deve ser prevista em lei, uma compet\u00eancia do Congresso.<\/p>\n<p>Em 2016, o TCU havia estabelecido diretrizes para bens de alto valor recebidos por autoridades, determinando que esses itens deveriam ser incorporados ao acervo da Uni\u00e3o, em vez de se tornarem patrim\u00f4nio particular do presidente ap\u00f3s o mandato.<\/p>\n<p>No entanto, Oliveira defendeu que essa quest\u00e3o n\u00e3o \u00e9 compet\u00eancia da Corte. A decis\u00e3o de 2023, que exigiu a devolu\u00e7\u00e3o das joias dadas pelo governo da Ar\u00e1bia Saudita a Jair Bolsonaro, baseou-se nessa norma.<\/p>\n<p>A AGU destaca que a Constitui\u00e7\u00e3o considera bens da Uni\u00e3o aqueles que lhe pertencem atualmente e os que lhe forem atribu\u00eddos, incluindo presentes recebidos por chefes de Estado. Al\u00e9m disso, a legisla\u00e7\u00e3o prev\u00ea procedimentos de transpar\u00eancia e controle sobre o acervo da Presid\u00eancia, indicando que tais itens n\u00e3o devem ser tratados como propriedade pessoal do presidente.<\/p>\n<p>A Unidade de Auditoria Especializada em Governan\u00e7a e Inova\u00e7\u00e3o do TCU identificou que o rel\u00f3gio n\u00e3o foi presenteado por um chefe de Estado, mas pela pr\u00f3pria fabricante, o que exclui o item das diretrizes de incorpora\u00e7\u00e3o ao patrim\u00f4nio p\u00fablico.<\/p>\n<p>A instru\u00e7\u00e3o t\u00e9cnica tamb\u00e9m concluiu que, conforme a jurisprud\u00eancia de 2005, o rel\u00f3gio deveria ser classificado como bem de natureza personal\u00edssima.<\/p>\n<p>A Secretaria Especial para Assuntos Jur\u00eddicos da Presid\u00eancia informou \u00e0 AGU que Lula n\u00e3o tem interesse em recorrer da decis\u00e3o do TCU, uma vez que a decis\u00e3o n\u00e3o afeta diretamente sua esfera particular.<\/p>\n<p><strong>Gazeta Brasil<\/strong><\/p>\n<\/p><\/div>\n<p><br \/>\n<br \/><a href=\"https:\/\/diariodobrasilnoticias.com.br\/noticia\/agu-recorre-da-decisao-do-tcu-que-autoriza-presidentes-a-incluir-presentes-em-seu-acervo-pessoal-66df8077a4043\">Source link <\/a><\/p>","protected":false},"excerpt":{"rendered":"<p>A Advocacia-Geral da Uni\u00e3o (AGU) solicitou ao Tribunal de Contas da Uni\u00e3o (TCU) uma reavalia\u00e7\u00e3o da decis\u00e3o que considera n\u00e3o haver uma norma clara sobre os crit\u00e9rios para a incorpora\u00e7\u00e3o&hellip;<\/p>","protected":false},"author":1,"featured_media":34781,"comment_status":"closed","ping_status":"open","sticky":false,"template":"","format":"standard","meta":{"content-type":"","footnotes":""},"categories":[16],"tags":[123,2448,5313,1267],"class_list":["post-34780","post","type-post","status-publish","format-standard","has-post-thumbnail","hentry","category-noticias","tag-brasil","tag-diario","tag-noticia","tag-noticias"],"_links":{"self":[{"href":"https:\/\/tvbrazilusa.com\/pt\/wp-json\/wp\/v2\/posts\/34780","targetHints":{"allow":["GET"]}}],"collection":[{"href":"https:\/\/tvbrazilusa.com\/pt\/wp-json\/wp\/v2\/posts"}],"about":[{"href":"https:\/\/tvbrazilusa.com\/pt\/wp-json\/wp\/v2\/types\/post"}],"author":[{"embeddable":true,"href":"https:\/\/tvbrazilusa.com\/pt\/wp-json\/wp\/v2\/users\/1"}],"replies":[{"embeddable":true,"href":"https:\/\/tvbrazilusa.com\/pt\/wp-json\/wp\/v2\/comments?post=34780"}],"version-history":[{"count":1,"href":"https:\/\/tvbrazilusa.com\/pt\/wp-json\/wp\/v2\/posts\/34780\/revisions"}],"predecessor-version":[{"id":34782,"href":"https:\/\/tvbrazilusa.com\/pt\/wp-json\/wp\/v2\/posts\/34780\/revisions\/34782"}],"wp:featuredmedia":[{"embeddable":true,"href":"https:\/\/tvbrazilusa.com\/pt\/wp-json\/wp\/v2\/media\/34781"}],"wp:attachment":[{"href":"https:\/\/tvbrazilusa.com\/pt\/wp-json\/wp\/v2\/media?parent=34780"}],"wp:term":[{"taxonomy":"category","embeddable":true,"href":"https:\/\/tvbrazilusa.com\/pt\/wp-json\/wp\/v2\/categories?post=34780"},{"taxonomy":"post_tag","embeddable":true,"href":"https:\/\/tvbrazilusa.com\/pt\/wp-json\/wp\/v2\/tags?post=34780"}],"curies":[{"name":"wp","href":"https:\/\/api.w.org\/{rel}","templated":true}]}}