{"id":3479,"date":"2023-09-24T14:16:30","date_gmt":"2023-09-24T14:16:30","guid":{"rendered":"https:\/\/tvbrazilusa.com\/2023\/09\/24\/estudante-homem-que-se-identifica-como-mulher-deve-frequentar-banheiro-feminino-nas-escolas\/"},"modified":"2023-09-24T14:16:30","modified_gmt":"2023-09-24T14:16:30","slug":"estudante-homem-que-se-identifica-como-mulher-deve-frequentar-banheiro-feminino-nas-escolas","status":"publish","type":"post","link":"https:\/\/tvbrazilusa.com\/pt\/2023\/09\/24\/estudante-homem-que-se-identifica-como-mulher-deve-frequentar-banheiro-feminino-nas-escolas\/","title":{"rendered":"Estudante homem que se &#8216;identifica&#8217; como mulher deve frequentar banheiro feminino nas escolas?"},"content":{"rendered":"<p><iframe  width=\"580\" height=\"385\" src=\"https:\/\/www.youtube.com\/embed\/UjN_COolNf8?modestbranding=1\" frameborder=\"0\" allowfullscreen><\/iframe><br \/>\n<br \/>Paulo Pimenta, do Minist\u00e9rio de Propaganda do regime, afirmou nesta rede social que &#8220;mentir \u00e9 crime&#8221;, amea\u00e7ando persegui\u00e7\u00e3o aos parlamentares da oposi\u00e7\u00e3o que denunciam resolu\u00e7\u00e3o de conselho do Minist\u00e9rio dos Direitos Humanos, recomendando acesso aos banheiros escolares por identidade de g\u00eanero.<\/p>\n<p>Em primeiro lugar, se mentir fosse crime, o PT nem existiria mais. N\u00e3o podemos esquecer que o pr\u00f3prio Pimenta divulgou document\u00e1rio sugerindo que a facada em Bolsonaro foi &#8220;fake&#8221;, durante o processo eleitoral.<\/p>\n<p>Mas Pimenta pode ficar tranquilho. N\u00e3o existe nenhum artigo no c\u00f3digo penal que criminalize a mentira, per se.<\/p>\n<p>Mas h\u00e1 alguns sobre falsa imputa\u00e7\u00e3o de crime, por exemplo. E h\u00e1 a possibilidade do presidente Bolsonaro processar Pimenta, caso se sentia difamado pela alega\u00e7\u00e3o.<\/p>\n<p>Voltando \u00e0 resolu\u00e7\u00e3o, ela \u00e9 muita clara e determina que escolas garantam acesso por identidade de g\u00eanero. Ou seja, se um homem se identifica como mulher, deve ter acesso ao banheiro feminino.<\/p>\n<p>Os esquerdistas alegam que a resolu\u00e7\u00e3o n\u00e3o tem for\u00e7a de lei, mas de &#8220;recomenda\u00e7\u00e3o&#8221;. S\u00f3 que a mesma resolu\u00e7\u00e3o traz o seguinte artigo: <\/p>\n<p>&#8220;Nos casos em que as institui\u00e7\u00f5es de ensino estiverem atuando para impedir o acesso ou negarem, seja a garantia do uso do nome social e\/ou o acesso a banheiros e espa\u00e7os segregados por g\u00eanero de acordo com a identidade e\/ou express\u00e3o de g\u00eanero do\/da estudante, orientamos aos pais e respons\u00e1veis legais que efetivem den\u00fancias para os \u00f3rg\u00e3os de prote\u00e7\u00e3o \u00e0s crian\u00e7as e adolescentes.&#8221;<\/p>\n<p>Se voc\u00ea fosse um diretor de escola e recebesse essa resolu\u00e7\u00e3o, o que voc\u00ea faria?<\/p>\n<p>O objetivo desse regime totalit\u00e1rio lulopetista n\u00e3o \u00e9 debater e se explicar. \u00c9 calar e perseguir a oposi\u00e7\u00e3o. <\/p>\n<p>Em tempo, o ministro dos &#8220;Direitos Humanos&#8221;, outro extremista de esquerda, tamb\u00e9m est\u00e1 amea\u00e7ando a oposi\u00e7\u00e3o e negando a realidade da resolu\u00e7\u00e3o.<br \/>\n<br \/><a href=\"https:\/\/www.youtube.com\/watch?v=UjN_COolNf8\">source<\/a><\/p>","protected":false},"excerpt":{"rendered":"<p>Paulo Pimenta, do Minist\u00e9rio de Propaganda do regime, afirmou nesta rede social que &#8220;mentir \u00e9 crime&#8221;, amea\u00e7ando persegui\u00e7\u00e3o aos parlamentares da oposi\u00e7\u00e3o que denunciam resolu\u00e7\u00e3o de conselho do Minist\u00e9rio dos&hellip;<\/p>","protected":false},"author":1,"featured_media":3480,"comment_status":"","ping_status":"open","sticky":false,"template":"","format":"standard","meta":{"content-type":"","footnotes":""},"categories":[1],"tags":[],"class_list":["post-3479","post","type-post","status-publish","format-standard","has-post-thumbnail","hentry","category-uncategorized"],"_links":{"self":[{"href":"https:\/\/tvbrazilusa.com\/pt\/wp-json\/wp\/v2\/posts\/3479","targetHints":{"allow":["GET"]}}],"collection":[{"href":"https:\/\/tvbrazilusa.com\/pt\/wp-json\/wp\/v2\/posts"}],"about":[{"href":"https:\/\/tvbrazilusa.com\/pt\/wp-json\/wp\/v2\/types\/post"}],"author":[{"embeddable":true,"href":"https:\/\/tvbrazilusa.com\/pt\/wp-json\/wp\/v2\/users\/1"}],"replies":[{"embeddable":true,"href":"https:\/\/tvbrazilusa.com\/pt\/wp-json\/wp\/v2\/comments?post=3479"}],"version-history":[{"count":0,"href":"https:\/\/tvbrazilusa.com\/pt\/wp-json\/wp\/v2\/posts\/3479\/revisions"}],"wp:featuredmedia":[{"embeddable":true,"href":"https:\/\/tvbrazilusa.com\/pt\/wp-json\/wp\/v2\/media\/3480"}],"wp:attachment":[{"href":"https:\/\/tvbrazilusa.com\/pt\/wp-json\/wp\/v2\/media?parent=3479"}],"wp:term":[{"taxonomy":"category","embeddable":true,"href":"https:\/\/tvbrazilusa.com\/pt\/wp-json\/wp\/v2\/categories?post=3479"},{"taxonomy":"post_tag","embeddable":true,"href":"https:\/\/tvbrazilusa.com\/pt\/wp-json\/wp\/v2\/tags?post=3479"}],"curies":[{"name":"wp","href":"https:\/\/api.w.org\/{rel}","templated":true}]}}