{"id":34836,"date":"2024-09-10T11:06:08","date_gmt":"2024-09-10T11:06:08","guid":{"rendered":"https:\/\/tvbrazilusa.com\/2024\/09\/10\/com-a-pressao-da-inflacao-a-selic-pode-ser-elevada-na-proxima-semana\/"},"modified":"2024-09-10T11:06:09","modified_gmt":"2024-09-10T11:06:09","slug":"com-a-pressao-da-inflacao-a-selic-pode-ser-elevada-na-proxima-semana","status":"publish","type":"post","link":"https:\/\/tvbrazilusa.com\/pt\/2024\/09\/10\/com-a-pressao-da-inflacao-a-selic-pode-ser-elevada-na-proxima-semana\/","title":{"rendered":"Com a press\u00e3o da infla\u00e7\u00e3o, a Selic pode ser elevada na pr\u00f3xima semana"},"content":{"rendered":"<p> <script async src=\"https:\/\/pagead2.googlesyndication.com\/pagead\/js\/adsbygoogle.js?client=ca-pub-8864793242727901\"\r\n     crossorigin=\"anonymous\"><\/script><br \/>\n<\/p>\n<div id=\"taboola-read-more\" style=\"display:block; width:100%\">\n<p>H\u00e1 indica\u00e7\u00f5es de que a taxa b\u00e1sica de juros, a Selic, vai aumentar na semana que vem, na reuni\u00e3o do Comit\u00ea de Pol\u00edtica Monet\u00e1ria (Copom), porque h\u00e1 muita press\u00e3o inflacion\u00e1ria em cima. A Selic est\u00e1 em 10,5% e pode ir para 10,75%. E at\u00e9 o fim do ano pode subir mais ainda, porque depois vir\u00e3o as press\u00f5es inflacion\u00e1rias naturais de fim de ano.<\/p>\n<p>O Banco Central est\u00e1 de olho porque a meta da infla\u00e7\u00e3o \u00e9 3%, mas admite at\u00e9 4,5%, e j\u00e1 est\u00e1 chegando perto disso. Ent\u00e3o \u00e9 preciso dar uma \u201carrochada\u201d, porque o BC ganhou autonomia e independ\u00eancia para proteger a moeda e o cr\u00e9dito. Se n\u00e3o protege a moeda, ela se desvaloriza no nosso bolso. Recebemos 100 no in\u00edcio do m\u00eas, mas quando chega o fim do m\u00eas temos 95 e perdemos 5 para a infla\u00e7\u00e3o. \u00c9 assim que funciona.<\/p>\n<p><strong>Mais um pedido de impeachment de Alexandre de Moraes no Senado <\/strong><br \/>Tivemos a entrega de mais um pedido de impeachment do ministro do Supremo Tribunal Federal (STF) Alexandre de Moraes. Ele \u00e9 o campe\u00e3o desses pedidos. Mas o presidente do Senado n\u00e3o tem prazo para botar isso em exame, n\u00e3o tem nenhuma exig\u00eancia a esse respeito, isso \u00e9 um problema. Se ele puser em discuss\u00e3o, a\u00ed come\u00e7am a correr os prazos: uma comiss\u00e3o de 21 senadores tem dez dias para fazer ou n\u00e3o o indiciamento. Depois, o plen\u00e1rio decide se aceita ou n\u00e3o o indiciamento. Aceitando, o processo volta para a comiss\u00e3o, que tem mais dez dias para fazer a den\u00fancia e convoca o indiciado para falar. S\u00f3 depois ocorre o julgamento, que \u00e9 presidido pelo presidente do Supremo. Isso \u00e9 estranho: o presidente de um tribunal preside o julgamento de um integrante do mesmo tribunal.<\/p>\n<p>E temos um problema, do qual eu j\u00e1 falei: artigo 52 versus artigo 102 da Constitui\u00e7\u00e3o. O artigo 52 diz que compete privativamente ao Senado, aos senadores, julgar e processar os ministros do Supremo. E o artigo 102 diz que compete ao Supremo julgar os senadores. Temos um empate a\u00ed, duas for\u00e7as que se neutralizam, se imaginarmos as leis de f\u00edsica. Eu j\u00e1 chamei aten\u00e7\u00e3o para disso. A est\u00e1tua da Justi\u00e7a que est\u00e1 na frente do Supremo n\u00e3o tem a balan\u00e7a, s\u00f3 tem a espada.<\/p>\n<p><strong>Esquerda promete trabalhar contra anistia aos perseguidos pol\u00edticos <\/strong><br \/>Nesta ter\u00e7a-feira a Comiss\u00e3o de Constitui\u00e7\u00e3o e Justi\u00e7a (CCJ) da C\u00e2mara dos Deputados vai tentar votar um projeto de lei de anistia. A esquerda, como diz o deputado do PCdoB Orlando Silva, vai tentar obstruir a vota\u00e7\u00e3o para n\u00e3o dar anistia a ningu\u00e9m. E nem \u00e9 quest\u00e3o de anistia, mas de anular o que come\u00e7ou nulo. Esse inqu\u00e9rito, que j\u00e1 tem 2 mil dias, come\u00e7ou no Supremo na m\u00e3o de um juiz quando deveria ter come\u00e7ado por iniciativa do Minist\u00e9rio P\u00fablico, na primeira inst\u00e2ncia. Mas o Supremo \u00e9 o queixoso que abriu o inqu\u00e9rito e est\u00e1 investigando. N\u00e3o faz sentido. \u00c9 muito mais f\u00e1cil, muito mais justo, muito mais condizente com o devido processo legal anular esses inqu\u00e9ritos todos.<\/p>\n<p><strong>Com que dinheiro as For\u00e7as Armadas v\u00e3o ajudar nas elei\u00e7\u00f5es? <\/strong><br \/>O presidente Lula est\u00e1 dizendo que assinou um decreto autorizando a Justi\u00e7a Eleitoral a usar as For\u00e7as Armadas para proteger as urnas e as elei\u00e7\u00f5es. Mas isso custa dinheiro, e as For\u00e7as Armadas est\u00e3o t\u00e3o carentes de recursos que em muitos lugares est\u00e1 proibido at\u00e9 usar ar-condicionado, o elevador foi desativado, coisas assim. Ainda bem que n\u00f3s n\u00e3o temos nenhum inimigo potencial, a n\u00e3o ser as incomoda\u00e7\u00f5es com Nicol\u00e1s Maduro \u2013 que n\u00e3o s\u00e3o nem incomoda\u00e7\u00f5es, mas s\u00e3o preocupa\u00e7\u00f5es s\u00e9rias. Ainda bem que ele aliviou o cerco na embaixada argentina que est\u00e1 sob cust\u00f3dia do Brasil, porque o assunto estava muito s\u00e9rio, muito perigoso, muito sens\u00edvel. Estava em cima do fio da navalha.<\/p>\n<p>Fonte: Gazeta Brasil<\/p>\n<\/p><\/div>\n<p><br \/>\n<br \/><a href=\"https:\/\/diariodobrasilnoticias.com.br\/noticia\/com-a-pressao-da-inflacao-a-selic-pode-ser-elevada-na-proxima-semana-66e02735ae7af\">Source link <\/a><\/p>","protected":false},"excerpt":{"rendered":"<p>H\u00e1 indica\u00e7\u00f5es de que a taxa b\u00e1sica de juros, a Selic, vai aumentar na semana que vem, na reuni\u00e3o do Comit\u00ea de Pol\u00edtica Monet\u00e1ria (Copom), porque h\u00e1 muita press\u00e3o inflacion\u00e1ria&hellip;<\/p>","protected":false},"author":1,"featured_media":34837,"comment_status":"closed","ping_status":"open","sticky":false,"template":"","format":"standard","meta":{"content-type":"","footnotes":""},"categories":[16],"tags":[123,2448,5313,1267],"class_list":["post-34836","post","type-post","status-publish","format-standard","has-post-thumbnail","hentry","category-noticias","tag-brasil","tag-diario","tag-noticia","tag-noticias"],"_links":{"self":[{"href":"https:\/\/tvbrazilusa.com\/pt\/wp-json\/wp\/v2\/posts\/34836","targetHints":{"allow":["GET"]}}],"collection":[{"href":"https:\/\/tvbrazilusa.com\/pt\/wp-json\/wp\/v2\/posts"}],"about":[{"href":"https:\/\/tvbrazilusa.com\/pt\/wp-json\/wp\/v2\/types\/post"}],"author":[{"embeddable":true,"href":"https:\/\/tvbrazilusa.com\/pt\/wp-json\/wp\/v2\/users\/1"}],"replies":[{"embeddable":true,"href":"https:\/\/tvbrazilusa.com\/pt\/wp-json\/wp\/v2\/comments?post=34836"}],"version-history":[{"count":1,"href":"https:\/\/tvbrazilusa.com\/pt\/wp-json\/wp\/v2\/posts\/34836\/revisions"}],"predecessor-version":[{"id":34838,"href":"https:\/\/tvbrazilusa.com\/pt\/wp-json\/wp\/v2\/posts\/34836\/revisions\/34838"}],"wp:featuredmedia":[{"embeddable":true,"href":"https:\/\/tvbrazilusa.com\/pt\/wp-json\/wp\/v2\/media\/34837"}],"wp:attachment":[{"href":"https:\/\/tvbrazilusa.com\/pt\/wp-json\/wp\/v2\/media?parent=34836"}],"wp:term":[{"taxonomy":"category","embeddable":true,"href":"https:\/\/tvbrazilusa.com\/pt\/wp-json\/wp\/v2\/categories?post=34836"},{"taxonomy":"post_tag","embeddable":true,"href":"https:\/\/tvbrazilusa.com\/pt\/wp-json\/wp\/v2\/tags?post=34836"}],"curies":[{"name":"wp","href":"https:\/\/api.w.org\/{rel}","templated":true}]}}