{"id":34845,"date":"2024-09-10T11:35:49","date_gmt":"2024-09-10T11:35:49","guid":{"rendered":"https:\/\/tvbrazilusa.com\/2024\/09\/10\/urgente-governo-lula-e-condenado-a-indenizar-bolsonaro-e-michelle-por-acusacoes-sobre-moveis-desaparecidos\/"},"modified":"2024-09-10T11:35:50","modified_gmt":"2024-09-10T11:35:50","slug":"urgente-governo-lula-e-condenado-a-indenizar-bolsonaro-e-michelle-por-acusacoes-sobre-moveis-desaparecidos","status":"publish","type":"post","link":"https:\/\/tvbrazilusa.com\/pt\/2024\/09\/10\/urgente-governo-lula-e-condenado-a-indenizar-bolsonaro-e-michelle-por-acusacoes-sobre-moveis-desaparecidos\/","title":{"rendered":"URGENTE: Governo Lula \u00e9 condenado a indenizar Bolsonaro e Michelle por acusa\u00e7\u00f5es sobre m\u00f3veis &#8216;desaparecidos&#8217;"},"content":{"rendered":"<p> <script async src=\"https:\/\/pagead2.googlesyndication.com\/pagead\/js\/adsbygoogle.js?client=ca-pub-8864793242727901\"\r\n     crossorigin=\"anonymous\"><\/script><br \/>\n<\/p>\n<div id=\"taboola-read-more\" style=\"display:block; width:100%\">\n<p>A Justi\u00e7a Federal determinou que o governo federal pague uma indeniza\u00e7\u00e3o de R$ 15 mil ao ex-presidente Jair Bolsonaro (PL) e \u00e0 ex-primeira-dama Michelle Bolsonaro, devido \u00e0s acusa\u00e7\u00f5es de desaparecimento de m\u00f3veis do Pal\u00e1cio da Alvorada. A decis\u00e3o, proferida pela 17\u00aa Vara Federal, se refere ao caso dos 261 itens que, inicialmente dados como perdidos, foram encontrados dentro da pr\u00f3pria resid\u00eancia oficial. A Advocacia-Geral da Uni\u00e3o (AGU) j\u00e1 afirmou que recorrer\u00e1 da senten\u00e7a. A informa\u00e7\u00e3o foi divulgada inicialmente pelo jornal\u00a0<em>O Estado de S. Paulo<\/em>\u00a0e confirmada pela\u00a0<em>Gazeta Brasil<\/em>.<\/p>\n<p>O caso remonta ao in\u00edcio de 2023, quando o atual presidente Luiz In\u00e1cio Lula da Silva (PT) e a primeira-dama Ros\u00e2ngela da Silva, conhecida como Janja, alegaram que diversos itens do Pal\u00e1cio haviam desaparecido ap\u00f3s a sa\u00edda de Bolsonaro e Michelle. O epis\u00f3dio levou \u00e0 compra de m\u00f3veis novos para a resid\u00eancia oficial, sob a justificativa de que os objetos estavam ausentes. Entretanto, ap\u00f3s uma s\u00e9rie de vistorias realizadas ao longo do ano, os m\u00f3veis foram encontrados dentro de diferentes \u00e1reas do Pal\u00e1cio.<\/p>\n<p>De acordo com a Secretaria de Comunica\u00e7\u00e3o Social da Presid\u00eancia (Secom), os itens foram localizados ap\u00f3s tr\u00eas inspe\u00e7\u00f5es, sendo a \u00faltima realizada em setembro, que confirmou que nenhum item havia sido retirado indevidamente pelo casal Bolsonaro. No entanto, a Secom apontou que os m\u00f3veis teriam sido deixados em \u201csitua\u00e7\u00e3o de descaso\u201d.<\/p>\n<p>Durante o per\u00edodo de transi\u00e7\u00e3o de governo, Lula e Janja criticaram as condi\u00e7\u00f5es da resid\u00eancia, alegando que, al\u00e9m dos m\u00f3veis, livros, utens\u00edlios dom\u00e9sticos e obras de arte estariam \u201cdesaparecidos\u201d. Como resultado, Lula e sua equipe passaram o primeiro m\u00eas do mandato hospedados em um hotel no centro de Bras\u00edlia, at\u00e9 que a situa\u00e7\u00e3o no Alvorada fosse resolvida.<\/p>\n<p>Ap\u00f3s a localiza\u00e7\u00e3o dos itens, Jair e Michelle Bolsonaro decidiram entrar com uma a\u00e7\u00e3o judicial, pedindo uma indeniza\u00e7\u00e3o de R$ 20 mil por danos morais e uma retrata\u00e7\u00e3o p\u00fablica de Lula, o que incluiria uma declara\u00e7\u00e3o \u00e0 imprensa no Pal\u00e1cio da Alvorada e uma retrata\u00e7\u00e3o nos canais oficiais do governo e na GloboNews. No entanto, o pedido de retrata\u00e7\u00e3o foi negado pela Justi\u00e7a.<\/p>\n<p>O juiz Diego C\u00e2mara, respons\u00e1vel pela decis\u00e3o, afirmou que a aus\u00eancia dos itens causou danos \u00e0 imagem do casal Bolsonaro, uma vez que as insinua\u00e7\u00f5es sobre um poss\u00edvel envolvimento no desaparecimento dos m\u00f3veis foram al\u00e9m do direito de cr\u00edtica, especialmente porque n\u00e3o houve desvios.<\/p>\n<p>Ainda no processo, a assessoria de Michelle Bolsonaro relembrou outro epis\u00f3dio judicial em que ela foi indenizada por uma reportagem caluniosa publicada em 2020. Na \u00e9poca, a revista\u00a0<em>Isto\u00c9<\/em>\u00a0foi condenada pela veicula\u00e7\u00e3o de conte\u00fado que atingiu a honra da ex-primeira-dama.<\/p>\n<p>Michelle, por meio de sua assessoria, afirmou que encoraja mulheres que passam por situa\u00e7\u00f5es semelhantes a serem perseverantes e a confiarem na Justi\u00e7a, ressaltando que este caso foi um exemplo de \u201ccomo a Justi\u00e7a Divina pode ser realizada por meio de m\u00e3os humanas\u201d.<\/p>\n<p>Fonte: Gazeta Brasil<\/p>\n<\/p><\/div>\n<p><br \/>\n<br \/><a href=\"https:\/\/diariodobrasilnoticias.com.br\/noticia\/urgente-governo-lula-e-condenado-a-indenizar-bolsonaro-e-michelle-por-acusacoes-sobre-moveis-desaparecidos-66e021dca1694\">Source link <\/a><\/p>","protected":false},"excerpt":{"rendered":"<p>A Justi\u00e7a Federal determinou que o governo federal pague uma indeniza\u00e7\u00e3o de R$ 15 mil ao ex-presidente Jair Bolsonaro (PL) e \u00e0 ex-primeira-dama Michelle Bolsonaro, devido \u00e0s acusa\u00e7\u00f5es de desaparecimento&hellip;<\/p>","protected":false},"author":1,"featured_media":34846,"comment_status":"closed","ping_status":"open","sticky":false,"template":"","format":"standard","meta":{"content-type":"","footnotes":""},"categories":[16],"tags":[123,2448,5313,1267],"class_list":["post-34845","post","type-post","status-publish","format-standard","has-post-thumbnail","hentry","category-noticias","tag-brasil","tag-diario","tag-noticia","tag-noticias"],"_links":{"self":[{"href":"https:\/\/tvbrazilusa.com\/pt\/wp-json\/wp\/v2\/posts\/34845","targetHints":{"allow":["GET"]}}],"collection":[{"href":"https:\/\/tvbrazilusa.com\/pt\/wp-json\/wp\/v2\/posts"}],"about":[{"href":"https:\/\/tvbrazilusa.com\/pt\/wp-json\/wp\/v2\/types\/post"}],"author":[{"embeddable":true,"href":"https:\/\/tvbrazilusa.com\/pt\/wp-json\/wp\/v2\/users\/1"}],"replies":[{"embeddable":true,"href":"https:\/\/tvbrazilusa.com\/pt\/wp-json\/wp\/v2\/comments?post=34845"}],"version-history":[{"count":1,"href":"https:\/\/tvbrazilusa.com\/pt\/wp-json\/wp\/v2\/posts\/34845\/revisions"}],"predecessor-version":[{"id":34847,"href":"https:\/\/tvbrazilusa.com\/pt\/wp-json\/wp\/v2\/posts\/34845\/revisions\/34847"}],"wp:featuredmedia":[{"embeddable":true,"href":"https:\/\/tvbrazilusa.com\/pt\/wp-json\/wp\/v2\/media\/34846"}],"wp:attachment":[{"href":"https:\/\/tvbrazilusa.com\/pt\/wp-json\/wp\/v2\/media?parent=34845"}],"wp:term":[{"taxonomy":"category","embeddable":true,"href":"https:\/\/tvbrazilusa.com\/pt\/wp-json\/wp\/v2\/categories?post=34845"},{"taxonomy":"post_tag","embeddable":true,"href":"https:\/\/tvbrazilusa.com\/pt\/wp-json\/wp\/v2\/tags?post=34845"}],"curies":[{"name":"wp","href":"https:\/\/api.w.org\/{rel}","templated":true}]}}