{"id":34859,"date":"2024-09-10T12:16:30","date_gmt":"2024-09-10T12:16:30","guid":{"rendered":"https:\/\/tvbrazilusa.com\/2024\/09\/10\/rogerio-marinho-e-lideres-da-oposicao-protocolam-pedido-de-impeachment-contra-o-ministro-alexandre-de-moraes\/"},"modified":"2024-09-10T12:16:31","modified_gmt":"2024-09-10T12:16:31","slug":"rogerio-marinho-e-lideres-da-oposicao-protocolam-pedido-de-impeachment-contra-o-ministro-alexandre-de-moraes","status":"publish","type":"post","link":"https:\/\/tvbrazilusa.com\/pt\/2024\/09\/10\/rogerio-marinho-e-lideres-da-oposicao-protocolam-pedido-de-impeachment-contra-o-ministro-alexandre-de-moraes\/","title":{"rendered":"Rog\u00e9rio Marinho e l\u00edderes da oposi\u00e7\u00e3o protocolam pedido de impeachment contra o ministro Alexandre de Moraes"},"content":{"rendered":"<p> <script async src=\"https:\/\/pagead2.googlesyndication.com\/pagead\/js\/adsbygoogle.js?client=ca-pub-8864793242727901\"\r\n     crossorigin=\"anonymous\"><\/script><br \/>\n<\/p>\n<div id=\"taboola-read-more\" style=\"display:block; width:100%\">\n<p>O senador Rog\u00e9rio Marinho (PL-RN), junto a outras lideran\u00e7as da oposi\u00e7\u00e3o do Congresso, apresentaram nesta segunda-feira (9), no Senado Federal, um pedido de impeachment contra o ministro Alexandre de Moraes, do Supremo Tribunal Federal (STF). A entrega do documento foi feita ao presidente do Senado, Rodrigo Pacheco (PSD-MG). O pedido conta com o apoio de mais de 150 deputados e 30 senadores.<\/p>\n<p>Para Rog\u00e9rio Marinho, o pedido de impeachment refor\u00e7a a gravidade do que considera &#8220;um desequil\u00edbrio entre os poderes&#8221;, que, para ele, coloca em risco a democracia brasileira. O senador fez duras cr\u00edticas ao comportamento do ministro do STF, comparando-o a um &#8220;xerife da na\u00e7\u00e3o&#8221; e associando sua atua\u00e7\u00e3o \u00e0 famosa frase de Lu\u00eds XIV: &#8220;O Estado sou eu&#8221;. O senador alertou que os acontecimentos de 8 de janeiro de 2023, em que o ministro se declarou v\u00edtima, servem como exemplo de &#8220;arbitrariedades&#8221; praticadas contra um espectro ideol\u00f3gico da sociedade brasileira e colocam em xeque a imparcialidade do magistrado.<\/p>\n<p>O senador tamb\u00e9m destacou o sentimento de injusti\u00e7a e impot\u00eancia que, para ele, tomou as ruas do Brasil. &#8220;a Justi\u00e7a perdeu a credibilidade e precisamos defender o Judici\u00e1rio, precisamos defender o Legislativo, precisamos defender a democracia\u201d, afirmou. Rog\u00e9rio Marinho apontou uma percep\u00e7\u00e3o generalizada de que o STF tem agido politicamente, e n\u00e3o de acordo com a lei, algo que, para ele, desestabiliza o Estado de Direito.<\/p>\n<p>Rog\u00e9rio Marinho pediu o apoio da popula\u00e7\u00e3o, de modo que os brasileiros pressionem seus representantes no Congresso para que o processo de impeachment avance. &#8220;N\u00e3o podemos mais aceitar essa jurisprud\u00eancia de exce\u00e7\u00f5es&#8221;, destacou. \u201cA Constitui\u00e7\u00e3o precisa ser erguida aqui como escudo como defesa da sociedade brasileira. Procure o seu representante e pe\u00e7a a ele que fa\u00e7a justi\u00e7a\u201d, concluiu.<\/p>\n<p>Fonte: Portal Grande Ponto<\/p>\n<\/p><\/div>\n<p><br \/>\n<br \/><a href=\"https:\/\/diariodobrasilnoticias.com.br\/noticia\/-rogerio-marinho-e-lideres-da-oposicao-protocolam-pedido-de-impeachment-contra-o-ministro-alexandre-de-moraes-66e023d9514f7\">Source link <\/a><\/p>","protected":false},"excerpt":{"rendered":"<p>O senador Rog\u00e9rio Marinho (PL-RN), junto a outras lideran\u00e7as da oposi\u00e7\u00e3o do Congresso, apresentaram nesta segunda-feira (9), no Senado Federal, um pedido de impeachment contra o ministro Alexandre de Moraes,&hellip;<\/p>","protected":false},"author":1,"featured_media":34860,"comment_status":"closed","ping_status":"open","sticky":false,"template":"","format":"standard","meta":{"content-type":"","footnotes":""},"categories":[16],"tags":[123,2448,5313,1267],"class_list":["post-34859","post","type-post","status-publish","format-standard","has-post-thumbnail","hentry","category-noticias","tag-brasil","tag-diario","tag-noticia","tag-noticias"],"_links":{"self":[{"href":"https:\/\/tvbrazilusa.com\/pt\/wp-json\/wp\/v2\/posts\/34859","targetHints":{"allow":["GET"]}}],"collection":[{"href":"https:\/\/tvbrazilusa.com\/pt\/wp-json\/wp\/v2\/posts"}],"about":[{"href":"https:\/\/tvbrazilusa.com\/pt\/wp-json\/wp\/v2\/types\/post"}],"author":[{"embeddable":true,"href":"https:\/\/tvbrazilusa.com\/pt\/wp-json\/wp\/v2\/users\/1"}],"replies":[{"embeddable":true,"href":"https:\/\/tvbrazilusa.com\/pt\/wp-json\/wp\/v2\/comments?post=34859"}],"version-history":[{"count":1,"href":"https:\/\/tvbrazilusa.com\/pt\/wp-json\/wp\/v2\/posts\/34859\/revisions"}],"predecessor-version":[{"id":34861,"href":"https:\/\/tvbrazilusa.com\/pt\/wp-json\/wp\/v2\/posts\/34859\/revisions\/34861"}],"wp:featuredmedia":[{"embeddable":true,"href":"https:\/\/tvbrazilusa.com\/pt\/wp-json\/wp\/v2\/media\/34860"}],"wp:attachment":[{"href":"https:\/\/tvbrazilusa.com\/pt\/wp-json\/wp\/v2\/media?parent=34859"}],"wp:term":[{"taxonomy":"category","embeddable":true,"href":"https:\/\/tvbrazilusa.com\/pt\/wp-json\/wp\/v2\/categories?post=34859"},{"taxonomy":"post_tag","embeddable":true,"href":"https:\/\/tvbrazilusa.com\/pt\/wp-json\/wp\/v2\/tags?post=34859"}],"curies":[{"name":"wp","href":"https:\/\/api.w.org\/{rel}","templated":true}]}}