{"id":34878,"date":"2024-09-10T12:48:57","date_gmt":"2024-09-10T12:48:57","guid":{"rendered":"https:\/\/tvbrazilusa.com\/2024\/09\/10\/suzane-von-richthofen-participa-de-concurso-para-o-tjsp-confira-o-cargo-e-o-salario\/"},"modified":"2024-09-10T12:48:58","modified_gmt":"2024-09-10T12:48:58","slug":"suzane-von-richthofen-participa-de-concurso-para-o-tjsp-confira-o-cargo-e-o-salario","status":"publish","type":"post","link":"https:\/\/tvbrazilusa.com\/pt\/2024\/09\/10\/suzane-von-richthofen-participa-de-concurso-para-o-tjsp-confira-o-cargo-e-o-salario\/","title":{"rendered":"Suzane von Richthofen participa de concurso para o TJSP; confira o cargo e o sal\u00e1rio"},"content":{"rendered":"<p> <script async src=\"https:\/\/pagead2.googlesyndication.com\/pagead\/js\/adsbygoogle.js?client=ca-pub-8864793242727901\"\r\n     crossorigin=\"anonymous\"><\/script><br \/>\n<\/p>\n<div id=\"taboola-read-more\" style=\"display:block; width:100%\">\n<p>Condenada pela morte dos pr\u00f3prios pais e atualmente cumprindo a pena no regime aberto, Suzane von Richthofen, de 41 anos, prestou concurso p\u00fablico para ingressar no Tribunal de Justi\u00e7a de S\u00e3o Paulo (TJSP). As provas para o cargo de escrevente, com sal\u00e1rio de R$ 6.043, aconteceram no domingo (8\/9).<\/p>\n<p>Como ainda n\u00e3o \u00e9 formada \u2014 Suzane estuda direito no campus Bragan\u00e7a Paulista da Universidade S\u00e3o Francisco \u2014, ela n\u00e3o pode concorrer a um cargo de n\u00edvel superior. As informa\u00e7\u00f5es s\u00e3o da coluna True Crime, de O Globo.<\/p>\n<p>De acordo com a coluna, o concurso teve 1.335 inscritos para a vaga, mas apenas 35 candidatos v\u00e3o avan\u00e7ar para a segunda fase, que ser\u00e1 uma prova pr\u00e1tica.<\/p>\n<p>Consultado por O Globo, o TJSP informou que, mesmo que Suzane seja aprovada, ela pode n\u00e3o assumir o cargo pois ter\u00e1 de apresentar um atestado de antecedentes criminais. Dependendo do crime cometido, o candidato pode ser desclassificado. Ainda assim, a estudante de direito poderia recorrer \u00e0 Justi\u00e7a.<\/p>\n<p><strong>Mudan\u00e7a de nome e gravidez<\/strong><br \/>Suzane foi condenada em 2002 a 39 anos de pris\u00e3o pela morte dos pais. Ela deixou a cadeia em janeiro de 2023, ap\u00f3s ficar mais de 20 anos presa.<\/p>\n<p>Atualmente, a estudante de direito cumpre pena no regime aberto \u2014 ou seja, embora esteja livre, n\u00e3o pode se ausentar de casa entre 20h e 6h, n\u00e3o pode viajar sem autoriza\u00e7\u00e3o judicial e nem beber em locais p\u00fablicos.<\/p>\n<p>Em dezembro do ano passado, ela mudou seu nome para Suzane Louise Magnani Muniz, ap\u00f3s declarar uni\u00e3o est\u00e1vel com o m\u00e9dico Felipe Zecchini Muniz, de 39 anos, em um cart\u00f3rio de Angatuba, no interior paulista. O casal tem um filho, Felipe, que nasceu em janeiro deste ano.<\/p>\n<p>Fonte: Metr\u00f3poles<\/p>\n<\/p><\/div>\n<p><br \/>\n<br \/><a href=\"https:\/\/diariodobrasilnoticias.com.br\/noticia\/suzane-von-richthofen-participa-de-concurso-para-o-tjsp-confira-o-cargo-e-o-salario-66e02f7cb1397\">Source link <\/a><\/p>","protected":false},"excerpt":{"rendered":"<p>Condenada pela morte dos pr\u00f3prios pais e atualmente cumprindo a pena no regime aberto, Suzane von Richthofen, de 41 anos, prestou concurso p\u00fablico para ingressar no Tribunal de Justi\u00e7a de&hellip;<\/p>","protected":false},"author":1,"featured_media":34879,"comment_status":"closed","ping_status":"open","sticky":false,"template":"","format":"standard","meta":{"content-type":"","footnotes":""},"categories":[16],"tags":[123,2448,5313,1267],"class_list":["post-34878","post","type-post","status-publish","format-standard","has-post-thumbnail","hentry","category-noticias","tag-brasil","tag-diario","tag-noticia","tag-noticias"],"_links":{"self":[{"href":"https:\/\/tvbrazilusa.com\/pt\/wp-json\/wp\/v2\/posts\/34878","targetHints":{"allow":["GET"]}}],"collection":[{"href":"https:\/\/tvbrazilusa.com\/pt\/wp-json\/wp\/v2\/posts"}],"about":[{"href":"https:\/\/tvbrazilusa.com\/pt\/wp-json\/wp\/v2\/types\/post"}],"author":[{"embeddable":true,"href":"https:\/\/tvbrazilusa.com\/pt\/wp-json\/wp\/v2\/users\/1"}],"replies":[{"embeddable":true,"href":"https:\/\/tvbrazilusa.com\/pt\/wp-json\/wp\/v2\/comments?post=34878"}],"version-history":[{"count":1,"href":"https:\/\/tvbrazilusa.com\/pt\/wp-json\/wp\/v2\/posts\/34878\/revisions"}],"predecessor-version":[{"id":34880,"href":"https:\/\/tvbrazilusa.com\/pt\/wp-json\/wp\/v2\/posts\/34878\/revisions\/34880"}],"wp:featuredmedia":[{"embeddable":true,"href":"https:\/\/tvbrazilusa.com\/pt\/wp-json\/wp\/v2\/media\/34879"}],"wp:attachment":[{"href":"https:\/\/tvbrazilusa.com\/pt\/wp-json\/wp\/v2\/media?parent=34878"}],"wp:term":[{"taxonomy":"category","embeddable":true,"href":"https:\/\/tvbrazilusa.com\/pt\/wp-json\/wp\/v2\/categories?post=34878"},{"taxonomy":"post_tag","embeddable":true,"href":"https:\/\/tvbrazilusa.com\/pt\/wp-json\/wp\/v2\/tags?post=34878"}],"curies":[{"name":"wp","href":"https:\/\/api.w.org\/{rel}","templated":true}]}}