{"id":34908,"date":"2024-09-10T13:50:50","date_gmt":"2024-09-10T13:50:50","guid":{"rendered":"https:\/\/tvbrazilusa.com\/2024\/09\/10\/apos-internacao-e-controversias-isabel-veloso-anuncia-o-sexo-e-o-nome-do-filho\/"},"modified":"2024-09-10T13:50:51","modified_gmt":"2024-09-10T13:50:51","slug":"apos-internacao-e-controversias-isabel-veloso-anuncia-o-sexo-e-o-nome-do-filho","status":"publish","type":"post","link":"https:\/\/tvbrazilusa.com\/pt\/2024\/09\/10\/apos-internacao-e-controversias-isabel-veloso-anuncia-o-sexo-e-o-nome-do-filho\/","title":{"rendered":"Ap\u00f3s interna\u00e7\u00e3o e controv\u00e9rsias, Isabel Veloso anuncia o sexo e o nome do filho"},"content":{"rendered":"<p> <script async src=\"https:\/\/pagead2.googlesyndication.com\/pagead\/js\/adsbygoogle.js?client=ca-pub-8864793242727901\"\r\n     crossorigin=\"anonymous\"><\/script><br \/>\n<\/p>\n<div id=\"taboola-read-more\" style=\"display:block; width:100%\">\n<p>Ap\u00f3s ter complica\u00e7\u00f5es na gravidez, precisar ser internada e ainda enfrentar pol\u00eamicas em rela\u00e7\u00e3o a uma marca de cannabis, Isabel Veloso usou as redes sociais, na noite de segunda-feira (9\/9), para revelar o sexo e o nome de seu primeiro filho.<\/p>\n<p>\u201cArthur. Origin\u00e1rio do celta \u2018Artorius\u2019, que significa \u2018urso corajoso\u2019. O nome evoca a imagem de bravura e for\u00e7a. Faz refer\u00eancia \u00e0quele que \u00e9 \u2018agraciado por Deus&#8217;\u201d, come\u00e7ou a publica\u00e7\u00e3o.<\/p>\n<p>E continuou: \u201c\u2018Aqueles que carregam esse nome s\u00e3o vistos como guerreiros espirituais, capazes de enfrentar desafios e superar obst\u00e1culos com a ajuda de Deus. Eles s\u00e3o considerados pessoas corajosas, determinadas e confiantes em sua f\u00e9&#8217;\u201d, definiu.<\/p>\n<p>No fim, a influenciadora se declarou para o beb\u00ea: \u201cArthur, voc\u00ea \u00e9 imensamente corajoso e n\u00f3s j\u00e1 percebemos isso. Eu e o papai amamos muito, muito voc\u00ea, Arthur. Seu nome possui um significado t\u00e3o bonito. Voc\u00ea \u00e9 escolhido por Deus. Com amor, mam\u00e3e e papai. \ud83d\udc99\u201d, encerrou.<\/p>\n<p>Nos coment\u00e1rios, os f\u00e3s enviaram muitas mensagens: \u201cVoc\u00ea j\u00e1 \u00e9 muito amado \u2764\ufe0f\ud83d\ude4c\u201d, garantiu uma. \u201cJ\u00e1 amo demais esse menino!! Uhulll, parab\u00e9ns pra voc\u00eas, feliz demais. \ud83d\udc99\ud83d\udc99\u201d, declarou outra. \u201cQue nosso menino venha com muita sa\u00fade, for\u00e7a, porque amor ele j\u00e1 tem de sobra \u2764\ufe0f\ud83d\ude0d\u201d, disse uma terceira. \u201cQue Deus aben\u00e7oe sempre voc\u00eas com muita vida e sa\u00fade \ud83d\ude4f\u201d, desejou mais uma.<\/p>\n<p><strong>Complica\u00e7\u00f5es na gravidez e interna\u00e7\u00e3o<\/strong><br \/>Na \u00faltima quinta-feira (5\/9), Isabel Veloso usou as redes sociais para atualizar seu estado de sa\u00fade. Tratando um c\u00e2ncer, a influenciadora teve complica\u00e7\u00f5es na gravidez, precisando receber cuidados m\u00e9dicos. \u201cJ\u00e1 faz alguns dias, mas n\u00e3o disse nada por aqui\u201d, falou sobre a emerg\u00eancia.<\/p>\n<p>\u201cComo eu tinha muita dor, c\u00f3lica, dor no colo do \u00fatero, desconforto, fiquei com medo de ser algo com o beb\u00ea, mas \u00e9 infec\u00e7\u00e3o urin\u00e1ria. J\u00e1 t\u00f4 tratando, tomando antibi\u00f3ticos, j\u00e1 faz alguns dias, mas n\u00e3o disse nada por aqui\u201d, contou.<\/p>\n<p>Isabel completou: \u201cFiz ultrassom, o m\u00e9dico disse que tinha um leve descolamento, mas que estava tudo bem, que ela ia colar de novo e que provavelmente seria s\u00f3 por culpa do crescimento e ela vai colar de novo. N\u00e3o foi nada grave, o beb\u00ea est\u00e1 super bem\u201d.<\/p>\n<p>A influencer destacou que a condi\u00e7\u00e3o pode trazer risco durante a gesta\u00e7\u00e3o, mas garantiu que j\u00e1 est\u00e1 conseguiu controlar o problema. \u201cTem muito sensacionalismo. Eu t\u00f4 bem, a infec\u00e7\u00e3o s\u00f3 estava bem alta, muita dor e \u00e9 perigoso infec\u00e7\u00e3o urin\u00e1ria para gestante\u201d, ressaltou.<\/p>\n<p>Por fim, Isabel Veloso afirmou que a crian\u00e7a est\u00e1 saud\u00e1vel e deixou um recado. \u201cMeu beb\u00ea t\u00e1 bem, super saud\u00e1vel. N\u00e3o se preocupem\u201d, concluiu.<\/p>\n<p>Veloso luta contra um Linfoma De Hodgkin. Chegou a ser diagnosticada com uma condi\u00e7\u00e3o terminal, que foi estabilizada com cuidados paliativos. Ela anunciou a gravidez fruto do casamento com Lucas Borbas, no in\u00edcio de agosto.<\/p>\n<p><strong>Pol\u00eamica ao virar embaixadora de marca de cannabis<\/strong><br \/>Isabel Veloso foi fortemente atacada na web no m\u00eas passado. A influenciadora, que ganhou destaque mostrando a luta contra um c\u00e2ncer terminal, passou a ser duramente criticada ap\u00f3s se tornar embaixadora da Golden Drops CBD, que usa a cannabis como princ\u00edpio ativo. Inclusive, alguns internautas est\u00e3o desconfiando da doen\u00e7a e acreditando que a hist\u00f3ria dela pode ser uma \u201cconspira\u00e7\u00e3o\u201d para criar empatia e enganar a opini\u00e3o p\u00fablica.<\/p>\n<p>Num registro, publicado no perfil da marca, Izabel \u00e9 parabenizada, assim como seu marido e seu pai, Lucas Borbas e Joelson Veloso, respectivamente, pelo Dia dos Pais. Recentemente, a influencer anunciou que est\u00e1 gr\u00e1vida.<\/p>\n<p>\u201cGostar\u00edamos de parabenizar a nossa embaixadora Isabel Velo e Lucas Borbas pela realiza\u00e7\u00e3o de um sonho. Neste v\u00eddeo, Isabel fala sobre seus sonhos para o futuro. Ela e seu esposo anunciaram a gravidez do primeiro filho do casal, uma verdadeira ben\u00e7\u00e3o e testemunho vivo de esperan\u00e7a para todos n\u00f3s. Feliz Dia dos Pais, papai Lucas Borbas e Joelson Veloso, que agora, al\u00e9m dos filhos, tamb\u00e9m tem um baby \u00e0 caminho para receber todo amor e zelo\u201d, escreveram na legenda.<\/p>\n<p>Ainda na publica\u00e7\u00e3o, Isabel deixa seu relato sobre o canabidiol: \u201cJ\u00e1 realizei o sonho de me casar, e agora quero aumentar minha fam\u00edlia. Gra\u00e7as ao tratamento com CBD, pude realizar esse sonho com qualidade de vida. Tamb\u00e9m sonho em viajar e aproveitar a vida com meu marido. Desde crian\u00e7a, tenho o sonho de fazer medicina para poder ajudar crian\u00e7as com c\u00e2ncer\u201d.<\/p>\n<p>A pol\u00eamica passou a ganhar ainda mais for\u00e7a depois dos internautas descobrirem que Joelson tamb\u00e9m \u00e9 representante da Golden Drops no Paran\u00e1, onde reside com a fam\u00edlia.<\/p>\n<p>\u201cPela foto, a barriga j\u00e1 est\u00e1 aparecendo, deve estar com tr\u00eas ou quatro meses j\u00e1. E a hist\u00f3ria que ela [Izabel] contava que estava com 50 kg e perdendo peso, com falta de ar, e m\u00eas passado, se n\u00e3o me engano, tomou morfina. Morfina e t\u00f3xico pro beb\u00ea. Canabidiol tamb\u00e9m n\u00e3o pode na gesta\u00e7\u00e3o. Eu acho \u00e9 que ela est\u00e1 curada e n\u00e3o est\u00e1 contando. Tem coisa escondida a\u00ed\u2026 na verdade, ela nunca teve cara de paciente terminal\u201d, observou uma pessoa.<\/p>\n<p>\u201cJ\u00e1 deu a palha\u00e7ada. De dois a quatro meses de vida, se passaram nove meses e agora t\u00e1 gr\u00e1vida?\u201d, \u201cIsso est\u00e1 me cheirando a picaretagem\u201d, \u201cUso do canabidiol durante a gravidez pode afetar o c\u00e9rebro do feto, diz estudo. Que estranho tudo isso\u201d, \u201cPai dela \u00e9 representante dessa empresa e 78% do p\u00fablico dela segue a empresa\u2026 estranho, n\u00e3o \u00e9?\u201d e \u201cMuita coisa n\u00e3o se encaixa, mas infelizmente as pessoas fecham os olhos, preferem ser enganadas\u201d, foram outras rea\u00e7\u00f5es.<\/p>\n<p>Al\u00e9m das cr\u00edticas, os seguidores que acompanham a rotina de Isabel contra a doen\u00e7a, alegaram que a Golden Drops CBD n\u00e3o \u00e9 registrada formalmente nos \u00f3rg\u00e3os que liberam o uso da subst\u00e2ncia:<\/p>\n<p>\u201cGente, eu defendi essa mulher com unhas e dentes. Mas vamos aos fatos. Quando procura no pr\u00f3prio site da ANVISA [Ag\u00eancia de Vigil\u00e2ncia Sanit\u00e1ria], tem um par\u00e1grafo o qual cita a marca, e que n\u00e3o est\u00e1 registrada l\u00e1. O pai dela diz que ela [Isabel] est\u00e1 de 11 semanas, 11 semanas s\u00e3o quase tr\u00eas meses [maio], sendo que todo esse tempo ela tem dito que usa a subst\u00e2ncia e que ela est\u00e1 estabilizada devido ao seu uso. Por\u00e9m, se ela est\u00e1 de 11 semanas, como utilizou um rem\u00e9dio proibido na gesta\u00e7\u00e3o?\u201d, questionou uma mulher.<\/p>\n<p>Mais cedo, Isabel Veloso rebateu os haters que estavam questionando a gesta\u00e7\u00e3o e sua expectativa de vida, que segundo os m\u00e9dicos, seria at\u00e9 julho. \u201cA quantidade de gente mal-informada vindo disseminar \u00f3dio, onde citei em diversas reportagens e stories falando que a doen\u00e7a se encontra estabilizada, e que os seis meses s\u00e3o apenas expectativa m\u00e9dica, n\u00e3o tempo certeiro, me assusta\u201d, declarou.<\/p>\n<p>A mocinha concluiu: \u201cEntrevista que dei e expliquei isso [sobre a expectativa de vida], apenas n\u00e3o querem ler e gostam de ganhar engajamento para tornar uma coisa t\u00e3o bonita, a pior do mundo. Sinto que a cannabis ajudou muito mais minha vida emocional que qualquer outro rem\u00e9dio. Hoje \u00e9 a \u00fanica medica\u00e7\u00e3o que uso para a ansiedade\u201d.<\/p>\n<p>Fonte: Metr\u00f3poles<\/p>\n<\/p><\/div>\n<p><br \/>\n<br \/><a href=\"https:\/\/diariodobrasilnoticias.com.br\/noticia\/apos-internacao-e-controversias-isabel-veloso-anuncia-o-sexo-e-o-nome-do-filho-66e02b937f3f5\">Source link <\/a><\/p>","protected":false},"excerpt":{"rendered":"<p>Ap\u00f3s ter complica\u00e7\u00f5es na gravidez, precisar ser internada e ainda enfrentar pol\u00eamicas em rela\u00e7\u00e3o a uma marca de cannabis, Isabel Veloso usou as redes sociais, na noite de segunda-feira (9\/9),&hellip;<\/p>","protected":false},"author":1,"featured_media":34909,"comment_status":"closed","ping_status":"open","sticky":false,"template":"","format":"standard","meta":{"content-type":"","footnotes":""},"categories":[16],"tags":[123,2448,5313,1267],"class_list":["post-34908","post","type-post","status-publish","format-standard","has-post-thumbnail","hentry","category-noticias","tag-brasil","tag-diario","tag-noticia","tag-noticias"],"_links":{"self":[{"href":"https:\/\/tvbrazilusa.com\/pt\/wp-json\/wp\/v2\/posts\/34908","targetHints":{"allow":["GET"]}}],"collection":[{"href":"https:\/\/tvbrazilusa.com\/pt\/wp-json\/wp\/v2\/posts"}],"about":[{"href":"https:\/\/tvbrazilusa.com\/pt\/wp-json\/wp\/v2\/types\/post"}],"author":[{"embeddable":true,"href":"https:\/\/tvbrazilusa.com\/pt\/wp-json\/wp\/v2\/users\/1"}],"replies":[{"embeddable":true,"href":"https:\/\/tvbrazilusa.com\/pt\/wp-json\/wp\/v2\/comments?post=34908"}],"version-history":[{"count":1,"href":"https:\/\/tvbrazilusa.com\/pt\/wp-json\/wp\/v2\/posts\/34908\/revisions"}],"predecessor-version":[{"id":34910,"href":"https:\/\/tvbrazilusa.com\/pt\/wp-json\/wp\/v2\/posts\/34908\/revisions\/34910"}],"wp:featuredmedia":[{"embeddable":true,"href":"https:\/\/tvbrazilusa.com\/pt\/wp-json\/wp\/v2\/media\/34909"}],"wp:attachment":[{"href":"https:\/\/tvbrazilusa.com\/pt\/wp-json\/wp\/v2\/media?parent=34908"}],"wp:term":[{"taxonomy":"category","embeddable":true,"href":"https:\/\/tvbrazilusa.com\/pt\/wp-json\/wp\/v2\/categories?post=34908"},{"taxonomy":"post_tag","embeddable":true,"href":"https:\/\/tvbrazilusa.com\/pt\/wp-json\/wp\/v2\/tags?post=34908"}],"curies":[{"name":"wp","href":"https:\/\/api.w.org\/{rel}","templated":true}]}}