{"id":34946,"date":"2024-09-10T15:02:55","date_gmt":"2024-09-10T15:02:55","guid":{"rendered":"https:\/\/tvbrazilusa.com\/2024\/09\/10\/australia-quer-proibir-redes-sociais-para-criancas-entenda\/"},"modified":"2024-09-10T15:02:56","modified_gmt":"2024-09-10T15:02:56","slug":"australia-quer-proibir-redes-sociais-para-criancas-entenda","status":"publish","type":"post","link":"https:\/\/tvbrazilusa.com\/pt\/2024\/09\/10\/australia-quer-proibir-redes-sociais-para-criancas-entenda\/","title":{"rendered":"Austr\u00e1lia quer proibir redes sociais para crian\u00e7as; ENTENDA"},"content":{"rendered":"<p> <script async src=\"https:\/\/pagead2.googlesyndication.com\/pagead\/js\/adsbygoogle.js?client=ca-pub-8864793242727901\"\r\n     crossorigin=\"anonymous\"><\/script><br \/>\n<\/p>\n<div id=\"taboola-read-more\" style=\"display:block; width:100%\">\n<p>O governo australiano anunciou nesta ter\u00e7a-feira (10) que pretende introduzir uma legisla\u00e7\u00e3o ainda este ano para proibir o uso de plataformas de m\u00eddia social por crian\u00e7as, devido aos riscos potenciais \u00e0 sua sa\u00fade f\u00edsica e mental. Segundo o primeiro-ministro Anthony Albanese, um teste de verifica\u00e7\u00e3o de idade ser\u00e1 realizado antes da implementa\u00e7\u00e3o das novas leis.<\/p>\n<p>O primeiro-ministro Albanese destacou a import\u00e2ncia de incentivar as crian\u00e7as a se desconectarem dos aparelhos eletr\u00f4nicos e buscarem atividades ao ar livre. Ele sugeriu que a idade m\u00ednima para utiliza\u00e7\u00e3o das redes sociais seria provavelmente entre 14 e 16 anos, embora n\u00e3o tenha especificado um n\u00famero exato.<\/p>\n<p><strong>Quais Ser\u00e3o os Impactos da Restri\u00e7\u00e3o de Idade nas Redes Sociais?<\/strong><\/p>\n<p>O governo australiano anunciou nesta ter\u00e7a-feira (10) que pretende introduzir uma legisla\u00e7\u00e3o ainda este ano para proibir o uso de plataformas de m\u00eddia social por crian\u00e7as, devido aos riscos potenciais \u00e0 sua sa\u00fade f\u00edsica e mental. Segundo o primeiro-ministro Anthony Albanese, um teste de verifica\u00e7\u00e3o de idade ser\u00e1 realizado antes da implementa\u00e7\u00e3o das novas leis.<\/p>\n<p>O primeiro-ministro Albanese destacou a import\u00e2ncia de incentivar as crian\u00e7as a se desconectarem dos aparelhos eletr\u00f4nicos e buscarem atividades ao ar livre. Ele sugeriu que a idade m\u00ednima para utiliza\u00e7\u00e3o das redes sociais seria provavelmente entre 14 e 16 anos, embora n\u00e3o tenha especificado um n\u00famero exato.<\/p>\n<p><strong>Quais Ser\u00e3o os Impactos da Restri\u00e7\u00e3o de Idade nas Redes Sociais?<\/strong><br \/>A introdu\u00e7\u00e3o dessa lei colocaria a Austr\u00e1lia na vanguarda global no que diz respeito \u00e0 imposi\u00e7\u00e3o de restri\u00e7\u00f5es de idade nas redes sociais. At\u00e9 o momento, tentativas similares em outras regi\u00f5es, como a Uni\u00e3o Europeia, falharam devido \u00e0s preocupa\u00e7\u00f5es com a redu\u00e7\u00e3o dos direitos online dos jovens.<\/p>\n<p>A proposta gerou um amplo debate sobre os efeitos das redes sociais na juventude. Especialistas argumentam que a exposi\u00e7\u00e3o excessiva pode contribuir para problemas como ansiedade, depress\u00e3o e baixa autoestima. Por outro lado, cr\u00edticos apontam que a medida pode limitar o acesso dos jovens a informa\u00e7\u00f5es valiosas e intera\u00e7\u00f5es sociais positivas.<\/p>\n<p><strong>Qual \u00e9 o Objetivo Principal dessa Medida?<\/strong><br \/>Anthony Albanese frisou que o principal objetivo \u00e9 proteger a sa\u00fade f\u00edsica e mental das crian\u00e7as. Ele enfatizou a necessidade de manter um equil\u00edbrio saud\u00e1vel entre o uso de tecnologia e atividades ao ar livre. Ele disse:<\/p>\n<p>\u201cQuero ver as crian\u00e7as desligando seus aparelhos e indo para os campos de futebol, para as piscinas e para as quadras de t\u00eanis.\u201d<br \/>A declara\u00e7\u00e3o refor\u00e7a a preocupa\u00e7\u00e3o do governo com o sedentarismo e os problemas de sa\u00fade decorrentes do uso excessivo de dispositivos eletr\u00f4nicos.<\/p>\n<p><strong>O Que Dizem os Especialistas sobre a Restri\u00e7\u00e3o de Redes Sociais?<\/strong><br \/>Especialistas em sa\u00fade mental e desenvolvimento infantil t\u00eam opini\u00f5es diversas sobre a medida. A maioria concorda que o uso excessivo de redes sociais pode ser prejudicial, mas h\u00e1 diverg\u00eancias sobre a efic\u00e1cia de uma proibi\u00e7\u00e3o ampla. Alguns argumentam que a educa\u00e7\u00e3o digital e o uso consciente poderiam ser alternativas mais equilibradas.<\/p>\n<p>Benef\u00edcios da Proibi\u00e7\u00e3o: Redu\u00e7\u00e3o do cyberbullying, diminui\u00e7\u00e3o da exposi\u00e7\u00e3o a conte\u00fados inapropriados e incentivo a atividades f\u00edsicas.<br \/>Desvantagens da Proibi\u00e7\u00e3o: Limita\u00e7\u00e3o de acesso \u00e0 informa\u00e7\u00e3o, potencial isolamento social e desafios na implementa\u00e7\u00e3o e monitoramento das restri\u00e7\u00f5es.<br \/>Essa proposta de legisla\u00e7\u00e3o representa um movimento significativo na pol\u00edtica de prote\u00e7\u00e3o das crian\u00e7as e est\u00e1 sendo observada atentamente por governos ao redor do mundo. A Austr\u00e1lia pode n\u00e3o apenas estabelecer um novo padr\u00e3o, mas tamb\u00e9m influenciar outros pa\u00edses a adotarem medidas semelhantes.<\/p>\n<p>Fonte: O antagonista<\/p>\n<\/p><\/div>\n<p><br \/>\n<br \/><a href=\"https:\/\/diariodobrasilnoticias.com.br\/noticia\/australia-quer-proibir-redes-sociais-para-criancas-entenda-66e02dadd1fed\">Source link <\/a><\/p>","protected":false},"excerpt":{"rendered":"<p>O governo australiano anunciou nesta ter\u00e7a-feira (10) que pretende introduzir uma legisla\u00e7\u00e3o ainda este ano para proibir o uso de plataformas de m\u00eddia social por crian\u00e7as, devido aos riscos potenciais&hellip;<\/p>","protected":false},"author":1,"featured_media":34947,"comment_status":"closed","ping_status":"open","sticky":false,"template":"","format":"standard","meta":{"content-type":"","footnotes":""},"categories":[16],"tags":[123,2448,5313,1267],"class_list":["post-34946","post","type-post","status-publish","format-standard","has-post-thumbnail","hentry","category-noticias","tag-brasil","tag-diario","tag-noticia","tag-noticias"],"_links":{"self":[{"href":"https:\/\/tvbrazilusa.com\/pt\/wp-json\/wp\/v2\/posts\/34946","targetHints":{"allow":["GET"]}}],"collection":[{"href":"https:\/\/tvbrazilusa.com\/pt\/wp-json\/wp\/v2\/posts"}],"about":[{"href":"https:\/\/tvbrazilusa.com\/pt\/wp-json\/wp\/v2\/types\/post"}],"author":[{"embeddable":true,"href":"https:\/\/tvbrazilusa.com\/pt\/wp-json\/wp\/v2\/users\/1"}],"replies":[{"embeddable":true,"href":"https:\/\/tvbrazilusa.com\/pt\/wp-json\/wp\/v2\/comments?post=34946"}],"version-history":[{"count":1,"href":"https:\/\/tvbrazilusa.com\/pt\/wp-json\/wp\/v2\/posts\/34946\/revisions"}],"predecessor-version":[{"id":34948,"href":"https:\/\/tvbrazilusa.com\/pt\/wp-json\/wp\/v2\/posts\/34946\/revisions\/34948"}],"wp:featuredmedia":[{"embeddable":true,"href":"https:\/\/tvbrazilusa.com\/pt\/wp-json\/wp\/v2\/media\/34947"}],"wp:attachment":[{"href":"https:\/\/tvbrazilusa.com\/pt\/wp-json\/wp\/v2\/media?parent=34946"}],"wp:term":[{"taxonomy":"category","embeddable":true,"href":"https:\/\/tvbrazilusa.com\/pt\/wp-json\/wp\/v2\/categories?post=34946"},{"taxonomy":"post_tag","embeddable":true,"href":"https:\/\/tvbrazilusa.com\/pt\/wp-json\/wp\/v2\/tags?post=34946"}],"curies":[{"name":"wp","href":"https:\/\/api.w.org\/{rel}","templated":true}]}}