{"id":34973,"date":"2024-09-10T15:31:56","date_gmt":"2024-09-10T15:31:56","guid":{"rendered":"https:\/\/tvbrazilusa.com\/2024\/09\/10\/bandeiras-de-connecticut-serao-hasteadas-a-meio-mastro-em-11-de-setembro\/"},"modified":"2024-09-10T15:44:15","modified_gmt":"2024-09-10T15:44:15","slug":"bandeiras-de-connecticut-serao-hasteadas-a-meio-mastro-em-11-de-setembro","status":"publish","type":"post","link":"https:\/\/tvbrazilusa.com\/pt\/2024\/09\/10\/bandeiras-de-connecticut-serao-hasteadas-a-meio-mastro-em-11-de-setembro\/","title":{"rendered":"Bandeiras de Connecticut ser\u00e3o hasteadas a meio mastro em 11 de setembro"},"content":{"rendered":"<script async src=\"https:\/\/pagead2.googlesyndication.com\/pagead\/js\/adsbygoogle.js?client=ca-pub-8864793242727901\"\r\n     crossorigin=\"anonymous\"><\/script>\n<p>NEW HAVEN, Connecticut (WTNH) \u2014 O governador Ned Lamont (D-Conn.) ordenou que as bandeiras fossem baixadas a meio mastro na quarta-feira para as quase 3.000 pessoas que foram mortas nos ataques terroristas de 11 de setembro de 2001, incluindo 161 das quais tinham liga\u00e7\u00f5es com Connecticut.<\/p>\n<div class=\"nlp-ignore-block article-content rich-text\">\n<aside class=\"promo-link\">\n\t<a href=\"https:\/\/www.wtnh.com\/news\/connecticut\/list-of-9-11-memorial-events-taking-place-across-connecticut\/?ipid=promo-link-block1\" class=\"promo-link__link\"><\/p>\n<p>\t\tLista de eventos memoriais do 11 de setembro que ocorrer\u00e3o em Connecticut\t<\/a><br \/>\n<\/aside>\n<\/div>\n<p>A Ponte Memorial Pearl Harbor, tamb\u00e9m conhecida como Ponte Q, na Interestadual 95 em New Haven, ser\u00e1 iluminada em vermelho, branco e azul a partir do anoitecer de ter\u00e7a e quarta-feira.<\/p>\n<p><a href=\"https:\/\/www.wtnh.com\/news\/connecticut\/connecticuts-annual-9-11-memorial-ceremony-set-for-sept-5\/\" data-type=\"post\" data-id=\"1944499\">Connecticut sediou sua cerim\u00f4nia anual<\/a> em 5 de setembro no Parque Estadual de Sherwood Island em Westport. <\/p>\n<p>Comunidades em Connecticut est\u00e3o planejando realizar <a href=\"https:\/\/www.wtnh.com\/news\/connecticut\/list-of-9-11-memorial-events-taking-place-across-connecticut\/\" data-type=\"post\" data-id=\"1955719\">servi\u00e7os memoriais na quarta-feira<\/a> para lembrar as vidas perdidas em 11 de setembro de 2001.<\/p>\n<p><br \/>\n<br \/><a href=\"https:\/\/www.wtnh.com\/news\/connecticut\/connecticut-flags-to-fly-at-half-staff-for-9-11\/\">Source link <\/a><\/p>","protected":false},"excerpt":{"rendered":"<p>NEW HAVEN, Connecticut (WTNH) \u2014 O governador Ned Lamont (D-Conn.) ordenou que as bandeiras fossem baixadas a meio mastro na quarta-feira para as quase 3.000 pessoas que foram mortas nos&hellip;<\/p>","protected":false},"author":1,"featured_media":34974,"comment_status":"closed","ping_status":"open","sticky":false,"template":"","format":"standard","meta":{"content-type":"","footnotes":""},"categories":[1],"tags":[],"class_list":["post-34973","post","type-post","status-publish","format-standard","has-post-thumbnail","hentry","category-uncategorized"],"_links":{"self":[{"href":"https:\/\/tvbrazilusa.com\/pt\/wp-json\/wp\/v2\/posts\/34973","targetHints":{"allow":["GET"]}}],"collection":[{"href":"https:\/\/tvbrazilusa.com\/pt\/wp-json\/wp\/v2\/posts"}],"about":[{"href":"https:\/\/tvbrazilusa.com\/pt\/wp-json\/wp\/v2\/types\/post"}],"author":[{"embeddable":true,"href":"https:\/\/tvbrazilusa.com\/pt\/wp-json\/wp\/v2\/users\/1"}],"replies":[{"embeddable":true,"href":"https:\/\/tvbrazilusa.com\/pt\/wp-json\/wp\/v2\/comments?post=34973"}],"version-history":[{"count":1,"href":"https:\/\/tvbrazilusa.com\/pt\/wp-json\/wp\/v2\/posts\/34973\/revisions"}],"predecessor-version":[{"id":34975,"href":"https:\/\/tvbrazilusa.com\/pt\/wp-json\/wp\/v2\/posts\/34973\/revisions\/34975"}],"wp:featuredmedia":[{"embeddable":true,"href":"https:\/\/tvbrazilusa.com\/pt\/wp-json\/wp\/v2\/media\/34974"}],"wp:attachment":[{"href":"https:\/\/tvbrazilusa.com\/pt\/wp-json\/wp\/v2\/media?parent=34973"}],"wp:term":[{"taxonomy":"category","embeddable":true,"href":"https:\/\/tvbrazilusa.com\/pt\/wp-json\/wp\/v2\/categories?post=34973"},{"taxonomy":"post_tag","embeddable":true,"href":"https:\/\/tvbrazilusa.com\/pt\/wp-json\/wp\/v2\/tags?post=34973"}],"curies":[{"name":"wp","href":"https:\/\/api.w.org\/{rel}","templated":true}]}}