{"id":34976,"date":"2024-09-10T15:50:38","date_gmt":"2024-09-10T15:50:38","guid":{"rendered":"https:\/\/tvbrazilusa.com\/2024\/09\/10\/confira-quanto-o-aposentado-recebe-de-pis\/"},"modified":"2024-09-10T15:50:39","modified_gmt":"2024-09-10T15:50:39","slug":"confira-quanto-o-aposentado-recebe-de-pis","status":"publish","type":"post","link":"https:\/\/tvbrazilusa.com\/pt\/2024\/09\/10\/confira-quanto-o-aposentado-recebe-de-pis\/","title":{"rendered":"Confira quanto o Aposentado Recebe de PIS"},"content":{"rendered":"<p> <script async src=\"https:\/\/pagead2.googlesyndication.com\/pagead\/js\/adsbygoogle.js?client=ca-pub-8864793242727901\"\r\n     crossorigin=\"anonymous\"><\/script><br \/>\n<br \/>O Programa de Integra\u00e7\u00e3o Social (PIS), um abono salarial destinado a trabalhadores do setor privado, tamb\u00e9m \u00e9 acess\u00edvel para aposentados, desde que atendam aos requisitos estabelecidos.<br \/>\n<br \/><br \/>\n<br \/><a href=\"https:\/\/diariodobrasilnoticias.com.br\/noticia\/confira-quanto-o-aposentado-recebe-de-pis-66e04c0d5479d\">Source link <\/a><\/p>","protected":false},"excerpt":{"rendered":"<p>O Programa de Integra\u00e7\u00e3o Social (PIS), um abono salarial destinado a trabalhadores do setor privado, tamb\u00e9m \u00e9 acess\u00edvel para aposentados, desde que atendam aos requisitos estabelecidos. Source link<\/p>","protected":false},"author":1,"featured_media":34977,"comment_status":"closed","ping_status":"open","sticky":false,"template":"","format":"standard","meta":{"content-type":"","footnotes":""},"categories":[16],"tags":[123,2448,5313,1267],"class_list":["post-34976","post","type-post","status-publish","format-standard","has-post-thumbnail","hentry","category-noticias","tag-brasil","tag-diario","tag-noticia","tag-noticias"],"_links":{"self":[{"href":"https:\/\/tvbrazilusa.com\/pt\/wp-json\/wp\/v2\/posts\/34976","targetHints":{"allow":["GET"]}}],"collection":[{"href":"https:\/\/tvbrazilusa.com\/pt\/wp-json\/wp\/v2\/posts"}],"about":[{"href":"https:\/\/tvbrazilusa.com\/pt\/wp-json\/wp\/v2\/types\/post"}],"author":[{"embeddable":true,"href":"https:\/\/tvbrazilusa.com\/pt\/wp-json\/wp\/v2\/users\/1"}],"replies":[{"embeddable":true,"href":"https:\/\/tvbrazilusa.com\/pt\/wp-json\/wp\/v2\/comments?post=34976"}],"version-history":[{"count":1,"href":"https:\/\/tvbrazilusa.com\/pt\/wp-json\/wp\/v2\/posts\/34976\/revisions"}],"predecessor-version":[{"id":34978,"href":"https:\/\/tvbrazilusa.com\/pt\/wp-json\/wp\/v2\/posts\/34976\/revisions\/34978"}],"wp:featuredmedia":[{"embeddable":true,"href":"https:\/\/tvbrazilusa.com\/pt\/wp-json\/wp\/v2\/media\/34977"}],"wp:attachment":[{"href":"https:\/\/tvbrazilusa.com\/pt\/wp-json\/wp\/v2\/media?parent=34976"}],"wp:term":[{"taxonomy":"category","embeddable":true,"href":"https:\/\/tvbrazilusa.com\/pt\/wp-json\/wp\/v2\/categories?post=34976"},{"taxonomy":"post_tag","embeddable":true,"href":"https:\/\/tvbrazilusa.com\/pt\/wp-json\/wp\/v2\/tags?post=34976"}],"curies":[{"name":"wp","href":"https:\/\/api.w.org\/{rel}","templated":true}]}}