{"id":3498,"date":"2023-09-22T16:12:39","date_gmt":"2023-09-22T16:12:39","guid":{"rendered":"https:\/\/tvbrazilusa.com\/2023\/09\/22\/por-que-a-esquerda-defende-o-aborto\/"},"modified":"2023-09-22T16:12:39","modified_gmt":"2023-09-22T16:12:39","slug":"por-que-a-esquerda-defende-o-aborto","status":"publish","type":"post","link":"https:\/\/tvbrazilusa.com\/pt\/2023\/09\/22\/por-que-a-esquerda-defende-o-aborto\/","title":{"rendered":"Por que a esquerda defende o aborto"},"content":{"rendered":"<p><iframe  width=\"580\" height=\"385\" src=\"https:\/\/www.youtube.com\/embed\/ScdPa1fS-NU?modestbranding=1\" frameborder=\"0\" allowfullscreen><\/iframe><br \/>\n<br \/>A esquerda transformou o aborto num tema central da sua agenda por motivos que pouca gente conhece. N\u00e3o se trata de &#8220;sa\u00fade p\u00fablica&#8221;, ou mesmo da defesa dos &#8220;direitos femininos&#8221;, ou da &#8220;libera\u00e7\u00e3o da mulher&#8221;. O furo \u00e9 muito mais embaixo. Est\u00e1 em jogo uma concep\u00e7\u00e3o de mundo.<\/p>\n<p>De uma maneira geral, esquerdistas mant\u00eam uma vis\u00e3o materialista, ou seja, n\u00e3o existiria qualquer dimens\u00e3o transcendental da exist\u00eancia humana. Logo, ao homem caberia criar as suas pr\u00f3prias regras morais, e a forma de organiza\u00e7\u00e3o social, independente de qualquer no\u00e7\u00e3o de ordem superior divina.<\/p>\n<p>Nesse sentido, a vida humana perde a sua sacralidade. Se uma pessoa nada mais \u00e9 do que um amontoado de c\u00e9lulas, ao inv\u00e9s de ter sido criado \u00e0 imagem de Deus, ela pode ser disposta em favor da longa marcha pela constru\u00e7\u00e3o do para\u00edso na Terra que os comunistas prometem, num processo que Marx chamou de materialismo hist\u00f3rico: as rela\u00e7\u00f5es sociais e a organiza\u00e7\u00e3o da sociedade v\u00e3o evoluindo &#8220;cientificamente&#8221;, em busca de maior produ\u00e7\u00e3o econ\u00f4mica e &#8220;mais justa&#8221; distribui\u00e7\u00e3o da riqueza.<\/p>\n<p>\u00c9 uma l\u00f3gica que inverte a pir\u00e2mide de Maslow, em que a garantia das necessidades f\u00edsicas mais b\u00e1sicas \u00e9 o m\u00e1ximo que o ser humano pode alcan\u00e7ar, enquanto a busca por significado transcendente da exist\u00eancia \u00e9 tratada como mera supersti\u00e7\u00e3o arcaica, e o \u00fanico sentido poss\u00edvel para a vida estaria no alcance das melhores condi\u00e7\u00f5es materiais, supostamente garantida ao m\u00e1ximo poss\u00edvel de pessoas.<\/p>\n<p>Obviamente, essa \u00e9 a narrativa para atrair os incautos. Tudo n\u00e3o passa de uma desculpa para o verdadeiro objetivo: concentrar poder nas m\u00e3os daqueles que est\u00e3o \u00e0 frente do projeto, enquanto a massa \u00e9 literalmente esmagada, seja pela opress\u00e3o sistem\u00e1tica, numa vida sem nenhuma liberdade, seja pela elimina\u00e7\u00e3o f\u00edsica. Al\u00e9m do mais, a busca pela implementa\u00e7\u00e3o desse projeto gerou mis\u00e9ria, e n\u00e3o a abund\u00e2ncia prometida. Afinal, n\u00e3o foi exatamente esse o resultado do projeto comunista ao longo da hist\u00f3ria?<\/p>\n<p>N\u00e3o se engane. Quando um comunista defende o aborto, ele est\u00e1 deixando muito claro que NINGU\u00c9M tem o direito natural \u00e0 vida, que fica abaixo do que realmente tem valor para ele: o projeto comunista. A sua vida s\u00f3 faria sentido em rela\u00e7\u00e3o a tal projeto. Se voc\u00ea \u00e9 um empecilho para sua implementa\u00e7\u00e3o, ser\u00e1 oprimido ou eliminado. A prova est\u00e1 na montanha de cad\u00e1veres produzida pelas revolu\u00e7\u00f5es comunistas, al\u00e9m do inferno vivido pelos sobreviventes desses regimes.<\/p>\n<p>Ao promover o &#8220;direito&#8221; das mulheres de assassinarem os seus pr\u00f3prios filhos, no seu ventre, a esquerda consolida a degenera\u00e7\u00e3o humana, produzindo os efeitos desejados: a destrui\u00e7\u00e3o dos valores morais, e por tabela a destrui\u00e7\u00e3o da fam\u00edlia. O objetivo transcendente de uma mulher n\u00e3o seria mais gerar a vida, criar, educar e formar um ser humano, no \u00e2mbito de uma fam\u00edlia. \u00c9 alcan\u00e7ar o m\u00e1ximo de prazer sexual, al\u00e9m de virar mais um agente de produ\u00e7\u00e3o econ\u00f4mica.<\/p>\n<p>Qual \u00e9 o resultado disso? Maior &#8220;empoderamento&#8221; feminino e felicidade? N\u00e3o \u00e9 o que parece&#8230; Depress\u00e3o e suic\u00eddio est\u00e3o alcan\u00e7ando patamares jamais vistos. Pessoalmente, conhe\u00e7o pelo menos tr\u00eas casos de mulheres que resolveram comprar esse canto da sereia do &#8220;empoderamento&#8221;, e agora, depois dos 40, tentam engravidar e construir uma fam\u00edlia, sem sucesso, gerando grande afli\u00e7\u00e3o.<\/p>\n<p>A verdade \u00e9 que quando uma sociedade chega ao ponto de discutir, quanto mais aprovar, a possibilidade de matar o mais indefeso dos seres humanos, no ventre das suas m\u00e3es, pelos mais torpes motivos, \u00e9 porque as for\u00e7as do mal j\u00e1 venceram. Se at\u00e9 isso \u00e9 permitido, os valores morais b\u00e1sicos foram abandonados, e j\u00e1 vivemos no inferno.<\/p>\n<p>No caso brasileiro, o m\u00e9todo utilizado pela esquerda para implementar a medida \u00e9 uma prova que houve, al\u00e9m da degenera\u00e7\u00e3o moral, a destrui\u00e7\u00e3o do pr\u00f3prio Estado de Direito.<\/p>\n<p>A Constitui\u00e7\u00e3o brasileira deixa muito claro que h\u00e1 uma divis\u00e3o do poder entre tr\u00eas entes: o Executivo, o Judici\u00e1rio e o Legislativo.<\/p>\n<p>Nesse arranjo, a soberania popular, que \u00e9 a base da ideia de democracia, deveria ser representada pelo Legislativo. Ao Judici\u00e1rio, caberia apenas julgar pelas leis definidas pelos representantes do povo, que s\u00e3o os deputados e senadores.<\/p>\n<p>Seguindo um processo gramsciano, a esquerda aparelhou o Judici\u00e1rio, que passou a ser o Legislativo de fato, usurpando ilegalmente a prerrogativa dos representantes do povo, enfiando goela abaixo do povo toda a agenda socialista. Quem criticar \u00e9 &#8220;inimigo da democracia&#8221; e deve ser censurado, perseguido e preso. Detalhe: todas as pesquisas, feitas por institutos esquerdistas, diga-se de passagem, mostram que a esmagadora maioria de brasileiros \u00e9 contra a legaliza\u00e7\u00e3o indiscriminada do aborto.<\/p>\n<p>Como afirmou Rui Barbosa, a ditadura do Judici\u00e1rio \u00e9 a pior que existe, pois n\u00e3o h\u00e1 a quem recorrer. <\/p>\n<p>&#8220;De tanto ver triunfar as nulidades; de tanto ver prosperar a desonra, de tanto ver crescer a injusti\u00e7a. De tanto ver agigantarem-se os poderes nas m\u00e3os dos maus, o homem chega a desanimar-se da virtude, a rir-se da honra e a ter vergonha de ser honesto.&#8221;<br \/>\n<br \/><a href=\"https:\/\/www.youtube.com\/watch?v=ScdPa1fS-NU\">source<\/a><\/p>","protected":false},"excerpt":{"rendered":"<p>A esquerda transformou o aborto num tema central da sua agenda por motivos que pouca gente conhece. N\u00e3o se trata de &#8220;sa\u00fade p\u00fablica&#8221;, ou mesmo da defesa dos &#8220;direitos femininos&#8221;,&hellip;<\/p>","protected":false},"author":1,"featured_media":3499,"comment_status":"","ping_status":"open","sticky":false,"template":"","format":"standard","meta":{"content-type":"","footnotes":""},"categories":[1],"tags":[],"class_list":["post-3498","post","type-post","status-publish","format-standard","has-post-thumbnail","hentry","category-uncategorized"],"_links":{"self":[{"href":"https:\/\/tvbrazilusa.com\/pt\/wp-json\/wp\/v2\/posts\/3498","targetHints":{"allow":["GET"]}}],"collection":[{"href":"https:\/\/tvbrazilusa.com\/pt\/wp-json\/wp\/v2\/posts"}],"about":[{"href":"https:\/\/tvbrazilusa.com\/pt\/wp-json\/wp\/v2\/types\/post"}],"author":[{"embeddable":true,"href":"https:\/\/tvbrazilusa.com\/pt\/wp-json\/wp\/v2\/users\/1"}],"replies":[{"embeddable":true,"href":"https:\/\/tvbrazilusa.com\/pt\/wp-json\/wp\/v2\/comments?post=3498"}],"version-history":[{"count":0,"href":"https:\/\/tvbrazilusa.com\/pt\/wp-json\/wp\/v2\/posts\/3498\/revisions"}],"wp:featuredmedia":[{"embeddable":true,"href":"https:\/\/tvbrazilusa.com\/pt\/wp-json\/wp\/v2\/media\/3499"}],"wp:attachment":[{"href":"https:\/\/tvbrazilusa.com\/pt\/wp-json\/wp\/v2\/media?parent=3498"}],"wp:term":[{"taxonomy":"category","embeddable":true,"href":"https:\/\/tvbrazilusa.com\/pt\/wp-json\/wp\/v2\/categories?post=3498"},{"taxonomy":"post_tag","embeddable":true,"href":"https:\/\/tvbrazilusa.com\/pt\/wp-json\/wp\/v2\/tags?post=3498"}],"curies":[{"name":"wp","href":"https:\/\/api.w.org\/{rel}","templated":true}]}}