{"id":35028,"date":"2024-09-10T17:17:46","date_gmt":"2024-09-10T17:17:46","guid":{"rendered":"https:\/\/tvbrazilusa.com\/2024\/09\/10\/linsey-davis-da-abc-sera-o-centro-das-atencoes-no-debate-trump-harris\/"},"modified":"2024-09-10T17:31:23","modified_gmt":"2024-09-10T17:31:23","slug":"linsey-davis-da-abc-sera-o-centro-das-atencoes-no-debate-trump-harris","status":"publish","type":"post","link":"https:\/\/tvbrazilusa.com\/pt\/2024\/09\/10\/linsey-davis-da-abc-sera-o-centro-das-atencoes-no-debate-trump-harris\/","title":{"rendered":"Linsey Davis da ABC ser\u00e1 o centro das aten\u00e7\u00f5es no debate Trump-Harris"},"content":{"rendered":"<p> <script async src=\"https:\/\/pagead2.googlesyndication.com\/pagead\/js\/adsbygoogle.js?client=ca-pub-8864793242727901\"\r\n     crossorigin=\"anonymous\"><\/script><br \/>\n<\/p>\n<div id=\"\">\n<header class=\"m-article-header m-article-header--standard\">\n\t\t\t\t\t\t\t\t\t\t\t\t<span id=\"article-header-primary-term\"><br \/>\n\t\t\t\t\t\t\t\t<a class=\"a-term a-term--primary\" href=\"https:\/\/www.boston.com\/tag\/media\/\"><\/p>\n<p>\t\t\t\t\t\t\t\tM\u00eddia\t\t\t\t\t\t\t\t<\/a><br \/>\n\t\t\t\t\t\t\t<\/span><\/p>\n<h2 class=\"m-article-header__sub-headline\">Aqueles que trabalharam com Davis ao longo de sua carreira acham que ela est\u00e1 pronta para o desafio.<\/h2>\n<figure class=\"a-photo m-article-header__photo\"><figcaption class=\"a-photo__caption\">\n<p>\tO \u00e2ncora do ABC World News Tonight, David Muir, \u00e0 esquerda, se dirige aos membros da audi\u00eancia enquanto est\u00e1 com a \u00e2ncora do ABC News Live, Linsey Davis, sexta-feira, 7 de fevereiro de 2020, em Manchester, NH  <em> AP Photo\/Elise Amendola, Arquivo<\/em>\t<\/figcaption><\/figure>\n<div class=\"m-article-header__meta\">\n<div class=\"m-article-header__byline\">\n<p class=\"m-article-header__author\">\n<p>\t\t\t\t\t\t\t\tPor Jeremy Barr, Washington Post\t\t\t\t\t\t\t<\/p>\n<p>\t\t\t\t\t\t    \t\t\t\t\t\t\t<time class=\"m-article-header__date\"><\/p>\n<p>        \t\t\t\t\t\t\tatualizado em 10 de setembro de 2024 | 13h17    \t\t\t\t\t\t\t<\/time><\/p><\/div>\n<\/p><\/div>\n<\/header>\n<p>Quando os espectadores ligarem a TV no debate presidencial de ter\u00e7a-feira, eles podem reconhecer David Muir, que apresenta o programa de not\u00edcias mais assistido da televis\u00e3o, o &#8220;World News Tonight&#8221; da ABC. Mas eles podem estar menos familiarizados com sua co-moderadora Linsey Davis, que subiu na hierarquia da rede nos \u00faltimos 17 anos e agora tem o maior teste \u2014 e oportunidade \u2014 de sua carreira: facilitar uma conversa entre a vice-presidente Kamala Harris e o ex-presidente Donald Trump que pode determinar quem vence a corrida de 2024.<\/p>\n<p>Aqueles que trabalharam com Davis ao longo de sua carreira acham que ela est\u00e1 pronta para o desafio.<\/p>\n<p>\u201cSua firmeza, sua imperturbabilidade, a tornam realmente perfeita para isso\u201d, disse a correspondente da ABC News Martha Raddatz, que moderou os debates das elei\u00e7\u00f5es gerais em 2012 e 2016. \u201cEla estar\u00e1 em um palco muito grande, e sei que ela est\u00e1 confort\u00e1vel com isso porque ela fez e est\u00e1 fazendo sua li\u00e7\u00e3o de casa.\u201d<\/p>\n<p>Raddatz, que conhece Davis desde que cobriram juntas o terremoto de 2010 no Haiti, disse que conversou com ela sobre a estrat\u00e9gia do debate, mas n\u00e3o revelou nenhum detalhe.<\/p>\n<p>\u201cEla vai manter o controle\u201d, Raddatz previu. \u201cEla vai obter as informa\u00e7\u00f5es de que precisa, e vai fazer isso de uma forma que seja exatamente a forma como ela deve fazer, apenas continuar pressionando e fazer isso respeitosamente e do seu pr\u00f3prio jeito.\u201d<\/p>\n<p>Davis, 46, \u00e9 a apresentadora do notici\u00e1rio noturno da ABC, &#8220;ABC News Live Prime&#8221;, e da edi\u00e7\u00e3o de domingo do carro-chefe da rede, &#8220;World News Tonight&#8221;. Embora ela tenha moderado dois debates das prim\u00e1rias democratas de 2020, nenhum deles teve o mesmo significado nacional de um confronto eleitoral geral \u2014 e nenhum deles incluiu um participante que tenha mostrado um hist\u00f3rico de atacar moderadores da mesma forma que Trump. O ex-presidente j\u00e1 telegrafou sua frustra\u00e7\u00e3o com a rede, que ele chamou de &#8220;a pior&#8221;, e recentemente brigou com a colega de Davis, Rachel Scott, em um f\u00f3rum organizado pela National Association of Black Journalists. (A ABC n\u00e3o disponibilizou Davis para uma entrevista.)<\/p>\n<p>Seni Tienabeso trabalha com Davis desde 2007 e em 2020 fez uma parceria com ela para lan\u00e7ar o programa de not\u00edcias noturno em streaming. Ele tamb\u00e9m atuou como membro da equipe de prepara\u00e7\u00e3o de debates dela.<\/p>\n<p>\u201cDesde o momento em que ela ouviu [that she would co-moderate the debate]ela tem ingerido vorazmente toda e qualquer informa\u00e7\u00e3o sobre os candidatos\u201d, disse Tienabeso, que supervisiona o canal de streaming da rede.<\/p>\n<p>Com uma audi\u00eancia t\u00e3o grande \u2014 51,3 milh\u00f5es de espectadores assistiram ao primeiro debate em junho \u2014 moderar um confronto presidencial pode ser um momento de destaque para um \u00e2ncora de not\u00edcias. Mas &#8220;ela n\u00e3o est\u00e1 pensando nisso da parte da exposi\u00e7\u00e3o&#8221;, disse Tienabeso. &#8220;Ela est\u00e1 pensando nisso da parte do Jornalismo com J mai\u00fasculo. &#8230; Estou animado que o pa\u00eds ver\u00e1 o qu\u00e3o proposital ela \u00e9 com a forma como apresenta not\u00edcias e informa\u00e7\u00f5es e o qu\u00e3o diligente e s\u00e9ria ela \u00e9 como jornalista.&#8221;<\/p>\n<p>Raddatz disse que os moderadores da ABC &#8220;est\u00e3o l\u00e1 para fazer perguntas que ajudem a informar o p\u00fablico&#8221;, em vez de se tornarem o centro do evento. Essa \u00e9 a mesma abordagem que Jake Tapper e Dana Bashtook, da CNN, fizeram em junho, quando se concentraram mais em facilitar uma conversa entre Trump e o presidente Joe Biden do que em se inserir para corrigir falsidades, uma abordagem que n\u00e3o foi uniformemente popular.<\/p>\n<p>Em um n\u00edvel pessoal, Tienabeso disse que Davis \u00e9 estrondosamente engra\u00e7ada, \u00e9 gentil com todos que encontra e \u00e9 muito comprometida com sua f\u00e9. Ela tamb\u00e9m encontrou tempo para escrever seis livros infantis.<\/p>\n<p>Davis come\u00e7ou como rep\u00f3rter para a esta\u00e7\u00e3o de televis\u00e3o local da ABC em Flint, Michigan, em 2001. De l\u00e1, ela se juntou \u00e0 WTHR-TV em Indian\u00e1polis em 2003 e se tornou \u00e2ncora de not\u00edcias de fim de semana. Foi l\u00e1 que John Krull, o diretor da escola de jornalismo do Franklin College em Indiana, conheceu e ficou impressionado com Davis.<\/p>\n<p>Alguns meses atr\u00e1s, Krull jantou com Davis quando ele estava visitando a cidade de Nova York. Quando ele sugeriu que ela escrevesse um livro baseado em um artigo recente que ela fez sobre aprender suas ra\u00edzes ancestrais, ela respondeu: \u201cPor que algu\u00e9m se importaria comigo desse jeito? Por que algu\u00e9m estaria t\u00e3o interessado na minha vida?\u201d<\/p>\n<p>\u201cEla \u00e9 uma qualidade rara em nosso neg\u00f3cio, que n\u00e3o est\u00e1 determinada a mostrar que \u00e9 a pessoa mais brilhante na sala o tempo todo, embora geralmente seja\u201d, disse ele. \u201cEm um mundo televisivo povoado por egos enormes, ela n\u00e3o tem um.\u201d<\/p>\n<p>Krull estar\u00e1 assistindo animadamente \u2013 e provavelmente nervoso \u2013 na ter\u00e7a-feira \u00e0 noite.<\/p>\n<p>\u201c\u00c9 uma oportunidade incr\u00edvel para ela. \u00c9 uma tremenda responsabilidade\u201d, ele disse. Mas ele est\u00e1 preocupado sobre como o ex-presidente pode trat\u00e1-la, considerando seus ataques verbais anteriores a outras jornalistas negras, incluindo Scott, em julho. \u201cCertamente, dado o hist\u00f3rico, \u00e9 um risco maior para Linsey do que para seu colega homem.\u201d<\/p>\n<p>De qualquer forma, o debate certamente aumentar\u00e1 o perfil nacional de Davis. \u201cEu realmente acredito que Linsey \u00e9 uma estrela na ABC porque ela \u00e9 uma jornalista e apresentadora excelentes\u201d, disse Raddatz. \u201cFelizmente, ela ficar\u00e1 conosco por muito tempo.\u201d<\/p>\n<\/p><\/div>\n<p><script>\n\t\tvar consent=\"grant\";\n\t\t\/* The above code is parsing the JSON data from the local storage and storing it in a variable. *\/\n\t\t\t\t\tconst onetrustStorageConsent = JSON.parse(localStorage.getItem( 'consent_one_trust_bdc' ) );\n\t\t\tif ( ( onetrustStorageConsent !== null ) ) {\n\t\t\t\t\/* Checking to see if the user has consented to the use of cookies.\n\t\t\t\t* If they have not, it is deleting the cookie.\n\t\t\t\t* This will comment for now, until further notice.\n\t\t\t\t*\/\n\t\t\t\t\/\/if ( onetrustStorageConsent.C0002 === false ) {\n\t\t\t\t\/\/\tdocument.cookie=\"_fbp=;expires=Thu, 01 Jan 2010 00:00:00 UTC; path=\/; domain=.boston.com\";\n\t\t\t\t\/\/}\n\t\t\t\t\/* Checking if the user has given consent for the cookie C0002.\n\t\t\t\t* If the user has given consent, the variable consent will be set to 'grant'.\n\t\t\t\t* If the user has not given consent,the variable consent will be set to 'revoke'.\n\t\t\t\t* Documentation https:\/\/developers.facebook.com\/docs\/meta-pixel\/implementation\/gdpr\n\t\t\t\t*\/\n\t\t\t\tif ( onetrustStorageConsent.C0002 !== true ) {\n\t\t\t\t\tconsent=\"revoke\";\n\t\t\t\t}\n\t\t\t}\n\t\t\t\t!function(f,b,e,v,n,t,s)\n\t\t{if(f.fbq)return;n=f.fbq=function(){n.callMethod?\n\t\tn.callMethod.apply(n,arguments):n.queue.push(arguments)};\n\t\tif(!f._fbq)f._fbq=n;n.push=n;n.loaded=!0;n.version='2.0';\n\t\tn.queue=[];t=b.createElement(e);t.async=!0;\n\t\tt.src=v;s=b.getElementsByTagName(e)[0];\n\t\ts.parentNode.insertBefore(t,s)}(window, document,'script',\n\t\t'https:\/\/connect.facebook.net\/en_US\/fbevents.js');\n\t\tfbq('consent', consent);\n\t\tfbq('init', '989222871864976');\n\t\tfbq('track', 'PageView');\n\t<\/script><script type=\"module\">\n\t\tvar consent=\"grant\";\n\t\t\/* The above code is parsing the JSON data from the local storage and storing it in a variable. *\/\n\t\t\tconst onetrustStorageConsent = JSON.parse(localStorage.getItem( 'consent_one_trust_bdc' ) );\n\t\t\t\/* Checking to see if the user has consented to the use of cookies.\n\t\t\t* If they have not, it is deleting the cookie.\n\t\t\t* This will comment for now, until further notice.\n\t\t\t*\/\n\t\t\t\/\/if ( onetrustStorageConsent.C0002 === false ) {\n\t\t\t\/\/\tdocument.cookie=\"_fbp=;expires=Thu, 01 Jan 2010 00:00:00 UTC; path=\/; domain=.boston.com\";\n\t\t\t\/\/}\n\t\t\t\/* Checking if the user has given consent for the cookie C0002.\n\t\t\t* If the user has given consent, the variable consent will be set to 'grant'.\n\t\t\t* If the user has not given consent,the variable consent will be set to 'revoke'.\n\t\t\t* Documentation https:\/\/developers.facebook.com\/docs\/meta-pixel\/implementation\/gdpr\n\t\t\t*\/\n\t\t\tif ( ( onetrustStorageConsent !== null ) && (onetrustStorageConsent.C0002 !== true ) ) {\n\t\t\t\tconsent=\"revoke\";\n\t\t\t}\n\t\t\t\t!function(f,b,e,v,n,t,s){if(f.fbq)return;n=f.fbq=function()\n\t\t{n.callMethod? n.callMethod.apply(n,arguments):n.queue.push(arguments)}\n\t\t;if(!f._fbq)f._fbq=n;\n\t\tn.push=n;n.loaded=!0;n.version='2.0';n.queue=[];t=b.createElement(e);t.async=!0;\n\t\tt.src=v;s=b.getElementsByTagName(e)[0];s.parentNode.insertBefore(t,s)}(window,\n\t\tdocument,'script','https:\/\/connect.facebook.net\/en_US\/fbevents.js');\n\t\tfbq('consent', consent);\n\t\tfbq('init', '813236348753005');\n\t\tfbq('track', \"PageView\");\n\t<\/script><br \/>\n<br \/><br \/>\n<br \/><a href=\"https:\/\/www.boston.com\/news\/media\/2024\/09\/10\/abcs-linsey-davis-will-take-center-stage-at-trump-harris-debate\/\">Source link <\/a><\/p>","protected":false},"excerpt":{"rendered":"<p>M\u00eddia Aqueles que trabalharam com Davis ao longo de sua carreira acham que ela est\u00e1 pronta para o desafio. O \u00e2ncora do ABC World News Tonight, David Muir, \u00e0 esquerda,&hellip;<\/p>","protected":false},"author":1,"featured_media":35029,"comment_status":"closed","ping_status":"open","sticky":false,"template":"","format":"standard","meta":{"content-type":"","footnotes":""},"categories":[1],"tags":[],"class_list":["post-35028","post","type-post","status-publish","format-standard","has-post-thumbnail","hentry","category-uncategorized"],"_links":{"self":[{"href":"https:\/\/tvbrazilusa.com\/pt\/wp-json\/wp\/v2\/posts\/35028","targetHints":{"allow":["GET"]}}],"collection":[{"href":"https:\/\/tvbrazilusa.com\/pt\/wp-json\/wp\/v2\/posts"}],"about":[{"href":"https:\/\/tvbrazilusa.com\/pt\/wp-json\/wp\/v2\/types\/post"}],"author":[{"embeddable":true,"href":"https:\/\/tvbrazilusa.com\/pt\/wp-json\/wp\/v2\/users\/1"}],"replies":[{"embeddable":true,"href":"https:\/\/tvbrazilusa.com\/pt\/wp-json\/wp\/v2\/comments?post=35028"}],"version-history":[{"count":1,"href":"https:\/\/tvbrazilusa.com\/pt\/wp-json\/wp\/v2\/posts\/35028\/revisions"}],"predecessor-version":[{"id":35030,"href":"https:\/\/tvbrazilusa.com\/pt\/wp-json\/wp\/v2\/posts\/35028\/revisions\/35030"}],"wp:featuredmedia":[{"embeddable":true,"href":"https:\/\/tvbrazilusa.com\/pt\/wp-json\/wp\/v2\/media\/35029"}],"wp:attachment":[{"href":"https:\/\/tvbrazilusa.com\/pt\/wp-json\/wp\/v2\/media?parent=35028"}],"wp:term":[{"taxonomy":"category","embeddable":true,"href":"https:\/\/tvbrazilusa.com\/pt\/wp-json\/wp\/v2\/categories?post=35028"},{"taxonomy":"post_tag","embeddable":true,"href":"https:\/\/tvbrazilusa.com\/pt\/wp-json\/wp\/v2\/tags?post=35028"}],"curies":[{"name":"wp","href":"https:\/\/api.w.org\/{rel}","templated":true}]}}