{"id":35057,"date":"2024-09-10T18:20:29","date_gmt":"2024-09-10T18:20:29","guid":{"rendered":"https:\/\/tvbrazilusa.com\/2024\/09\/10\/sao-paulo-poluicao-corresponde-a-4-ou-5-cigarros-por-dia-diz-medico\/"},"modified":"2024-09-10T18:20:31","modified_gmt":"2024-09-10T18:20:31","slug":"sao-paulo-poluicao-corresponde-a-4-ou-5-cigarros-por-dia-diz-medico","status":"publish","type":"post","link":"https:\/\/tvbrazilusa.com\/pt\/2024\/09\/10\/sao-paulo-poluicao-corresponde-a-4-ou-5-cigarros-por-dia-diz-medico\/","title":{"rendered":"S\u00e3o Paulo: Polui\u00e7\u00e3o corresponde a 4 ou 5 cigarros por dia, diz m\u00e9dico"},"content":{"rendered":"<p> <script async src=\"https:\/\/pagead2.googlesyndication.com\/pagead\/js\/adsbygoogle.js?client=ca-pub-8864793242727901\"\r\n     crossorigin=\"anonymous\"><\/script><br \/>\n<\/p>\n<div>\n<figure class=\"post-image\">\n<\/figure>\n<p><span style=\"font-size: 12px\">Reprodu\u00e7\u00e3o CNN<\/span><\/p>\n<div id=\"taboola-read-more\" style=\"display:block; width:100%\">\n<p>A <a href=\"https:\/\/www.cnnbrasil.com.br\/nacional\/cidade-de-sao-paulo-tem-ar-mais-poluido-do-mundo-pelo-2o-dia-consecutivo\/#:~:text=A%20qualidade%20do%20ar%20na,no%20%C3%ADndice%20desenvolvido%20pelo%20instituto.\">polui\u00e7\u00e3o atmosf\u00e9rica em S\u00e3o Paulo atingiu n\u00edveis alarmantes<\/a>, equivalendo ao consumo involunt\u00e1rio de quatro a cinco cigarros por dia, segundo alerta do m\u00e9dico patologista Paulo Saldiva em entrevista \u00e0 <strong>CNN Brasil<\/strong>. O especialista tra\u00e7ou um paralelo preocupante entre a qualidade do ar na capital paulista e os efeitos nocivos do tabagismo.<\/p>\n<p>A situa\u00e7\u00e3o \u00e9 t\u00e3o cr\u00edtica que imagens ao vivo do centro de S\u00e3o Paulo mostram a cidade praticamente desaparecida sob uma densa camada de part\u00edculas poluentes e gases t\u00f3xicos em suspens\u00e3o. Este cen\u00e1rio levanta s\u00e9rias preocupa\u00e7\u00f5es sobre a sa\u00fade respirat\u00f3ria dos paulistanos, especialmente aqueles com condi\u00e7\u00f5es pr\u00e9-existentes.<\/p>\n<h2>Pulm\u00e3o tatuado<\/h2>\n<p>A polui\u00e7\u00e3o tamb\u00e9m estaria causando um fen\u00f4meno conhecido como \u201cpulm\u00e3o tatuado\u201d. Segundo o especialista, a fuligem presente no ar n\u00e3o apenas suja superf\u00edcies externas, como cortinas e roupas, mas tamb\u00e9m penetra profundamente nos pulm\u00f5es. \u201cComo essa fuligem n\u00e3o \u00e9 carv\u00e3o, n\u00e3o \u00e9 grafite simples, ela cont\u00e9m subst\u00e2ncias que provocam inflama\u00e7\u00e3o\u201d, explica Saldiva.<\/p>\n<h2>Medidas de prote\u00e7\u00e3o recomendadas<\/h2>\n<p>Diante desse quadro, o Dr. Saldiva ofereceu algumas recomenda\u00e7\u00f5es pr\u00e1ticas para a popula\u00e7\u00e3o:<\/p>\n<aside class=\"read-too read-too--with-img\"\/> <\/div>\n<div class=\"row mt-3\">\n<div class=\"col-sm-6\">\n<p><a href=\"https:\/\/chat.whatsapp.com\/GwURnmOyPiN1XheGYvCspN\" target=\"_blank\" rel=\"noopener\"><br \/>\n<img decoding=\"async\" src=\"https:\/\/diariodobrasilnoticias.com.br\/assets-site\/images\/bot_whatsapp.png\"\/><\/a>\n<\/div>\n<div class=\"col-sm-6\">\n<a href=\"https:\/\/t.me\/+_4gTmi5LKo03OTM5\" target=\"_blank\" rel=\"noopener\"><br \/>\n<img decoding=\"async\" src=\"https:\/\/diariodobrasilnoticias.com.br\/assets-site\/images\/bot_telegram.png\"\/><\/a>\n<\/div>\n<\/div>\n<\/div>\n<p><br \/>\n<br \/><a href=\"https:\/\/diariodobrasilnoticias.com.br\/noticia\/sao-paulo-poluicao-corresponde-a-4-ou-5-cigarros-por-dia-diz-medico-66e06e63aef41\">Source link <\/a><\/p>","protected":false},"excerpt":{"rendered":"<p>Reprodu\u00e7\u00e3o CNN A polui\u00e7\u00e3o atmosf\u00e9rica em S\u00e3o Paulo atingiu n\u00edveis alarmantes, equivalendo ao consumo involunt\u00e1rio de quatro a cinco cigarros por dia, segundo alerta do m\u00e9dico patologista Paulo Saldiva em&hellip;<\/p>","protected":false},"author":1,"featured_media":35058,"comment_status":"closed","ping_status":"open","sticky":false,"template":"","format":"standard","meta":{"content-type":"","footnotes":""},"categories":[16],"tags":[123,2448,5313,1267],"class_list":["post-35057","post","type-post","status-publish","format-standard","has-post-thumbnail","hentry","category-noticias","tag-brasil","tag-diario","tag-noticia","tag-noticias"],"_links":{"self":[{"href":"https:\/\/tvbrazilusa.com\/pt\/wp-json\/wp\/v2\/posts\/35057","targetHints":{"allow":["GET"]}}],"collection":[{"href":"https:\/\/tvbrazilusa.com\/pt\/wp-json\/wp\/v2\/posts"}],"about":[{"href":"https:\/\/tvbrazilusa.com\/pt\/wp-json\/wp\/v2\/types\/post"}],"author":[{"embeddable":true,"href":"https:\/\/tvbrazilusa.com\/pt\/wp-json\/wp\/v2\/users\/1"}],"replies":[{"embeddable":true,"href":"https:\/\/tvbrazilusa.com\/pt\/wp-json\/wp\/v2\/comments?post=35057"}],"version-history":[{"count":1,"href":"https:\/\/tvbrazilusa.com\/pt\/wp-json\/wp\/v2\/posts\/35057\/revisions"}],"predecessor-version":[{"id":35059,"href":"https:\/\/tvbrazilusa.com\/pt\/wp-json\/wp\/v2\/posts\/35057\/revisions\/35059"}],"wp:featuredmedia":[{"embeddable":true,"href":"https:\/\/tvbrazilusa.com\/pt\/wp-json\/wp\/v2\/media\/35058"}],"wp:attachment":[{"href":"https:\/\/tvbrazilusa.com\/pt\/wp-json\/wp\/v2\/media?parent=35057"}],"wp:term":[{"taxonomy":"category","embeddable":true,"href":"https:\/\/tvbrazilusa.com\/pt\/wp-json\/wp\/v2\/categories?post=35057"},{"taxonomy":"post_tag","embeddable":true,"href":"https:\/\/tvbrazilusa.com\/pt\/wp-json\/wp\/v2\/tags?post=35057"}],"curies":[{"name":"wp","href":"https:\/\/api.w.org\/{rel}","templated":true}]}}