{"id":35134,"date":"2024-09-10T20:56:20","date_gmt":"2024-09-10T20:56:20","guid":{"rendered":"https:\/\/tvbrazilusa.com\/2024\/09\/10\/urgente-deolane-tem-prisao-domiciliar-revogada-apos-descumprir-medidas-cautelares-e-volta-para-presidio-no-recife\/"},"modified":"2024-09-10T20:56:21","modified_gmt":"2024-09-10T20:56:21","slug":"urgente-deolane-tem-prisao-domiciliar-revogada-apos-descumprir-medidas-cautelares-e-volta-para-presidio-no-recife","status":"publish","type":"post","link":"https:\/\/tvbrazilusa.com\/pt\/2024\/09\/10\/urgente-deolane-tem-prisao-domiciliar-revogada-apos-descumprir-medidas-cautelares-e-volta-para-presidio-no-recife\/","title":{"rendered":"Urgente: Deolane tem pris\u00e3o domiciliar revogada ap\u00f3s descumprir medidas cautelares e volta para pres\u00eddio no Recife"},"content":{"rendered":"<p> <script async src=\"https:\/\/pagead2.googlesyndication.com\/pagead\/js\/adsbygoogle.js?client=ca-pub-8864793242727901\"\r\n     crossorigin=\"anonymous\"><\/script><br \/>\n<\/p>\n<div data-block-type=\"unstyled\" data-block-weight=\"44\" data-block-id=\"4\">\n<p class=\"content-text__container\" data-track-category=\"Link no Texto\" data-track-links=\"\" data-mrf-recirculation=\"Article links\">Segundo informa\u00e7\u00f5es apuradas pela <strong>TV Globo<\/strong>, a justificativa foi o fato de Deolane ter descumprido duas das medidas cautelares impostas pelo judici\u00e1rio. Pelas regras determinadas pelo TJPE, <a class=\"\" href=\"https:\/\/g1.globo.com\/pe\/pernambuco\/noticia\/2024\/09\/09\/justica-concede-habeas-corpus-e-manda-soltar-deolane-bezerra-presa-em-operacao-contra-lavagem-de-dinheiro-e-jogos-ilegais.ghtml\" data-mrf-link=\"https:\/\/g1.globo.com\/pe\/pernambuco\/noticia\/2024\/09\/09\/justica-concede-habeas-corpus-e-manda-soltar-deolane-bezerra-presa-em-operacao-contra-lavagem-de-dinheiro-e-jogos-ilegais.ghtml\">a influenciadora n\u00e3o podia se manifestar por meio de redes sociais, imprensa e outros meios de comunica\u00e7\u00e3<\/a>o.<\/p>\n<\/div>\n<p><br \/>\n<br \/><a href=\"https:\/\/diariodobrasilnoticias.com.br\/noticia\/urgente-deolane-tem-prisao-domiciliar-revogada-apos-descumprir-medidas-cautelares-e-volta-para-presidio-no-recife-66e080492d818\">Source link <\/a><\/p>","protected":false},"excerpt":{"rendered":"<p>Segundo informa\u00e7\u00f5es apuradas pela TV Globo, a justificativa foi o fato de Deolane ter descumprido duas das medidas cautelares impostas pelo judici\u00e1rio. Pelas regras determinadas pelo TJPE, a influenciadora n\u00e3o&hellip;<\/p>","protected":false},"author":1,"featured_media":35135,"comment_status":"closed","ping_status":"open","sticky":false,"template":"","format":"standard","meta":{"content-type":"","footnotes":""},"categories":[16],"tags":[123,2448,5313,1267],"class_list":["post-35134","post","type-post","status-publish","format-standard","has-post-thumbnail","hentry","category-noticias","tag-brasil","tag-diario","tag-noticia","tag-noticias"],"_links":{"self":[{"href":"https:\/\/tvbrazilusa.com\/pt\/wp-json\/wp\/v2\/posts\/35134","targetHints":{"allow":["GET"]}}],"collection":[{"href":"https:\/\/tvbrazilusa.com\/pt\/wp-json\/wp\/v2\/posts"}],"about":[{"href":"https:\/\/tvbrazilusa.com\/pt\/wp-json\/wp\/v2\/types\/post"}],"author":[{"embeddable":true,"href":"https:\/\/tvbrazilusa.com\/pt\/wp-json\/wp\/v2\/users\/1"}],"replies":[{"embeddable":true,"href":"https:\/\/tvbrazilusa.com\/pt\/wp-json\/wp\/v2\/comments?post=35134"}],"version-history":[{"count":1,"href":"https:\/\/tvbrazilusa.com\/pt\/wp-json\/wp\/v2\/posts\/35134\/revisions"}],"predecessor-version":[{"id":35136,"href":"https:\/\/tvbrazilusa.com\/pt\/wp-json\/wp\/v2\/posts\/35134\/revisions\/35136"}],"wp:featuredmedia":[{"embeddable":true,"href":"https:\/\/tvbrazilusa.com\/pt\/wp-json\/wp\/v2\/media\/35135"}],"wp:attachment":[{"href":"https:\/\/tvbrazilusa.com\/pt\/wp-json\/wp\/v2\/media?parent=35134"}],"wp:term":[{"taxonomy":"category","embeddable":true,"href":"https:\/\/tvbrazilusa.com\/pt\/wp-json\/wp\/v2\/categories?post=35134"},{"taxonomy":"post_tag","embeddable":true,"href":"https:\/\/tvbrazilusa.com\/pt\/wp-json\/wp\/v2\/tags?post=35134"}],"curies":[{"name":"wp","href":"https:\/\/api.w.org\/{rel}","templated":true}]}}