{"id":35142,"date":"2024-09-10T19:55:44","date_gmt":"2024-09-10T19:55:44","guid":{"rendered":"https:\/\/tvbrazilusa.com\/2024\/09\/10\/uma-estacao-de-esqui-de-vermont-compartilhou-um-video-de-sua-primeira-aparicao-de-neve-da-temporada\/"},"modified":"2024-09-10T21:05:16","modified_gmt":"2024-09-10T21:05:16","slug":"uma-estacao-de-esqui-de-vermont-compartilhou-um-video-de-sua-primeira-aparicao-de-neve-da-temporada","status":"publish","type":"post","link":"https:\/\/tvbrazilusa.com\/pt\/2024\/09\/10\/uma-estacao-de-esqui-de-vermont-compartilhou-um-video-de-sua-primeira-aparicao-de-neve-da-temporada\/","title":{"rendered":"Uma esta\u00e7\u00e3o de esqui de Vermont compartilhou um v\u00eddeo de sua primeira apari\u00e7\u00e3o de neve da temporada"},"content":{"rendered":"<p> <script async src=\"https:\/\/pagead2.googlesyndication.com\/pagead\/js\/adsbygoogle.js?client=ca-pub-8864793242727901\"\r\n     crossorigin=\"anonymous\"><\/script><br \/>\n<\/p>\n<div id=\"\">\n<header class=\"m-article-header m-article-header--standard\">\n\t\t\t\t\t\t\t\t\t\t\t\t<span id=\"article-header-primary-term\"><br \/>\n\t\t\t\t\t\t\t\t<a class=\"a-term a-term--primary\" href=\"https:\/\/www.boston.com\/tag\/skiing\/\"><\/p>\n<p>\t\t\t\t\t\t\t\tEsquiar\t\t\t\t\t\t\t\t<\/a><br \/>\n\t\t\t\t\t\t\t<\/span><\/p>\n<h2 class=\"m-article-header__sub-headline\">&#8220;Um bom press\u00e1gio para futuros bonecos de neve.&#8221;<\/h2>\n<figure class=\"a-photo m-article-header__photo\"><figcaption class=\"a-photo__caption\">\n<p>\t Um esquiador desce uma encosta no Jay Peak Resort. <em> Caleb Kenna \/ The New York Times, Arquivo<\/em>\t<\/figcaption><\/figure>\n<\/header>\n<p>Embora a previs\u00e3o de Boston aponte para <a href=\"https:\/\/www.boston.com\/category\/weather\/?p1=header_subnav\">temperaturas de ver\u00e3o<\/a> esta semana, nossos vizinhos de Vermont j\u00e1 est\u00e3o vendo sinais do inverno.<\/p>\n<div class=\"m-block t-amp__list-container m-article-list-container m-article-list-container--frame-border a-border-frame  a-list-header__headline--red m-article-list--alternative--default  m-article-list--full\">\n<ul class=\"t-amp__list a-list--no-style m-article-list m-article-list--recirculation m-article-list--has-images\">\n<li class=\"m-article-list__item\">\n\t\t\t\t<a class=\"m-article-list__link-wrapper\" href=\"https:\/\/www.boston.com\/travel\/flights\/2024\/09\/10\/snag-2-fall-flights-for-kids-from-boston-to-europe\/\" data-p1=\"article_recirc_inline_feature\"><br \/>\n\t\t\t\t<img fetchpriority=\"high\" decoding=\"async\" width=\"768\" height=\"432\" src=\"https:\/\/bdc2020.o0bc.com\/wp-content\/uploads\/2022\/05\/PLAY-In-Flight-61bb5230f1b9b-scaled-1-627519d1be9d6-768x432.jpeg\" class=\"t-amp__list-image m-article-list__image\" alt=\"JOGUE companhias a\u00e9reas\" aria-hidden=\"true\" srcset=\"https:\/\/bdc2020.o0bc.com\/wp-content\/uploads\/2022\/05\/PLAY-In-Flight-61bb5230f1b9b-scaled-1-627519d1be9d6-768x432.jpeg?width=200 200w, https:\/\/bdc2020.o0bc.com\/wp-content\/uploads\/2022\/05\/PLAY-In-Flight-61bb5230f1b9b-scaled-1-627519d1be9d6-768x432.jpeg?width=300 300w, https:\/\/bdc2020.o0bc.com\/wp-content\/uploads\/2022\/05\/PLAY-In-Flight-61bb5230f1b9b-scaled-1-627519d1be9d6-768x432.jpeg?width=400 400w, https:\/\/bdc2020.o0bc.com\/wp-content\/uploads\/2022\/05\/PLAY-In-Flight-61bb5230f1b9b-scaled-1-627519d1be9d6-768x432.jpeg?width=500 500w, https:\/\/bdc2020.o0bc.com\/wp-content\/uploads\/2022\/05\/PLAY-In-Flight-61bb5230f1b9b-scaled-1-627519d1be9d6-768x432.jpeg?width=600 600w, https:\/\/bdc2020.o0bc.com\/wp-content\/uploads\/2022\/05\/PLAY-In-Flight-61bb5230f1b9b-scaled-1-627519d1be9d6-768x432.jpeg?width=700 700w, https:\/\/bdc2020.o0bc.com\/wp-content\/uploads\/2022\/05\/PLAY-In-Flight-61bb5230f1b9b-scaled-1-627519d1be9d6-768x432.jpeg?width=800 800w, https:\/\/bdc2020.o0bc.com\/wp-content\/uploads\/2022\/05\/PLAY-In-Flight-61bb5230f1b9b-scaled-1-627519d1be9d6-768x432.jpeg?width=900 900w\" sizes=\"(max-width: 768px) 100vw, 768px\"\/>\t\t\t\t\t<\/p>\n<div class=\"m-article-list__content\">\n<h4 class=\"m-article-list__headline t-amp__list-headline\">\n\t\t\t\t\t\t\t<span class=\"m-article-list__link a-link a-link--inline a-link--text-link a-link--text-link-dark\"><\/p>\n<p>\t\t\t\t\t\t\tComo conseguir voos de outono de US$ 2 para crian\u00e7as de Boston para a Europa\t\t\t\t\t\t\t<\/span><br \/>\n\t\t\t\t\t\t<\/h4>\n<\/p><\/div>\n<p>\t\t\t\t<\/a>\n\t\t\t<\/li>\n<\/ul>\n<\/div>\n<p><a href=\"https:\/\/jaypeakresort.com\/\">Jay Peak Resort<\/a> em Jay, Vermont, <a href=\"https:\/\/www.boston.com\/travel\/flights\/2024\/09\/10\/snag-2-fall-flights-for-kids-from-boston-to-europe\/\">postou um v\u00eddeo nas redes sociais<\/a> Segunda-feira mostrando seus primeiros flocos de neve, escrevendo, \u201cUm bom press\u00e1gio para futuros bonecos de neve. Vejam nossos primeiros avistamentos de neve da temporada perto do cume no domingo, 8 de setembro.\u201d<\/p>\n<figure class=\"wp-block-embed is-type-rich is-provider-twitter wp-block-embed-twitter\">\n<div class=\"wp-block-embed__wrapper\">\n<blockquote class=\"twitter-tweet\" data-width=\"500\" data-dnt=\"true\">\n<p lang=\"en\" dir=\"ltr\">Um bom press\u00e1gio para futuros bonecos de neve. Veja nossos primeiros avistamentos de neve da temporada perto do cume no domingo, 8 de setembro.<\/p>\n<p>\u2744\ufe0f\ud83c\udfa5 Cortesia de Scott Shear <a href=\"https:\/\/t.co\/zlGmo8Ir20\">foto.twitter.com\/zlGmo8Ir20<\/a><\/p>\n<p>\u2014 Jay Peak Resort (@jaypeakresort) <a href=\"https:\/\/twitter.com\/jaypeakresort\/status\/1833225120539619545?ref_src=twsrc%5Etfw\">9 de setembro de 2024<\/a><\/p><\/blockquote>\n<\/div>\n<\/figure>\n<p>Por mais promissor que o v\u00eddeo pare\u00e7a, esquiadores e praticantes de snowboard devem ser pacientes, pois a montanha normalmente n\u00e3o abre para esqui at\u00e9 a sexta-feira ap\u00f3s o Dia de A\u00e7\u00e3o de Gra\u00e7as, uma tradi\u00e7\u00e3o de d\u00e9cadas.<\/p>\n<p>O Jay Peak Resort foi nomeado o <a href=\"https:\/\/www.boston.com\/community\/readers-say\/the-best-ski-resort-in-vermont\/\">melhor esta\u00e7\u00e3o de esqui em Vermont <\/a>pelos leitores do Boston.com no in\u00edcio deste ano. Os leitores do Boston.com nomearam Jay Peak&#8217;s <a href=\"https:\/\/www.youtube.com\/watch?v=XY8LdcEdxEs\" target=\"_blank\" rel=\"noreferrer noopener\">Quadriciclo voador da montanha verde<\/a>apelidado de \u201cO Congelador\u201d, <a href=\"https:\/\/www.boston.com\/community\/readers-say\/the-coldest-chairlift-in-the-northeast-according-to-readers\/\" target=\"_blank\" rel=\"noreferrer noopener\">o telef\u00e9rico mais frio da regi\u00e3o<\/a>.<\/p>\n<p>Al\u00e9m disso: Jay Peak foi nomeado entre os <a href=\"https:\/\/www.boston.com\/travel\/travel\/2022\/10\/25\/new-england-has-7-of-the-best-ski-resorts-in-the-u-s-according-to-ski-magazine\/\" target=\"_blank\" rel=\"noreferrer noopener\">melhores esta\u00e7\u00f5es de esqui nos EUA<\/a> por<em> Esqui <\/em>revista e uma das <a href=\"https:\/\/www.boston.com\/travel\/skiing\/2023\/11\/13\/2-new-england-ski-areas-most-affordable-in-north-america\/\" target=\"_blank\" rel=\"noreferrer noopener\">\u00e1reas de esqui mais acess\u00edveis da Am\u00e9rica do Norte<\/a> por HomeToGo.<\/p>\n<div class=\"m-block m-generic-cta\t m-generic-cta--post-content\t m-generic-cta--dark\t m-generic-cta--homepage\t m-generic-cta--email-signup\t\t m-generic-cta-block-style--default \tt-amp__generic-cta\"><\/p>\n<div class=\"m-generic-cta__wrap\">\n<div class=\"m-generic-cta__content\">\n<h3 class=\"m-generic-cta__title\">Boston.com Hoje<\/h3>\n<p class=\"m-generic-cta__subtitle\">Inscreva-se para receber as \u00faltimas manchetes na sua caixa de entrada todas as manh\u00e3s.<\/p>\n<\/p><\/div>\n<\/p><\/div>\n<\/div><\/div>\n<p><script async src=\"\/\/platform.twitter.com\/widgets.js\" charset=\"utf-8\"><\/script><script>\n\t\tvar consent=\"grant\";\n\t\t\/* The above code is parsing the JSON data from the local storage and storing it in a variable. *\/\n\t\t\t\t\tconst onetrustStorageConsent = JSON.parse(localStorage.getItem( 'consent_one_trust_bdc' ) );\n\t\t\tif ( ( onetrustStorageConsent !== null ) ) {\n\t\t\t\t\/* Checking to see if the user has consented to the use of cookies.\n\t\t\t\t* If they have not, it is deleting the cookie.\n\t\t\t\t* This will comment for now, until further notice.\n\t\t\t\t*\/\n\t\t\t\t\/\/if ( onetrustStorageConsent.C0002 === false ) {\n\t\t\t\t\/\/\tdocument.cookie=\"_fbp=;expires=Thu, 01 Jan 2010 00:00:00 UTC; path=\/; domain=.boston.com\";\n\t\t\t\t\/\/}\n\t\t\t\t\/* Checking if the user has given consent for the cookie C0002.\n\t\t\t\t* If the user has given consent, the variable consent will be set to 'grant'.\n\t\t\t\t* If the user has not given consent,the variable consent will be set to 'revoke'.\n\t\t\t\t* Documentation https:\/\/developers.facebook.com\/docs\/meta-pixel\/implementation\/gdpr\n\t\t\t\t*\/\n\t\t\t\tif ( onetrustStorageConsent.C0002 !== true ) {\n\t\t\t\t\tconsent=\"revoke\";\n\t\t\t\t}\n\t\t\t}\n\t\t\t\t!function(f,b,e,v,n,t,s)\n\t\t{if(f.fbq)return;n=f.fbq=function(){n.callMethod?\n\t\tn.callMethod.apply(n,arguments):n.queue.push(arguments)};\n\t\tif(!f._fbq)f._fbq=n;n.push=n;n.loaded=!0;n.version='2.0';\n\t\tn.queue=[];t=b.createElement(e);t.async=!0;\n\t\tt.src=v;s=b.getElementsByTagName(e)[0];\n\t\ts.parentNode.insertBefore(t,s)}(window, document,'script',\n\t\t'https:\/\/connect.facebook.net\/en_US\/fbevents.js');\n\t\tfbq('consent', consent);\n\t\tfbq('init', '989222871864976');\n\t\tfbq('track', 'PageView');\n\t<\/script><script type=\"module\">\n\t\tvar consent=\"grant\";\n\t\t\/* The above code is parsing the JSON data from the local storage and storing it in a variable. *\/\n\t\t\tconst onetrustStorageConsent = JSON.parse(localStorage.getItem( 'consent_one_trust_bdc' ) );\n\t\t\t\/* Checking to see if the user has consented to the use of cookies.\n\t\t\t* If they have not, it is deleting the cookie.\n\t\t\t* This will comment for now, until further notice.\n\t\t\t*\/\n\t\t\t\/\/if ( onetrustStorageConsent.C0002 === false ) {\n\t\t\t\/\/\tdocument.cookie=\"_fbp=;expires=Thu, 01 Jan 2010 00:00:00 UTC; path=\/; domain=.boston.com\";\n\t\t\t\/\/}\n\t\t\t\/* Checking if the user has given consent for the cookie C0002.\n\t\t\t* If the user has given consent, the variable consent will be set to 'grant'.\n\t\t\t* If the user has not given consent,the variable consent will be set to 'revoke'.\n\t\t\t* Documentation https:\/\/developers.facebook.com\/docs\/meta-pixel\/implementation\/gdpr\n\t\t\t*\/\n\t\t\tif ( ( onetrustStorageConsent !== null ) && (onetrustStorageConsent.C0002 !== true ) ) {\n\t\t\t\tconsent=\"revoke\";\n\t\t\t}\n\t\t\t\t!function(f,b,e,v,n,t,s){if(f.fbq)return;n=f.fbq=function()\n\t\t{n.callMethod? n.callMethod.apply(n,arguments):n.queue.push(arguments)}\n\t\t;if(!f._fbq)f._fbq=n;\n\t\tn.push=n;n.loaded=!0;n.version='2.0';n.queue=[];t=b.createElement(e);t.async=!0;\n\t\tt.src=v;s=b.getElementsByTagName(e)[0];s.parentNode.insertBefore(t,s)}(window,\n\t\tdocument,'script','https:\/\/connect.facebook.net\/en_US\/fbevents.js');\n\t\tfbq('consent', consent);\n\t\tfbq('init', '813236348753005');\n\t\tfbq('track', \"PageView\");\n\t<\/script><br \/>\n<br \/><br \/>\n<br \/><a href=\"https:\/\/www.boston.com\/travel\/skiing\/2024\/09\/10\/jay-peak-vermont-first-snow-this-season\/\">Source link <\/a><\/p>","protected":false},"excerpt":{"rendered":"<p>Esquiar &#8220;Um bom press\u00e1gio para futuros bonecos de neve.&#8221; Um esquiador desce uma encosta no Jay Peak Resort. Caleb Kenna \/ The New York Times, Arquivo Embora a previs\u00e3o de&hellip;<\/p>","protected":false},"author":1,"featured_media":35143,"comment_status":"closed","ping_status":"open","sticky":false,"template":"","format":"standard","meta":{"content-type":"","footnotes":""},"categories":[1],"tags":[],"class_list":["post-35142","post","type-post","status-publish","format-standard","has-post-thumbnail","hentry","category-uncategorized"],"_links":{"self":[{"href":"https:\/\/tvbrazilusa.com\/pt\/wp-json\/wp\/v2\/posts\/35142","targetHints":{"allow":["GET"]}}],"collection":[{"href":"https:\/\/tvbrazilusa.com\/pt\/wp-json\/wp\/v2\/posts"}],"about":[{"href":"https:\/\/tvbrazilusa.com\/pt\/wp-json\/wp\/v2\/types\/post"}],"author":[{"embeddable":true,"href":"https:\/\/tvbrazilusa.com\/pt\/wp-json\/wp\/v2\/users\/1"}],"replies":[{"embeddable":true,"href":"https:\/\/tvbrazilusa.com\/pt\/wp-json\/wp\/v2\/comments?post=35142"}],"version-history":[{"count":1,"href":"https:\/\/tvbrazilusa.com\/pt\/wp-json\/wp\/v2\/posts\/35142\/revisions"}],"predecessor-version":[{"id":35144,"href":"https:\/\/tvbrazilusa.com\/pt\/wp-json\/wp\/v2\/posts\/35142\/revisions\/35144"}],"wp:featuredmedia":[{"embeddable":true,"href":"https:\/\/tvbrazilusa.com\/pt\/wp-json\/wp\/v2\/media\/35143"}],"wp:attachment":[{"href":"https:\/\/tvbrazilusa.com\/pt\/wp-json\/wp\/v2\/media?parent=35142"}],"wp:term":[{"taxonomy":"category","embeddable":true,"href":"https:\/\/tvbrazilusa.com\/pt\/wp-json\/wp\/v2\/categories?post=35142"},{"taxonomy":"post_tag","embeddable":true,"href":"https:\/\/tvbrazilusa.com\/pt\/wp-json\/wp\/v2\/tags?post=35142"}],"curies":[{"name":"wp","href":"https:\/\/api.w.org\/{rel}","templated":true}]}}