{"id":35145,"date":"2024-09-10T18:29:56","date_gmt":"2024-09-10T18:29:56","guid":{"rendered":"https:\/\/tvbrazilusa.com\/2024\/09\/10\/impacto-de-suspensao-do-x-e-de-r-18-bi-em-5-anos-diz-economista-paulo-figueiredo\/"},"modified":"2024-09-10T21:16:18","modified_gmt":"2024-09-10T21:16:18","slug":"impacto-de-suspensao-do-x-e-de-r-18-bi-em-5-anos-diz-economista-paulo-figueiredo","status":"publish","type":"post","link":"https:\/\/tvbrazilusa.com\/pt\/2024\/09\/10\/impacto-de-suspensao-do-x-e-de-r-18-bi-em-5-anos-diz-economista-paulo-figueiredo\/","title":{"rendered":"Impacto de suspens\u00e3o do X \u00e9 de R$ 18 bi em 5 anos, diz economista &#8211; Paulo Figueiredo"},"content":{"rendered":"<p> <script async src=\"https:\/\/pagead2.googlesyndication.com\/pagead\/js\/adsbygoogle.js?client=ca-pub-8864793242727901\"\r\n     crossorigin=\"anonymous\"><\/script><br \/>\n<\/p>\n<div id=\"wtr-content\" data-bg=\"#FFFFFF\" data-fg=\"#006d91\" data-width=\"25\" data-mute=\"1\" data-fgopacity=\"1.00\" data-mutedopacity=\"0.5\" data-placement=\"bottom\" data-placement-offset=\"0\" data-content-offset=\"262\" data-placement-touch=\"bottom\" data-placement-offset-touch=\"0\" data-transparent=\"\" data-shadow=\"0\" data-touch=\"1\" data-non-touch=\"1\" data-comments=\"0\" data-commentsbg=\"transparent\" data-location=\"page\" data-mutedfg=\"#006d91\" data-endfg=\"#006d91\" data-rtl=\"\">\n<h3 class=\"wp-block-heading\">Paulo Rabello de Castro estima que o efeito para 2025 ser\u00e1 de R$ 10 bi; afirma ainda que o valor \u00e9 conservador e deve ser maior<\/h3>\n<p>O economista\u00a0Paulo Rabello de Castro\u00a0afirmou nesta 3\u00aa feira (10.set.2024) que, num c\u00e1lculo conservador feito por ele, o impacto econ\u00f4mico da\u00a0suspens\u00e3o do X (ex-Twitter) para o Brasil\u00a0chegar\u00e1 a R$ 17,9 bilh\u00f5es nos pr\u00f3ximos 5 anos. O n\u00famero considera o cen\u00e1rio em que a rede social permane\u00e7a bloqueada no pa\u00eds.<\/p>\n<p>A estimativa foi apresentada durante uma audi\u00eancia da\u00a0CAE\u00a0(Comiss\u00e3o de Assuntos Econ\u00f4micos) do Senado para debater os efeitos econ\u00f4micos do bloqueio.\u00a0O economista tamb\u00e9m estima que para os pr\u00f3ximos 12 meses, o impacto econ\u00f4mico seria de R$ 10 bilh\u00f5es. <\/p>\n<p>Para fazer o c\u00e1lculo, o economista usou uma metodologia que considera o valor m\u00e9dio do sal\u00e1rio do brasileiro, de R$ 2.880, e que o brasileiro passava em m\u00e9dia 32 minutos por dia na rede social de Elon Musk. Isso resultaria em um impacto di\u00e1rio de R$ 8 por usu\u00e1rio.<\/p>\n<p>Tamb\u00e9m considerou que a rede social tinha 14 milh\u00f5es de usu\u00e1rios brasileiros frequentes. Para a conta, no entanto, ele usou 25% desse n\u00famero (3,5 milh\u00f5es). O argumento dado pelo economista \u00e9 de que prefere\u00a0<em>\u201cerrar para baixo do que para cima\u201d.<\/em><\/p>\n<div class=\"wp-block-image\">\n<figure class=\"aligncenter size-large is-resized\"><\/figure>\n<\/div>\n<p>Para os pr\u00f3ximos 5 anos, o economista considerou que o impacto sofreria uma redu\u00e7\u00e3o gradual ano a ano. Segundo ele, esse seria o tempo para que os usu\u00e1rios se adaptassem \u00e0 suspens\u00e3o.<\/p>\n<h3 class=\"wp-block-heading\"><strong>CR\u00cdTICAS \u00c0 SUSPENS\u00c3O DO X<\/strong><\/h3>\n<p>Paulo Rabello de Castro criticou a decis\u00e3o do ministro do STF Alexandre de Moraes de suspender o X.\u00a0Afirmou que, pelos seus c\u00e1lculos, o impacto seria maior do que o das enchentes no Rio Grande do Sul.<\/p>\n<p><em>\u201cR$ 18 bilh\u00f5es por uma mera suspens\u00e3o. O impacto da grav\u00edssima enchente do Rio Grande do Sul foi de R$ 11 bilh\u00f5es. Esse c\u00e1lculo \u00e9 inferior a uma \u00fanica canetada numa \u00fanica manh\u00e3 ou tarde de uma decis\u00e3o de um julgador. Isso que \u00e9 poder\u201d,<\/em>\u00a0disse Rabello.<\/p>\n<p>Afirmou ainda que a suspens\u00e3o n\u00e3o afetaria apenas a economia, mas a circula\u00e7\u00e3o de informa\u00e7\u00f5es, incluindo de pesquisadores.\u00a0<\/p>\n<p><em>\u201cN\u00e3o \u00e9 s\u00f3 cortar fofoca em m\u00eddia social. S\u00e3o trocas cient\u00edficas, informa\u00e7\u00f5es do dia a dia, do clima, da ind\u00fastria\u201d<\/em>, disse.<\/p>\n<p>A audi\u00eancia foi pedida pelo senador\u00a0Sergio Moro\u00a0(Uni\u00e3o Brasil-PR).<\/p>\n<p><strong><a href=\"https:\/\/www.poder360.com.br\/poder-congresso\/impacto-de-suspensao-do-x-e-de-r-18-bi-em-5-anos-diz-economista\/\">Source link<\/a><\/strong><\/p>\n<\/div>\n<p><br \/>\n<br \/><a href=\"https:\/\/paulofigueiredoshow.com\/impacto-de-suspensao-do-x-e-de-r-18-bi-em-5-anos-diz-economista\/\">Source link <\/a><\/p>","protected":false},"excerpt":{"rendered":"<p>Paulo Rabello de Castro estima que o efeito para 2025 ser\u00e1 de R$ 10 bi; afirma ainda que o valor \u00e9 conservador e deve ser maior O economista\u00a0Paulo Rabello de&hellip;<\/p>","protected":false},"author":1,"featured_media":35146,"comment_status":"closed","ping_status":"open","sticky":false,"template":"","format":"standard","meta":{"content-type":"","footnotes":""},"categories":[16],"tags":[19133,19134,10997,4188],"class_list":["post-35145","post","type-post","status-publish","format-standard","has-post-thumbnail","hentry","category-noticias","tag-18-bi","tag-economico","tag-suspensao","tag-x"],"_links":{"self":[{"href":"https:\/\/tvbrazilusa.com\/pt\/wp-json\/wp\/v2\/posts\/35145","targetHints":{"allow":["GET"]}}],"collection":[{"href":"https:\/\/tvbrazilusa.com\/pt\/wp-json\/wp\/v2\/posts"}],"about":[{"href":"https:\/\/tvbrazilusa.com\/pt\/wp-json\/wp\/v2\/types\/post"}],"author":[{"embeddable":true,"href":"https:\/\/tvbrazilusa.com\/pt\/wp-json\/wp\/v2\/users\/1"}],"replies":[{"embeddable":true,"href":"https:\/\/tvbrazilusa.com\/pt\/wp-json\/wp\/v2\/comments?post=35145"}],"version-history":[{"count":1,"href":"https:\/\/tvbrazilusa.com\/pt\/wp-json\/wp\/v2\/posts\/35145\/revisions"}],"predecessor-version":[{"id":35147,"href":"https:\/\/tvbrazilusa.com\/pt\/wp-json\/wp\/v2\/posts\/35145\/revisions\/35147"}],"wp:featuredmedia":[{"embeddable":true,"href":"https:\/\/tvbrazilusa.com\/pt\/wp-json\/wp\/v2\/media\/35146"}],"wp:attachment":[{"href":"https:\/\/tvbrazilusa.com\/pt\/wp-json\/wp\/v2\/media?parent=35145"}],"wp:term":[{"taxonomy":"category","embeddable":true,"href":"https:\/\/tvbrazilusa.com\/pt\/wp-json\/wp\/v2\/categories?post=35145"},{"taxonomy":"post_tag","embeddable":true,"href":"https:\/\/tvbrazilusa.com\/pt\/wp-json\/wp\/v2\/tags?post=35145"}],"curies":[{"name":"wp","href":"https:\/\/api.w.org\/{rel}","templated":true}]}}