{"id":35151,"date":"2024-09-10T18:35:38","date_gmt":"2024-09-10T18:35:38","guid":{"rendered":"https:\/\/tvbrazilusa.com\/2024\/09\/10\/o-ex-jogador-do-patriots-matt-light-explica-por-que-jerod-mayo-nasceu-para-treinar\/"},"modified":"2024-09-10T21:25:36","modified_gmt":"2024-09-10T21:25:36","slug":"o-ex-jogador-do-patriots-matt-light-explica-por-que-jerod-mayo-nasceu-para-treinar","status":"publish","type":"post","link":"https:\/\/tvbrazilusa.com\/pt\/2024\/09\/10\/o-ex-jogador-do-patriots-matt-light-explica-por-que-jerod-mayo-nasceu-para-treinar\/","title":{"rendered":"O ex-jogador do Patriots Matt Light explica por que Jerod Mayo &#8220;nasceu&#8221; para treinar"},"content":{"rendered":"<p> <script async src=\"https:\/\/pagead2.googlesyndication.com\/pagead\/js\/adsbygoogle.js?client=ca-pub-8864793242727901\"\r\n     crossorigin=\"anonymous\"><\/script><br \/>\n<\/p>\n<div id=\"\">\n<header class=\"m-article-header m-article-header--standard\">\n\t\t\t\t\t\t\t\t\t\t\t\t<span id=\"article-header-primary-term\"><br \/>\n\t\t\t\t\t\t\t\t<a class=\"a-term a-term--primary\" href=\"https:\/\/www.boston.com\/tag\/new-england-patriots\/\"><\/p>\n<p>\t\t\t\t\t\t\t\tPatriotas\t\t\t\t\t\t\t\t<\/a><br \/>\n\t\t\t\t\t\t\t<\/span><\/p>\n<h2 class=\"m-article-header__sub-headline\">&#8220;Ele parece t\u00e3o confort\u00e1vel nesse papel.&#8221;<\/h2>\n<figure class=\"a-photo m-article-header__photo\"><figcaption class=\"a-photo__caption\">\n<p>\tMatt Light protege Tom Brady.<em> Mike Segar<\/em>\t<\/figcaption><\/figure>\n<\/header>\n<div class=\"m-block t-amp__list-container m-article-list-container m-article-list-container--frame-border a-border-frame  a-list-header__headline--red m-article-list--alternative--default  m-article-list--floated\">\n<ul class=\"t-amp__list a-list--no-style m-article-list m-article-list--recirculation m-article-list--has-images\">\n<li class=\"m-article-list__item m-article-list__item--featured\">\n\t\t\t\t<a class=\"m-article-list__link-wrapper\" href=\"https:\/\/www.boston.com\/sports\/b-side-sports\/2024\/09\/06\/quick-snap-podcast-brian-hoyer-david-andrews\/\" data-p1=\"article_recirc_inline_feature\"><br \/>\n\t\t\t\t<img fetchpriority=\"high\" decoding=\"async\" width=\"768\" height=\"432\" src=\"https:\/\/bdc2020.o0bc.com\/wp-content\/uploads\/2024\/09\/OPTION1-1-66db262abb896-768x432.jpg\" class=\"t-amp__list-image m-article-list__image m-article-list__image--full\" alt=\"O Snap R\u00e1pido\" aria-hidden=\"true\" srcset=\"https:\/\/bdc2020.o0bc.com\/wp-content\/uploads\/2024\/09\/OPTION1-1-66db262abb896-768x432.jpg?width=200 200w, https:\/\/bdc2020.o0bc.com\/wp-content\/uploads\/2024\/09\/OPTION1-1-66db262abb896-768x432.jpg?width=300 300w, https:\/\/bdc2020.o0bc.com\/wp-content\/uploads\/2024\/09\/OPTION1-1-66db262abb896-768x432.jpg?width=400 400w, https:\/\/bdc2020.o0bc.com\/wp-content\/uploads\/2024\/09\/OPTION1-1-66db262abb896-768x432.jpg?width=500 500w, https:\/\/bdc2020.o0bc.com\/wp-content\/uploads\/2024\/09\/OPTION1-1-66db262abb896-768x432.jpg?width=600 600w, https:\/\/bdc2020.o0bc.com\/wp-content\/uploads\/2024\/09\/OPTION1-1-66db262abb896-768x432.jpg?width=700 700w, https:\/\/bdc2020.o0bc.com\/wp-content\/uploads\/2024\/09\/OPTION1-1-66db262abb896-768x432.jpg?width=800 800w, https:\/\/bdc2020.o0bc.com\/wp-content\/uploads\/2024\/09\/OPTION1-1-66db262abb896-768x432.jpg?width=900 900w\" sizes=\"(max-width: 768px) 100vw, 768px\"\/>\t\t\t\t\t<\/p>\n<p><h4 class=\"m-article-list__headline t-amp__list-headline\">\n\t\t\t\t\t\t\t<span class=\"m-article-list__link a-link a-link--inline a-link--text-link a-link--text-link-dark\"><\/p>\n<p>\t\t\t\t\t\t\tDavid Andrews e Brian Hoyer estreiam novo programa focado nos Patriots &#8216;The Quick Snap&#8217;\t\t\t\t\t\t\t<\/span><br \/>\n\t\t\t\t\t\t<\/h4>\n<\/p>\n<p>\t\t\t\t<\/a>\n\t\t\t<\/li>\n<li class=\"m-article-list__item\">\n\t\t\t\t\t\t<a class=\"m-article-list__link-wrapper\" href=\"https:\/\/www.boston.com\/sports\/new-england-patriots\/2024\/09\/10\/jacoby-brissett-quick-snap-podcast-jerod-mayo\/\" data-p1=\"article_recirc_inline_feed\"><\/p>\n<p><h4 class=\"m-article-list__headline\">\n\t\t\t\t\t\t\t\t\t<span class=\"m-article-list__link a-link a-link--inline a-link--text-link a-link--text-link-dark\"><\/p>\n<p>\t\t\t\t\t\t\t\t\tDavid Andrews descreve a vantagem de ter Jacoby Brissett como QB\t\t\t\t\t\t\t\t\t<\/span><br \/>\n\t\t\t\t\t\t\t\t<\/h4>\n<\/p>\n<p>\t\t\t\t\t\t<\/a>\n\t\t\t\t\t<\/li>\n<\/ul>\n<\/div>\n<p>O ex-jogador de linha ofensiva dos Patriots, Matt Light, conhece o atual t\u00e9cnico Jerod Mayo melhor do que ningu\u00e9m: Light jogou ao lado do ex-linebacker All-Pro por quatro temporadas em Foxborough.<\/p>\n<p>Ent\u00e3o, quando perguntado sobre o que ele pensa sobre as perspectivas de Mayo como substituto do seis vezes campe\u00e3o do Super Bowl Bill Belichick pelos Patriots, Light <a href=\"https:\/\/www.youtube.com\/watch?v=tHEatVwCp2c\">contou ao podcast \u201cThe Quick Snap\u201d<\/a> na segunda-feira, ele tem bastante experi\u00eancia pessoal mostrando que Mayo estar\u00e1 \u00e0 altura da tarefa.<\/p>\n<p>\u201cDesde o segundo em que ele p\u00f4s os p\u00e9s naquela instala\u00e7\u00e3o (em 2008), aquele cara era um treinador\u201d, disse o ex-jogador left tackle do Pats aos co-apresentadores Brian Hoyer e David Andrews. \u201cAs pessoas nascem para fazer certas coisas&#8230; a maneira como ele assumiu o cargo de treinador foi t\u00e3o natural. Para ele estar fazendo o que est\u00e1 fazendo hoje \u2013 eu disse isso sobre dois caras com quem joguei: Mike Vrabel e Jerod Mayo.\u201d<\/p>\n<p>Esses dois nomes s\u00e3o adequados, j\u00e1 que os Patriots<a href=\"https:\/\/www.boston.com\/sports\/new-england-patriots\/2024\/01\/12\/patriots-considered-mike-vrabel-head-coach-jerod-mayo-report\/\"> supostamente considerou contratar Vrabel <\/a>sobre Mayo quando o primeiro foi demitido pelo Tennessee Titans nesta offseason. Mas a Nova Inglaterra honrou seu plano de nomear Mayo como sucessor de Belichick, e ele respondeu no domingo vencendo seu primeiro jogo em sua nova fun\u00e7\u00e3o.<\/p>\n<p>Light disse que parte do que torna Mayo especial \u00e9 sua compreens\u00e3o de lideran\u00e7a.<\/p>\n<figure class=\"wp-block-embed is-type-video is-provider-sendtonews wp-block-embed-sendtonews\"\/>\n<p>\u201cUm chefe lhe dir\u00e1 o que fazer\u201d, explicou Light. \u201cUm l\u00edder lhe mostrar\u00e1 o que fazer&#8230; pensando em Jerod e sua oportunidade de vir aqui \u2013 o lugar em que ele jogou \u2013 se tornar o treinador principal e todo o peso que vem com isso, assumir o lugar do maior que j\u00e1 fez isso. V\u00ea-lo entrar em campo \u2013 ele parece t\u00e3o controlado. Ele parece t\u00e3o confort\u00e1vel naquele papel. Ele parece t\u00e3o equilibrado. Vou te dizer, cara, tiro o chap\u00e9u para ele.\u201d<\/p>\n<p>A ascens\u00e3o de Mayo ao papel certamente veio com sua cota de desafios, desde navegar na carreira em ascens\u00e3o da escolha geral n\u00ba 3 Drake Maye at\u00e9 gerenciar as sagas de contrato de Davon Godchaux e do agora ex-Patriot Matthew Judon. Seu estilo aberto de comunica\u00e7\u00e3o atraiu elogios nessas situa\u00e7\u00f5es, assim como sua vis\u00e3o em campo para seu time.<\/p>\n<p>Ele tamb\u00e9m come\u00e7ou a promover um relacionamento mais franco entre os Patriots e a m\u00eddia do que seu antecessor, o que se estendeu a pessoas como Andrews entrando no mundo dos podcasts.<\/p>\n<p>Ainda assim, Mayo passou muitos anos sob a tutela de Belichick como jogador e treinador, e Light espera que algumas das li\u00e7\u00f5es do grande treinador se manifestem no estilo \u00fanico de Mayo.<\/p>\n<p>\u201c\u00c9 como se voc\u00ea fosse fazer muitas das coisas que seu pai fazia, quer voc\u00ea goste ou n\u00e3o, porque voc\u00ea foi exposto a essas coisas\u201d, disse Light. \u201cEu vejo muitas coisas da maneira que Belichick faz, e eu presumo que Jerod ter\u00e1 esses mesmos tipos de experi\u00eancias. Ele cresceu naquele sistema, jogou por [Belichick] toda a sua carreira\u2026 o que \u00e9 t\u00e3o valioso ter essas experi\u00eancias, especialmente quando voc\u00ea tem sucesso.\u201d <\/p>\n<p>Como Mayo disse em sua entrevista coletiva de abertura, ele quer <a href=\"https:\/\/www.boston.com\/sports\/new-england-patriots\/2024\/01\/18\/jerod-mayo-bill-belichick-patriots\/\">ser seu pr\u00f3prio homem<\/a>n\u00e3o um clone de Belichick. Mas a mentalidade e o estilo com os quais ele faz os Patriots jogarem parecem uma extens\u00e3o do maior t\u00e9cnico de todos os tempos \u2013 com o toque especial de Mayo.<\/p>\n<p>Faz apenas uma semana, mas a mudan\u00e7a parece boa em Mayo, Andrews e no resto do time.<\/p>\n<figure class=\"wp-block-embed is-type-video is-provider-youtube wp-block-embed-youtube wp-embed-aspect-16-9 wp-has-aspect-ratio\">\n<p>\n<iframe title=\"Bengals Game Reaction + Patriots Hall of Famer &amp; Prankster Matt Light || The Quick Snap Ep. 3\" width=\"1170\" height=\"658\" src=\"https:\/\/www.youtube.com\/embed\/tHEatVwCp2c?feature=oembed\" frameborder=\"0\" allow=\"accelerometer; autoplay; clipboard-write; encrypted-media; gyroscope; picture-in-picture; web-share\" referrerpolicy=\"strict-origin-when-cross-origin\" allowfullscreen><\/iframe>\n<\/p>\n<\/figure>\n<div class=\"m-block m-generic-cta\t m-generic-cta--post-content\t m-generic-cta--dark\t m-generic-cta--homepage\t m-generic-cta--email-signup\t\t m-generic-cta-block-style--default \tt-amp__generic-cta\"><\/p>\n<div class=\"m-generic-cta__wrap\">\n<div class=\"m-generic-cta__content\">\n<h3 class=\"m-generic-cta__title\">Inscreva-se para receber atualiza\u00e7\u00f5es dos Patriots\ud83c\udfc8<\/h3>\n<p class=\"m-generic-cta__subtitle\">Receba not\u00edcias de \u00faltima hora e an\u00e1lises na sua caixa de entrada durante a temporada de futebol.<\/p>\n<\/p><\/div>\n<\/p><\/div>\n<\/div><\/div>\n<p><script>\n\t\tvar consent=\"grant\";\n\t\t\/* The above code is parsing the JSON data from the local storage and storing it in a variable. *\/\n\t\t\t\t\tconst onetrustStorageConsent = JSON.parse(localStorage.getItem( 'consent_one_trust_bdc' ) );\n\t\t\tif ( ( onetrustStorageConsent !== null ) ) {\n\t\t\t\t\/* Checking to see if the user has consented to the use of cookies.\n\t\t\t\t* If they have not, it is deleting the cookie.\n\t\t\t\t* This will comment for now, until further notice.\n\t\t\t\t*\/\n\t\t\t\t\/\/if ( onetrustStorageConsent.C0002 === false ) {\n\t\t\t\t\/\/\tdocument.cookie=\"_fbp=;expires=Thu, 01 Jan 2010 00:00:00 UTC; path=\/; domain=.boston.com\";\n\t\t\t\t\/\/}\n\t\t\t\t\/* Checking if the user has given consent for the cookie C0002.\n\t\t\t\t* If the user has given consent, the variable consent will be set to 'grant'.\n\t\t\t\t* If the user has not given consent,the variable consent will be set to 'revoke'.\n\t\t\t\t* Documentation https:\/\/developers.facebook.com\/docs\/meta-pixel\/implementation\/gdpr\n\t\t\t\t*\/\n\t\t\t\tif ( onetrustStorageConsent.C0002 !== true ) {\n\t\t\t\t\tconsent=\"revoke\";\n\t\t\t\t}\n\t\t\t}\n\t\t\t\t!function(f,b,e,v,n,t,s)\n\t\t{if(f.fbq)return;n=f.fbq=function(){n.callMethod?\n\t\tn.callMethod.apply(n,arguments):n.queue.push(arguments)};\n\t\tif(!f._fbq)f._fbq=n;n.push=n;n.loaded=!0;n.version='2.0';\n\t\tn.queue=[];t=b.createElement(e);t.async=!0;\n\t\tt.src=v;s=b.getElementsByTagName(e)[0];\n\t\ts.parentNode.insertBefore(t,s)}(window, document,'script',\n\t\t'https:\/\/connect.facebook.net\/en_US\/fbevents.js');\n\t\tfbq('consent', consent);\n\t\tfbq('init', '989222871864976');\n\t\tfbq('track', 'PageView');\n\t<\/script><script type=\"module\">\n\t\tvar consent=\"grant\";\n\t\t\/* The above code is parsing the JSON data from the local storage and storing it in a variable. *\/\n\t\t\tconst onetrustStorageConsent = JSON.parse(localStorage.getItem( 'consent_one_trust_bdc' ) );\n\t\t\t\/* Checking to see if the user has consented to the use of cookies.\n\t\t\t* If they have not, it is deleting the cookie.\n\t\t\t* This will comment for now, until further notice.\n\t\t\t*\/\n\t\t\t\/\/if ( onetrustStorageConsent.C0002 === false ) {\n\t\t\t\/\/\tdocument.cookie=\"_fbp=;expires=Thu, 01 Jan 2010 00:00:00 UTC; path=\/; domain=.boston.com\";\n\t\t\t\/\/}\n\t\t\t\/* Checking if the user has given consent for the cookie C0002.\n\t\t\t* If the user has given consent, the variable consent will be set to 'grant'.\n\t\t\t* If the user has not given consent,the variable consent will be set to 'revoke'.\n\t\t\t* Documentation https:\/\/developers.facebook.com\/docs\/meta-pixel\/implementation\/gdpr\n\t\t\t*\/\n\t\t\tif ( ( onetrustStorageConsent !== null ) && (onetrustStorageConsent.C0002 !== true ) ) {\n\t\t\t\tconsent=\"revoke\";\n\t\t\t}\n\t\t\t\t!function(f,b,e,v,n,t,s){if(f.fbq)return;n=f.fbq=function()\n\t\t{n.callMethod? n.callMethod.apply(n,arguments):n.queue.push(arguments)}\n\t\t;if(!f._fbq)f._fbq=n;\n\t\tn.push=n;n.loaded=!0;n.version='2.0';n.queue=[];t=b.createElement(e);t.async=!0;\n\t\tt.src=v;s=b.getElementsByTagName(e)[0];s.parentNode.insertBefore(t,s)}(window,\n\t\tdocument,'script','https:\/\/connect.facebook.net\/en_US\/fbevents.js');\n\t\tfbq('consent', consent);\n\t\tfbq('init', '813236348753005');\n\t\tfbq('track', \"PageView\");\n\t<\/script><br \/>\n<br \/><br \/>\n<br \/><a href=\"https:\/\/www.boston.com\/sports\/new-england-patriots\/2024\/09\/10\/matt-light-jerod-mayo-the-quick-snap-podcast-interview\/\">Source link <\/a><\/p>","protected":false},"excerpt":{"rendered":"<p>Patriotas &#8220;Ele parece t\u00e3o confort\u00e1vel nesse papel.&#8221; Matt Light protege Tom Brady. Mike Segar David Andrews e Brian Hoyer estreiam novo programa focado nos Patriots &#8216;The Quick Snap&#8217; David Andrews&hellip;<\/p>","protected":false},"author":1,"featured_media":35152,"comment_status":"closed","ping_status":"open","sticky":false,"template":"","format":"standard","meta":{"content-type":"","footnotes":""},"categories":[1],"tags":[],"class_list":["post-35151","post","type-post","status-publish","format-standard","has-post-thumbnail","hentry","category-uncategorized"],"_links":{"self":[{"href":"https:\/\/tvbrazilusa.com\/pt\/wp-json\/wp\/v2\/posts\/35151","targetHints":{"allow":["GET"]}}],"collection":[{"href":"https:\/\/tvbrazilusa.com\/pt\/wp-json\/wp\/v2\/posts"}],"about":[{"href":"https:\/\/tvbrazilusa.com\/pt\/wp-json\/wp\/v2\/types\/post"}],"author":[{"embeddable":true,"href":"https:\/\/tvbrazilusa.com\/pt\/wp-json\/wp\/v2\/users\/1"}],"replies":[{"embeddable":true,"href":"https:\/\/tvbrazilusa.com\/pt\/wp-json\/wp\/v2\/comments?post=35151"}],"version-history":[{"count":1,"href":"https:\/\/tvbrazilusa.com\/pt\/wp-json\/wp\/v2\/posts\/35151\/revisions"}],"predecessor-version":[{"id":35153,"href":"https:\/\/tvbrazilusa.com\/pt\/wp-json\/wp\/v2\/posts\/35151\/revisions\/35153"}],"wp:featuredmedia":[{"embeddable":true,"href":"https:\/\/tvbrazilusa.com\/pt\/wp-json\/wp\/v2\/media\/35152"}],"wp:attachment":[{"href":"https:\/\/tvbrazilusa.com\/pt\/wp-json\/wp\/v2\/media?parent=35151"}],"wp:term":[{"taxonomy":"category","embeddable":true,"href":"https:\/\/tvbrazilusa.com\/pt\/wp-json\/wp\/v2\/categories?post=35151"},{"taxonomy":"post_tag","embeddable":true,"href":"https:\/\/tvbrazilusa.com\/pt\/wp-json\/wp\/v2\/tags?post=35151"}],"curies":[{"name":"wp","href":"https:\/\/api.w.org\/{rel}","templated":true}]}}