{"id":35160,"date":"2024-09-10T21:40:45","date_gmt":"2024-09-10T21:40:45","guid":{"rendered":"https:\/\/tvbrazilusa.com\/2024\/09\/10\/impeachment-de-moraes-stf-expressa-preocupacao-com-a-sucessao-no-senado\/"},"modified":"2024-09-10T21:40:46","modified_gmt":"2024-09-10T21:40:46","slug":"impeachment-de-moraes-stf-expressa-preocupacao-com-a-sucessao-no-senado","status":"publish","type":"post","link":"https:\/\/tvbrazilusa.com\/pt\/2024\/09\/10\/impeachment-de-moraes-stf-expressa-preocupacao-com-a-sucessao-no-senado\/","title":{"rendered":"Impeachment de Moraes: STF expressa preocupa\u00e7\u00e3o com a sucess\u00e3o no Senado"},"content":{"rendered":"<p> <script async src=\"https:\/\/pagead2.googlesyndication.com\/pagead\/js\/adsbygoogle.js?client=ca-pub-8864793242727901\"\r\n     crossorigin=\"anonymous\"><\/script><br \/>\n<\/p>\n<div>\n<figure class=\"post-image\">\n<\/figure>\n<p><span style=\"font-size: 12px\">Ministros do STF temem avan\u00e7o da proposta de impeachment de Moraes com sa\u00edda de Pacheco\u2022 04\/09\/2024 &#8211; Gustavo Moreno\/STF<\/span><\/p>\n<div id=\"taboola-read-more\" style=\"display:block; width:100%\">\n<p>O Supremo Tribunal Federal (STF) tem confian\u00e7a de que o presidente do Senado, Rodrigo Pacheco (PSD-MG), n\u00e3o vai dar andamento aos pedidos de impeachment contra o ministro Alexandre de Moraes. A preocupa\u00e7\u00e3o \u00e9 com o seu sucessor.<\/p>\n<p>A avalia\u00e7\u00e3o \u00e9 de que Pacheco tem \u201cjogado junto\u201d com a c\u00fapula do Poder Judici\u00e1rio nos \u00faltimos anos, especialmente nos atos em defesa da democracia. Ele chegou a ser homenageado no Tribunal Superior Eleitoral (TSE) por sua atua\u00e7\u00e3o.<\/p>\n<p>Pacheco tem dito que vai submeter o pedido \u00e0 an\u00e1lise t\u00e9cnica da Advocacia do Senado e, depois, consultar os l\u00edderes partid\u00e1rios. Contudo, a interlocutores, n\u00e3o deu sinais de que possa ir al\u00e9m desses tr\u00e2mites t\u00e9cnicos. Principal cotado para substituir Pacheco, o senador Davi Alcolumbre (Uni\u00e3o-AP) mant\u00e9m boas rela\u00e7\u00f5es com ministros do STF, especialmente com o decano, Gilmar Mendes.<\/p>\n<p>Contudo, a leitura interna na Corte \u00e9 de que, seja com Alcolumbre ou com qualquer outro senador, ser\u00e1 dif\u00edcil alcan\u00e7ar o mesmo n\u00edvel de seguran\u00e7a e confian\u00e7a que se tem hoje com Pacheco.<\/p>\n<p><strong>CNN<\/strong><\/p>\n<\/p><\/div>\n<div class=\"row mt-3\">\n<div class=\"col-sm-6\">\n<p><a href=\"https:\/\/chat.whatsapp.com\/GwURnmOyPiN1XheGYvCspN\" target=\"_blank\" rel=\"noopener\"><br \/>\n<img decoding=\"async\" src=\"https:\/\/diariodobrasilnoticias.com.br\/assets-site\/images\/bot_whatsapp.png\"\/><\/a>\n<\/div>\n<div class=\"col-sm-6\">\n<a href=\"https:\/\/t.me\/+_4gTmi5LKo03OTM5\" target=\"_blank\" rel=\"noopener\"><br \/>\n<img decoding=\"async\" src=\"https:\/\/diariodobrasilnoticias.com.br\/assets-site\/images\/bot_telegram.png\"\/><\/a>\n<\/div>\n<\/div>\n<\/div>\n<p><br \/>\n<br \/><a href=\"https:\/\/diariodobrasilnoticias.com.br\/noticia\/impeachment-de-moraes-stf-expressa-preocupacao-com-a-sucessao-no-senado-66e09fe533a26\">Source link <\/a><\/p>","protected":false},"excerpt":{"rendered":"<p>Ministros do STF temem avan\u00e7o da proposta de impeachment de Moraes com sa\u00edda de Pacheco\u2022 04\/09\/2024 &#8211; Gustavo Moreno\/STF O Supremo Tribunal Federal (STF) tem confian\u00e7a de que o presidente&hellip;<\/p>","protected":false},"author":1,"featured_media":35161,"comment_status":"closed","ping_status":"open","sticky":false,"template":"","format":"standard","meta":{"content-type":"","footnotes":""},"categories":[16],"tags":[123,2448,5313,1267],"class_list":["post-35160","post","type-post","status-publish","format-standard","has-post-thumbnail","hentry","category-noticias","tag-brasil","tag-diario","tag-noticia","tag-noticias"],"_links":{"self":[{"href":"https:\/\/tvbrazilusa.com\/pt\/wp-json\/wp\/v2\/posts\/35160","targetHints":{"allow":["GET"]}}],"collection":[{"href":"https:\/\/tvbrazilusa.com\/pt\/wp-json\/wp\/v2\/posts"}],"about":[{"href":"https:\/\/tvbrazilusa.com\/pt\/wp-json\/wp\/v2\/types\/post"}],"author":[{"embeddable":true,"href":"https:\/\/tvbrazilusa.com\/pt\/wp-json\/wp\/v2\/users\/1"}],"replies":[{"embeddable":true,"href":"https:\/\/tvbrazilusa.com\/pt\/wp-json\/wp\/v2\/comments?post=35160"}],"version-history":[{"count":1,"href":"https:\/\/tvbrazilusa.com\/pt\/wp-json\/wp\/v2\/posts\/35160\/revisions"}],"predecessor-version":[{"id":35162,"href":"https:\/\/tvbrazilusa.com\/pt\/wp-json\/wp\/v2\/posts\/35160\/revisions\/35162"}],"wp:featuredmedia":[{"embeddable":true,"href":"https:\/\/tvbrazilusa.com\/pt\/wp-json\/wp\/v2\/media\/35161"}],"wp:attachment":[{"href":"https:\/\/tvbrazilusa.com\/pt\/wp-json\/wp\/v2\/media?parent=35160"}],"wp:term":[{"taxonomy":"category","embeddable":true,"href":"https:\/\/tvbrazilusa.com\/pt\/wp-json\/wp\/v2\/categories?post=35160"},{"taxonomy":"post_tag","embeddable":true,"href":"https:\/\/tvbrazilusa.com\/pt\/wp-json\/wp\/v2\/tags?post=35160"}],"curies":[{"name":"wp","href":"https:\/\/api.w.org\/{rel}","templated":true}]}}