{"id":35176,"date":"2024-09-10T22:19:43","date_gmt":"2024-09-10T22:19:43","guid":{"rendered":"https:\/\/tvbrazilusa.com\/2024\/09\/10\/pancada-de-acordo-com-o-ex-presidente-do-bndes-a-suspensao-do-twitter-x-no-brasil-pode-causar-um-impacto-de-r-185-bilhoes-em-5-anos\/"},"modified":"2024-09-10T22:19:43","modified_gmt":"2024-09-10T22:19:43","slug":"pancada-de-acordo-com-o-ex-presidente-do-bndes-a-suspensao-do-twitter-x-no-brasil-pode-causar-um-impacto-de-r-185-bilhoes-em-5-anos","status":"publish","type":"post","link":"https:\/\/tvbrazilusa.com\/pt\/2024\/09\/10\/pancada-de-acordo-com-o-ex-presidente-do-bndes-a-suspensao-do-twitter-x-no-brasil-pode-causar-um-impacto-de-r-185-bilhoes-em-5-anos\/","title":{"rendered":"Pancada: De acordo com o ex-presidente do BNDES, a suspens\u00e3o do Twitter\/X no Brasil pode causar um impacto de R$ 18,5 bilh\u00f5es em 5 anos"},"content":{"rendered":"<p> <script async src=\"https:\/\/pagead2.googlesyndication.com\/pagead\/js\/adsbygoogle.js?client=ca-pub-8864793242727901\"\r\n     crossorigin=\"anonymous\"><\/script><br \/>\n<\/p>\n<div id=\"taboola-read-more\" style=\"display:block; width:100%\">\n<p>Paulo Rabello de Castro, ex-presidente do Banco Nacional de Desenvolvimento Econ\u00f4mico e Social (BNDES), afirmou que a suspens\u00e3o do Twitter\/X no Brasil pode ter um impacto de R$ 18 milh\u00f5es na economia do pa\u00eds no decorrer dos pr\u00f3ximos cinco anos.<\/p>\n<p>O economista deu a declara\u00e7\u00e3o durante uma audi\u00eancia da Comiss\u00e3o de Assuntos Econ\u00f4micos (CAE) do Senado, que tinha o intuito de debater o bloqueio da big tech em territ\u00f3rio brasileiro.<\/p>\n<p>Al\u00e9m disso, Rabello de Castro tamb\u00e9m estimou que o impacto econ\u00f4mico nos pr\u00f3ximos 12 meses pode chegar \u00e0 marca dos R$ 10 bilh\u00f5es. O cen\u00e1rio levou em considera\u00e7\u00e3o o bloqueio da rede social durante o per\u00edodo mencionado.<\/p>\n<p>O ex-presidente do BNDES levou em considera\u00e7\u00e3o a renda m\u00e9dia do brasileiro, de R$ 2,8 mil por m\u00eas, para realizar o c\u00e1lculo. Ele juntou esse n\u00famero com o tempo m\u00e9dio que o usu\u00e1rio passava na plataforma de Elon Musk, que era de 32 minutos por dia. Dado o exposto, o impacto di\u00e1rio estimado pelo economista seria de R$ 8 por usu\u00e1rio.<\/p>\n<p>A an\u00e1lise tamb\u00e9m incluiu o fato de 14 milh\u00f5es de pessoas usarem a plataforma no Brasil. No entanto, ele usou apenas 25% desse montante \u2014 3,5 milh\u00f5es de usu\u00e1rios. Rabello de Castro afirmou que \u201cprefere errar para baixo do que para cima.\u201d<\/p>\n<p>O especialista explicou que o impacto sofreria uma redu\u00e7\u00e3o gradual a partir do segundo ano de bloqueio. Essa retra\u00e7\u00e3o aconteceria porque os usu\u00e1rios, supostamente, passariam a se acostumar com a supens\u00e3o do Twitter\/X.<\/p>\n<h2>Economista criticou a supens\u00e3o do Twitter\/X no Brasil<\/h2>\n<p>Paulo Rabello de Castro criticou a decis\u00e3o do ministro Alexandre de Moraes, do Supremo Tribunal Federal (STF), de suspender o uso do Twitter\/X no Brasil.<\/p>\n<figure><picture><source srcset=\"https:\/\/medias.revistaoeste.com\/wp-content\/uploads\/2024\/09\/Moraes.jpg.webp 640w, https:\/\/medias.revistaoeste.com\/wp-content\/uploads\/2024\/09\/Moraes-300x200.jpg.webp 300w, https:\/\/medias.revistaoeste.com\/wp-content\/uploads\/2024\/09\/Moraes-150x100.jpg.webp 150w\" type=\"image\/webp\" data-srcset=\"https:\/\/medias.revistaoeste.com\/wp-content\/uploads\/2024\/09\/Moraes.jpg.webp 640w, https:\/\/medias.revistaoeste.com\/wp-content\/uploads\/2024\/09\/Moraes-300x200.jpg.webp 300w, https:\/\/medias.revistaoeste.com\/wp-content\/uploads\/2024\/09\/Moraes-150x100.jpg.webp 150w\" data-sizes=\"(max-width: 640px) 100vw, 640px\"\/><\/picture><\/figure>\n<p>\u201cR$ 18 bilh\u00f5es por uma mera suspens\u00e3o\u201d, afirmou Rabello de Castro. \u201cO impacto da grav\u00edssima enchente do Rio Grande do Sul foi de R$ 11 bilh\u00f5es. Esse c\u00e1lculo \u00e9 inferior a uma \u00fanica canetada numa \u00fanica manh\u00e3 ou tarde de uma decis\u00e3o de um julgador. Isso que \u00e9 poder.\u201d<\/p>\n<p>O economista tamb\u00e9m disse que o bloqueio da rede social n\u00e3o afetaria apenas a economia, mas tamb\u00e9m a circula\u00e7\u00e3o de informa\u00e7\u00f5es.<\/p>\n<p><strong>Revista Oeste\u00a0<\/strong><\/p>\n<\/p><\/div>\n<p><br \/>\n<br \/><a href=\"https:\/\/diariodobrasilnoticias.com.br\/noticia\/pancada-de-acordo-com-o-ex-presidente-do-bndes-a-suspensao-do-twitter-x-no-brasil-pode-causar-um-impacto-de-r-18-5-bilhoes-em-5-anos-66e0b3135658a\">Source link <\/a><\/p>","protected":false},"excerpt":{"rendered":"<p>Paulo Rabello de Castro, ex-presidente do Banco Nacional de Desenvolvimento Econ\u00f4mico e Social (BNDES), afirmou que a suspens\u00e3o do Twitter\/X no Brasil pode ter um impacto de R$ 18 milh\u00f5es&hellip;<\/p>","protected":false},"author":1,"featured_media":35177,"comment_status":"closed","ping_status":"open","sticky":false,"template":"","format":"standard","meta":{"content-type":"","footnotes":""},"categories":[16],"tags":[123,2448,5313,1267],"class_list":["post-35176","post","type-post","status-publish","format-standard","has-post-thumbnail","hentry","category-noticias","tag-brasil","tag-diario","tag-noticia","tag-noticias"],"_links":{"self":[{"href":"https:\/\/tvbrazilusa.com\/pt\/wp-json\/wp\/v2\/posts\/35176","targetHints":{"allow":["GET"]}}],"collection":[{"href":"https:\/\/tvbrazilusa.com\/pt\/wp-json\/wp\/v2\/posts"}],"about":[{"href":"https:\/\/tvbrazilusa.com\/pt\/wp-json\/wp\/v2\/types\/post"}],"author":[{"embeddable":true,"href":"https:\/\/tvbrazilusa.com\/pt\/wp-json\/wp\/v2\/users\/1"}],"replies":[{"embeddable":true,"href":"https:\/\/tvbrazilusa.com\/pt\/wp-json\/wp\/v2\/comments?post=35176"}],"version-history":[{"count":1,"href":"https:\/\/tvbrazilusa.com\/pt\/wp-json\/wp\/v2\/posts\/35176\/revisions"}],"predecessor-version":[{"id":35178,"href":"https:\/\/tvbrazilusa.com\/pt\/wp-json\/wp\/v2\/posts\/35176\/revisions\/35178"}],"wp:featuredmedia":[{"embeddable":true,"href":"https:\/\/tvbrazilusa.com\/pt\/wp-json\/wp\/v2\/media\/35177"}],"wp:attachment":[{"href":"https:\/\/tvbrazilusa.com\/pt\/wp-json\/wp\/v2\/media?parent=35176"}],"wp:term":[{"taxonomy":"category","embeddable":true,"href":"https:\/\/tvbrazilusa.com\/pt\/wp-json\/wp\/v2\/categories?post=35176"},{"taxonomy":"post_tag","embeddable":true,"href":"https:\/\/tvbrazilusa.com\/pt\/wp-json\/wp\/v2\/tags?post=35176"}],"curies":[{"name":"wp","href":"https:\/\/api.w.org\/{rel}","templated":true}]}}