{"id":35188,"date":"2024-09-10T21:30:38","date_gmt":"2024-09-10T21:30:38","guid":{"rendered":"https:\/\/tvbrazilusa.com\/2024\/09\/10\/video-da-altercacao-que-levou-ao-tiroteio-mortal-em-rickenbacker-causeway-em-2019-e-exibido-no-tribunal-enquanto-testemunha-testemunha-no-julgamento-wsvn-7news-noticias-de-miami-clima-esportes\/"},"modified":"2024-09-10T22:47:40","modified_gmt":"2024-09-10T22:47:40","slug":"video-da-altercacao-que-levou-ao-tiroteio-mortal-em-rickenbacker-causeway-em-2019-e-exibido-no-tribunal-enquanto-testemunha-testemunha-no-julgamento-wsvn-7news-noticias-de-miami-clima-esportes","status":"publish","type":"post","link":"https:\/\/tvbrazilusa.com\/pt\/2024\/09\/10\/video-da-altercacao-que-levou-ao-tiroteio-mortal-em-rickenbacker-causeway-em-2019-e-exibido-no-tribunal-enquanto-testemunha-testemunha-no-julgamento-wsvn-7news-noticias-de-miami-clima-esportes\/","title":{"rendered":"V\u00eddeo da alterca\u00e7\u00e3o que levou ao tiroteio mortal em Rickenbacker Causeway em 2019 \u00e9 exibido no tribunal enquanto testemunha testemunha no julgamento &#8211; WSVN 7News | Not\u00edcias de Miami, Clima, Esportes | Fort Lauderdale"},"content":{"rendered":"<p> <script async src=\"https:\/\/pagead2.googlesyndication.com\/pagead\/js\/adsbygoogle.js?client=ca-pub-8864793242727901\"\r\n     crossorigin=\"anonymous\"><\/script><br \/>\n<\/p>\n<div itemprop=\"articleBody\">\n<p>MIAMI (WSVN) &#8211; Foi um dia emocionante no julgamento de um homem acusado de um tiroteio em 2019 na Rickenbacker Causeway que <a href=\"https:\/\/wsvn.com\/news\/local\/bicyclist-dies-after-being-shot-on-rickenbacker-causeway\/\">deixou um ciclista morto<\/a>j\u00e1 que um v\u00eddeo de uma alterca\u00e7\u00e3o que levou ao incidente foi exibido no tribunal.<\/p>\n<p>As c\u00e2meras de not\u00edcias capturaram Kadel Piedrahita quando ele entrou no tribunal, mais uma vez com uma tipoia no bra\u00e7o, pelo terceiro dia de pris\u00e3o. <a href=\"https:\/\/wsvn.com\/news\/local\/miami-dade\/opening-statements-give-conflicting-versions-of-fatal-2019-shooting-of-cyclist-on-rickenbacker-causeway\/\">seu julgamento de assassinato<\/a> na ter\u00e7a-feira.<\/p>\n<p>O suspeito, de 46 anos, \u00e9 <a href=\"https:\/\/wsvn.com\/news\/local\/questions-loom-day-after-fatal-shooting-on-rickenbacker-causeway\/\">acusado de atirar e matar Alexis Palencia<\/a> na cal\u00e7ada em 14 de agosto de 2019.<\/p>\n<p>Na ter\u00e7a-feira, o j\u00fari p\u00f4de ver um v\u00eddeo daquele dia mortal da perspectiva de uma c\u00e2mera GoPro usada por um dos ciclistas presentes no momento do incidente.<\/p>\n<p>Cesar Sosa testemunhou sobre a tensa filmagem. C\u00e2meras capturaram a testemunha olhando para o v\u00eddeo enquanto ele era exibido no tribunal.<\/p>\n<p>O v\u00eddeo retrata uma luta antes do tiroteio que, segundo a pol\u00edcia, matou Palencia. A v\u00edtima tinha 48 anos.<\/p>\n<p>\u201cAgora, Sr. Sosa, ouvimos que algu\u00e9m sentou e disse: &#8216;Atire&#8217;\u201d, perguntou um advogado de defesa a Sosa.<\/p>\n<p>\u201cSim\u201d, disse Sosa por meio de um tradutor.<\/p>\n<p>\u201cE n\u00e3o \u00e9 o Sr. Piedrahita dizendo &#8216;atire&#8217;\u201d, disse o advogado.<\/p>\n<p>\u201cO que voc\u00ea ouve l\u00e1 \u00e9 que Palencia diz &#8216;atire&#8217;\u201d, disse Sosa.<\/p>\n<p>\u201c\u00c9 isso mesmo. \u00c9 o Sr. Palencia que diz \u2018atirar\u2019\u201d, disse o advogado.<\/p>\n<p>Os advogados de Piedrahita argumentam que o r\u00e9u atirou em leg\u00edtima defesa.<\/p>\n<p>Quando Sosa subiu ao banco das testemunhas, a defesa argumentou que ele empurrou Piedrahita. Sosa respondeu que estava tentando impedir a luta.<\/p>\n<p>\u201cSr. Sosa, voc\u00ea testemunhou em interrogat\u00f3rio direto que nunca bateu no Sr. Piedrahita\u201d, disse um advogado.<\/p>\n<p>\u201cN\u00e3o\u201d, disse Sosa.<\/p>\n<p>\u201cVoc\u00ea nunca o empurrou?\u201d, disse o advogado.<\/p>\n<p>\u201cSim, com a minha m\u00e3o direita\u201d, disse Sosa.<\/p>\n<p>\u201cOK, ent\u00e3o voc\u00ea tocou no Sr. Kadel Piedrahita, certo?\u201d disse o advogado.<\/p>\n<p>\u201cSim\u201d, disse Sosa.<\/p>\n<p>Enquanto isso, promotores estaduais argumentam que este foi um ataque planejado antes do fato, acrescentando que Palencia estava desarmado.<\/p>\n<p>O tribunal j\u00e1 encerrou o dia. O julgamento deve ser retomado \u00e0s 13h de quarta-feira.<\/p>\n<p><em>Copyright 2024 Sunbeam Television Corp. Todos os direitos reservados. Este material n\u00e3o pode ser publicado, transmitido, reescrito ou redistribu\u00eddo.<\/em><\/p>\n<div class=\"wp-block-newsletter\">\n\t<strong class=\"wp-block-newsletter__title\">Inscreva-se em nossa Newsletter para receber as \u00faltimas not\u00edcias diretamente na sua caixa de entrada<\/strong><\/p>\n<\/div><\/div>\n<p><br \/>\n<br \/><a href=\"https:\/\/wsvn.com\/news\/local\/miami-dade\/video-of-altercation-leading-to-deadly-2019-rickenbacker-causeway-shooting-shown-in-court-as-witness-testifies-in-trial\/\">Source link <\/a><\/p>","protected":false},"excerpt":{"rendered":"<p>MIAMI (WSVN) &#8211; Foi um dia emocionante no julgamento de um homem acusado de um tiroteio em 2019 na Rickenbacker Causeway que deixou um ciclista mortoj\u00e1 que um v\u00eddeo de&hellip;<\/p>","protected":false},"author":1,"featured_media":35189,"comment_status":"closed","ping_status":"open","sticky":false,"template":"","format":"standard","meta":{"content-type":"","footnotes":""},"categories":[1],"tags":[],"class_list":["post-35188","post","type-post","status-publish","format-standard","has-post-thumbnail","hentry","category-uncategorized"],"_links":{"self":[{"href":"https:\/\/tvbrazilusa.com\/pt\/wp-json\/wp\/v2\/posts\/35188","targetHints":{"allow":["GET"]}}],"collection":[{"href":"https:\/\/tvbrazilusa.com\/pt\/wp-json\/wp\/v2\/posts"}],"about":[{"href":"https:\/\/tvbrazilusa.com\/pt\/wp-json\/wp\/v2\/types\/post"}],"author":[{"embeddable":true,"href":"https:\/\/tvbrazilusa.com\/pt\/wp-json\/wp\/v2\/users\/1"}],"replies":[{"embeddable":true,"href":"https:\/\/tvbrazilusa.com\/pt\/wp-json\/wp\/v2\/comments?post=35188"}],"version-history":[{"count":1,"href":"https:\/\/tvbrazilusa.com\/pt\/wp-json\/wp\/v2\/posts\/35188\/revisions"}],"predecessor-version":[{"id":35190,"href":"https:\/\/tvbrazilusa.com\/pt\/wp-json\/wp\/v2\/posts\/35188\/revisions\/35190"}],"wp:featuredmedia":[{"embeddable":true,"href":"https:\/\/tvbrazilusa.com\/pt\/wp-json\/wp\/v2\/media\/35189"}],"wp:attachment":[{"href":"https:\/\/tvbrazilusa.com\/pt\/wp-json\/wp\/v2\/media?parent=35188"}],"wp:term":[{"taxonomy":"category","embeddable":true,"href":"https:\/\/tvbrazilusa.com\/pt\/wp-json\/wp\/v2\/categories?post=35188"},{"taxonomy":"post_tag","embeddable":true,"href":"https:\/\/tvbrazilusa.com\/pt\/wp-json\/wp\/v2\/tags?post=35188"}],"curies":[{"name":"wp","href":"https:\/\/api.w.org\/{rel}","templated":true}]}}