{"id":35191,"date":"2024-09-10T22:58:27","date_gmt":"2024-09-10T22:58:27","guid":{"rendered":"https:\/\/tvbrazilusa.com\/2024\/09\/10\/o-aviao-com-formato-semelhante-ao-de-uma-baleia-conhecido-como-beluga-realizou-um-pouso-de-emergencia-na-holanda\/"},"modified":"2024-09-10T22:58:28","modified_gmt":"2024-09-10T22:58:28","slug":"o-aviao-com-formato-semelhante-ao-de-uma-baleia-conhecido-como-beluga-realizou-um-pouso-de-emergencia-na-holanda","status":"publish","type":"post","link":"https:\/\/tvbrazilusa.com\/pt\/2024\/09\/10\/o-aviao-com-formato-semelhante-ao-de-uma-baleia-conhecido-como-beluga-realizou-um-pouso-de-emergencia-na-holanda\/","title":{"rendered":"O avi\u00e3o com formato semelhante ao de uma baleia, conhecido como Beluga, realizou um pouso de emerg\u00eancia na Holanda"},"content":{"rendered":"<p> <script async src=\"https:\/\/pagead2.googlesyndication.com\/pagead\/js\/adsbygoogle.js?client=ca-pub-8864793242727901\"\r\n     crossorigin=\"anonymous\"><\/script><br \/>\n<\/p>\n<div id=\"taboola-read-more\" style=\"display:block; width:100%\">\n<p>Um avi\u00e3o Beluga da Airbus fez um pouso n\u00e3o programado no aeroporto de Schiphol, em Amsterd\u00e3, ap\u00f3s declarar emerg\u00eancia nesta ter\u00e7a-feira (10).<\/p>\n<p>O modelo F-GXLI, um dos dois Belugas existentes, ia do aeroporto de Saint-Nazare, na Fran\u00e7a, pr\u00f3ximo \u00e0 cidade de Nantes, em dire\u00e7\u00e3o a Hamburgo, na Alemanha. Segundo o site FlightRadar24, o voo BGA1231 decolou no in\u00edcio da tarde desta ter\u00e7a-feira (10).<\/p>\n<p>Beluga \u00e9 o nome comercial de avi\u00e3o de carga da Airbus que \u00e9 capaz de transportar grandes volumes, como partes de outras aeronaves.<\/p>\n<p>O pouso ocorreu normalmente no aeroporto de Schiphol, em Amsterd\u00e3. Ainda n\u00e3o se sabe o motivo da emerg\u00eancia.<\/p>\n<p>\u00a0<\/p>\n<\/p><\/div>\n<p><br \/>\n<br \/><a href=\"https:\/\/diariodobrasilnoticias.com.br\/noticia\/o-aviao-com-formato-semelhante-ao-de-uma-baleia-conhecido-como-beluga-realizou-um-pouso-de-emergencia-na-holanda-66e0b40ac9f2d\">Source link <\/a><\/p>","protected":false},"excerpt":{"rendered":"<p>Um avi\u00e3o Beluga da Airbus fez um pouso n\u00e3o programado no aeroporto de Schiphol, em Amsterd\u00e3, ap\u00f3s declarar emerg\u00eancia nesta ter\u00e7a-feira (10). O modelo F-GXLI, um dos dois Belugas existentes,&hellip;<\/p>","protected":false},"author":1,"featured_media":35192,"comment_status":"closed","ping_status":"open","sticky":false,"template":"","format":"standard","meta":{"content-type":"","footnotes":""},"categories":[16],"tags":[123,2448,5313,1267],"class_list":["post-35191","post","type-post","status-publish","format-standard","has-post-thumbnail","hentry","category-noticias","tag-brasil","tag-diario","tag-noticia","tag-noticias"],"_links":{"self":[{"href":"https:\/\/tvbrazilusa.com\/pt\/wp-json\/wp\/v2\/posts\/35191","targetHints":{"allow":["GET"]}}],"collection":[{"href":"https:\/\/tvbrazilusa.com\/pt\/wp-json\/wp\/v2\/posts"}],"about":[{"href":"https:\/\/tvbrazilusa.com\/pt\/wp-json\/wp\/v2\/types\/post"}],"author":[{"embeddable":true,"href":"https:\/\/tvbrazilusa.com\/pt\/wp-json\/wp\/v2\/users\/1"}],"replies":[{"embeddable":true,"href":"https:\/\/tvbrazilusa.com\/pt\/wp-json\/wp\/v2\/comments?post=35191"}],"version-history":[{"count":1,"href":"https:\/\/tvbrazilusa.com\/pt\/wp-json\/wp\/v2\/posts\/35191\/revisions"}],"predecessor-version":[{"id":35193,"href":"https:\/\/tvbrazilusa.com\/pt\/wp-json\/wp\/v2\/posts\/35191\/revisions\/35193"}],"wp:featuredmedia":[{"embeddable":true,"href":"https:\/\/tvbrazilusa.com\/pt\/wp-json\/wp\/v2\/media\/35192"}],"wp:attachment":[{"href":"https:\/\/tvbrazilusa.com\/pt\/wp-json\/wp\/v2\/media?parent=35191"}],"wp:term":[{"taxonomy":"category","embeddable":true,"href":"https:\/\/tvbrazilusa.com\/pt\/wp-json\/wp\/v2\/categories?post=35191"},{"taxonomy":"post_tag","embeddable":true,"href":"https:\/\/tvbrazilusa.com\/pt\/wp-json\/wp\/v2\/tags?post=35191"}],"curies":[{"name":"wp","href":"https:\/\/api.w.org\/{rel}","templated":true}]}}