{"id":35211,"date":"2024-09-10T23:57:21","date_gmt":"2024-09-10T23:57:21","guid":{"rendered":"https:\/\/tvbrazilusa.com\/2024\/09\/10\/a-bmw-faz-um-recall-de-15-milhao-de-veiculos-devido-a-problemas-no-sistema-de-freios\/"},"modified":"2024-09-10T23:57:23","modified_gmt":"2024-09-10T23:57:23","slug":"a-bmw-faz-um-recall-de-15-milhao-de-veiculos-devido-a-problemas-no-sistema-de-freios","status":"publish","type":"post","link":"https:\/\/tvbrazilusa.com\/pt\/2024\/09\/10\/a-bmw-faz-um-recall-de-15-milhao-de-veiculos-devido-a-problemas-no-sistema-de-freios\/","title":{"rendered":"A BMW faz um recall de 1,5 milh\u00e3o de ve\u00edculos devido a problemas no sistema de freios."},"content":{"rendered":"<p> <script async src=\"https:\/\/pagead2.googlesyndication.com\/pagead\/js\/adsbygoogle.js?client=ca-pub-8864793242727901\"\r\n     crossorigin=\"anonymous\"><\/script><br \/>\n<\/p>\n<div id=\"taboola-read-more\" style=\"display:block; width:100%\">\n<p>Segundo a ag\u00eancia Bloomberg, a empresa alem\u00e3 Continental \u00e9 a \u00fanica fornecedora desses sistemas para a montadora, que os instala em seus ve\u00edculos das marcas BMW, Mini e Rolls Royce. Como resultado, a BMW espera que as entregas de ve\u00edculos diminuam &#8220;ligeiramente&#8221; em 2024 em rela\u00e7\u00e3o ao ano anterior.<\/p>\n<p>Al\u00e9m disso, a montadora prev\u00ea uma margem operacional de entre 6% e 7% neste ano na divis\u00e3o de autom\u00f3veis, em compara\u00e7\u00e3o com a faixa anterior de 8% a 10%, conforme indicado em um comunicado.<\/p>\n<p><strong>BMW R18 100 anos chega ao Brasil com pre\u00e7o de carro de luxo<\/strong><\/p>\n<p><strong><\/strong><\/p>\n<p>Modelo teve apenas 1923 unidades produzidas em todo o mundo e somente 30 chegaram ao territ\u00f3rio nacional.<\/p>\n<p>\u00a0<\/p>\n<p>A cota\u00e7\u00e3o da BMW caiu cerca de 8% na bolsa ap\u00f3s o an\u00fancio. Trata-se de um novo golpe para a ind\u00fastria automotiva alem\u00e3, logo depois de a Volkswagen anunciar na semana passada que prepara um plano dr\u00e1stico de cortes, com poss\u00edveis fechamentos de f\u00e1bricas e demiss\u00f5es na Alemanha.<\/p>\n<p>A posi\u00e7\u00e3o das montadoras alem\u00e3s est\u00e1 sendo cada vez mais questionada devido ao r\u00e1pido crescimento do mercado de carros el\u00e9tricos chineses, que beneficia principalmente as marcas locais.<\/p>\n<p><strong>O Globo\u00a0<\/strong><\/p>\n<\/p><\/div>\n<p><br \/>\n<br \/><a href=\"https:\/\/diariodobrasilnoticias.com.br\/noticia\/a-bmw-faz-um-recall-de-1-5-milhao-de-veiculos-devido-a-problemas-no-sistema-de-freios-66e0b71486ecd\">Source link <\/a><\/p>","protected":false},"excerpt":{"rendered":"<p>Segundo a ag\u00eancia Bloomberg, a empresa alem\u00e3 Continental \u00e9 a \u00fanica fornecedora desses sistemas para a montadora, que os instala em seus ve\u00edculos das marcas BMW, Mini e Rolls Royce.&hellip;<\/p>","protected":false},"author":1,"featured_media":35212,"comment_status":"closed","ping_status":"open","sticky":false,"template":"","format":"standard","meta":{"content-type":"","footnotes":""},"categories":[16],"tags":[123,2448,5313,1267],"class_list":["post-35211","post","type-post","status-publish","format-standard","has-post-thumbnail","hentry","category-noticias","tag-brasil","tag-diario","tag-noticia","tag-noticias"],"_links":{"self":[{"href":"https:\/\/tvbrazilusa.com\/pt\/wp-json\/wp\/v2\/posts\/35211","targetHints":{"allow":["GET"]}}],"collection":[{"href":"https:\/\/tvbrazilusa.com\/pt\/wp-json\/wp\/v2\/posts"}],"about":[{"href":"https:\/\/tvbrazilusa.com\/pt\/wp-json\/wp\/v2\/types\/post"}],"author":[{"embeddable":true,"href":"https:\/\/tvbrazilusa.com\/pt\/wp-json\/wp\/v2\/users\/1"}],"replies":[{"embeddable":true,"href":"https:\/\/tvbrazilusa.com\/pt\/wp-json\/wp\/v2\/comments?post=35211"}],"version-history":[{"count":1,"href":"https:\/\/tvbrazilusa.com\/pt\/wp-json\/wp\/v2\/posts\/35211\/revisions"}],"predecessor-version":[{"id":35213,"href":"https:\/\/tvbrazilusa.com\/pt\/wp-json\/wp\/v2\/posts\/35211\/revisions\/35213"}],"wp:featuredmedia":[{"embeddable":true,"href":"https:\/\/tvbrazilusa.com\/pt\/wp-json\/wp\/v2\/media\/35212"}],"wp:attachment":[{"href":"https:\/\/tvbrazilusa.com\/pt\/wp-json\/wp\/v2\/media?parent=35211"}],"wp:term":[{"taxonomy":"category","embeddable":true,"href":"https:\/\/tvbrazilusa.com\/pt\/wp-json\/wp\/v2\/categories?post=35211"},{"taxonomy":"post_tag","embeddable":true,"href":"https:\/\/tvbrazilusa.com\/pt\/wp-json\/wp\/v2\/tags?post=35211"}],"curies":[{"name":"wp","href":"https:\/\/api.w.org\/{rel}","templated":true}]}}