{"id":35217,"date":"2024-09-11T00:13:36","date_gmt":"2024-09-11T00:13:36","guid":{"rendered":"https:\/\/tvbrazilusa.com\/2024\/09\/11\/dino-ordena-a-convocacao-de-bombeiros-para-combater-as-queimadas\/"},"modified":"2024-09-11T00:13:37","modified_gmt":"2024-09-11T00:13:37","slug":"dino-ordena-a-convocacao-de-bombeiros-para-combater-as-queimadas","status":"publish","type":"post","link":"https:\/\/tvbrazilusa.com\/pt\/2024\/09\/11\/dino-ordena-a-convocacao-de-bombeiros-para-combater-as-queimadas\/","title":{"rendered":"Dino ordena a convoca\u00e7\u00e3o de bombeiros para combater as queimadas"},"content":{"rendered":"<p> <script async src=\"https:\/\/pagead2.googlesyndication.com\/pagead\/js\/adsbygoogle.js?client=ca-pub-8864793242727901\"\r\n     crossorigin=\"anonymous\"><\/script><br \/>\n<\/p>\n<div id=\"taboola-read-more\" style=\"display:block; width:100%\">\n<p>O ministro Fl\u00e1vio Dino, do Supremo Tribunal Federal (STF), determinou a convoca\u00e7\u00e3o &#8220;imediata&#8221; de mais bombeiros para a For\u00e7a Nacional, para auxiliar no combate a inc\u00eandios florestais. Os profissionais devem sair dos estados que n\u00e3o est\u00e3o sendo atingidos diretamente pelas queimadas.<\/p>\n<p>O efetivo a ser convocado vai ser definido pelo Minist\u00e9rio da Justi\u00e7a. A decis\u00e3o foi tomada por Dino ap\u00f3s uma audi\u00eancia de concilia\u00e7\u00e3o, realizada para discutir o cumprimento de um julgamento do STF que determinou medidas de combate a inc\u00eandios na Amaz\u00f4nia e no Pantanal.\u00a0<\/p>\n<p>Mais cedo, o magistrado afirmou que o Brasil vive uma &#8220;aut\u00eantica pandemia de inc\u00eandios florestais&#8221; e que para lidar com ela \u00e9 necess\u00e1ria uma mobiliza\u00e7\u00e3o semelhante a que feita contra a Covid-19. Dino tamb\u00e9m citou o dado de que 60% do territ\u00f3rio brasileiro foi afetado por fuma\u00e7as de queimadas e declarou que &#8220;n\u00e3o podemos normalizar o absurdo&#8221;.<\/p>\n<p>As declara\u00e7\u00f5es ocorreram na abertura de uma audi\u00eancia de concilia\u00e7\u00e3o para discutir medidas de enfrentamento a queimadas na Amaz\u00f4nia e no Pantanal.<\/p>\n<p>\u2014 N\u00f3s n\u00e3o podemos normalizar o absurdo. Essa premissa \u00e9 fundamental porque n\u00f3s temos que manter o estranhamento com o fato de, nesse instante, 60% do territ\u00f3rio nacional, direta ou indiretamente, est\u00e1 sentindo os efeitos dos inc\u00eandios florestais, das queimadas. Isto \u00e9 um absurdo e isto \u00e9 inaceit\u00e1vel \u2014 disse Dino.<\/p>\n<p>O ministro do STF tamb\u00e9m comparou a situa\u00e7\u00e3o com as enchentes ocorridas no primeiro semestre no Rio Grande do Sul:<\/p>\n<p>\u2014 N\u00f3s temos que reconhecer que n\u00f3s estamos vivenciando agora uma aut\u00eantica pandemia de inc\u00eandios florestais. E, assim como os Tr\u00eas Poderes se mobilizaram quando do enfrentamento da pandemia do coronav\u00edrus, ou quando da trag\u00e9dia ambiental no Rio Grande do Sul, id\u00eantica mobiliza\u00e7\u00e3o deve ser feita, est\u00e1 sendo feita em larga medida, mas deve ser refor\u00e7ada, ampliada para que essa pandemia seja enfrentada.<\/p>\n<p>Dino ainda afirmou que, por mais que as queimada sejam influenciadas pelas mudan\u00e7as clim\u00e1ticas, \u00e9 &#8220;indiscut\u00edvel&#8221; que tamb\u00e9m h\u00e1 a\u00e7\u00e3o humana.<\/p>\n<p>\u2014 N\u00f3s temos mudan\u00e7as clim\u00e1ticas e fatores que transcendem as fronteiras nacionais que est\u00e3o nos desfavorecendo fortemente neste momento. Isso \u00e9 indiscut\u00edvel. Por\u00e9m, \u00e9 igualmente indiscut\u00edvel que n\u00e3o estariam ocorrendo estes inc\u00eandios florestais se n\u00e3o houvesse a a\u00e7\u00e3o humana.<\/p>\n<p>O ministro do STF \u00e9 o relator de um conjunto de a\u00e7\u00f5es que tratam sobre medidas de combate a inc\u00eandios na Amaz\u00f4nia e no Pantanal. Em mar\u00e7o, a Corte determinou que o governo federal deveria apresentar um plano para atua\u00e7\u00e3o nos dois biomas. A audi\u00eancia desta ter\u00e7a-feira serve para verificar o cumprimento desse julgamento.<\/p>\n<p>Participaram os ministros do governo federal Jorge Messias (Advocacia-Geral da Uni\u00e3o) e Paulo Teixeira (Desenvolvimento Agr\u00e1rio), al\u00e9m de representantes de outras pastas, como do Meio Ambiente e dos Povos Ind\u00edgenas.<\/p>\n<p dir=\"ltr\"><strong dir=\"ltr\">Senado<\/strong><\/p>\n<p>O presidente do Senado, Rodrigo Pacheco (PSD-MG), disse que a Casa tamb\u00e9m deve agir para dar suporte ao Executivo.<\/p>\n<p>\u2014S\u00e3o temas muito sens\u00edveis. N\u00f3s todos estamos muito alarmados com o que est\u00e1 acontecendo no Brasil. Escassez h\u00eddrica e essa quantidade enorme in\u00e9dita de inc\u00eandios. Ent\u00e3o eu considero que \u00e9 muito importante as nossas inst\u00e2ncias do Senado cuidarem, Comiss\u00e3o de meio ambiente, comiss\u00e3o de mudan\u00e7as clim\u00e1ticas. Eu considero que \u00e9 preciso haver um esfor\u00e7o muito concentrado em torno desse tema e auxiliar o poder executivo nessa gest\u00e3o\u2014 disse Pacheco.<\/p>\n<p><strong>O Globo<\/strong><\/p>\n<\/p><\/div>\n<p><br \/>\n<br \/><a href=\"https:\/\/diariodobrasilnoticias.com.br\/noticia\/dino-ordena-a-convocacao-de-bombeiros-para-combater-as-queimadas-66e0b673c2c00\">Source link <\/a><\/p>","protected":false},"excerpt":{"rendered":"<p>O ministro Fl\u00e1vio Dino, do Supremo Tribunal Federal (STF), determinou a convoca\u00e7\u00e3o &#8220;imediata&#8221; de mais bombeiros para a For\u00e7a Nacional, para auxiliar no combate a inc\u00eandios florestais. Os profissionais devem&hellip;<\/p>","protected":false},"author":1,"featured_media":35218,"comment_status":"closed","ping_status":"open","sticky":false,"template":"","format":"standard","meta":{"content-type":"","footnotes":""},"categories":[16],"tags":[123,2448,5313,1267],"class_list":["post-35217","post","type-post","status-publish","format-standard","has-post-thumbnail","hentry","category-noticias","tag-brasil","tag-diario","tag-noticia","tag-noticias"],"_links":{"self":[{"href":"https:\/\/tvbrazilusa.com\/pt\/wp-json\/wp\/v2\/posts\/35217","targetHints":{"allow":["GET"]}}],"collection":[{"href":"https:\/\/tvbrazilusa.com\/pt\/wp-json\/wp\/v2\/posts"}],"about":[{"href":"https:\/\/tvbrazilusa.com\/pt\/wp-json\/wp\/v2\/types\/post"}],"author":[{"embeddable":true,"href":"https:\/\/tvbrazilusa.com\/pt\/wp-json\/wp\/v2\/users\/1"}],"replies":[{"embeddable":true,"href":"https:\/\/tvbrazilusa.com\/pt\/wp-json\/wp\/v2\/comments?post=35217"}],"version-history":[{"count":1,"href":"https:\/\/tvbrazilusa.com\/pt\/wp-json\/wp\/v2\/posts\/35217\/revisions"}],"predecessor-version":[{"id":35219,"href":"https:\/\/tvbrazilusa.com\/pt\/wp-json\/wp\/v2\/posts\/35217\/revisions\/35219"}],"wp:featuredmedia":[{"embeddable":true,"href":"https:\/\/tvbrazilusa.com\/pt\/wp-json\/wp\/v2\/media\/35218"}],"wp:attachment":[{"href":"https:\/\/tvbrazilusa.com\/pt\/wp-json\/wp\/v2\/media?parent=35217"}],"wp:term":[{"taxonomy":"category","embeddable":true,"href":"https:\/\/tvbrazilusa.com\/pt\/wp-json\/wp\/v2\/categories?post=35217"},{"taxonomy":"post_tag","embeddable":true,"href":"https:\/\/tvbrazilusa.com\/pt\/wp-json\/wp\/v2\/tags?post=35217"}],"curies":[{"name":"wp","href":"https:\/\/api.w.org\/{rel}","templated":true}]}}