{"id":35220,"date":"2024-09-11T00:31:40","date_gmt":"2024-09-11T00:31:40","guid":{"rendered":"https:\/\/tvbrazilusa.com\/2024\/09\/11\/leia-na-integra-o-pedido-de-impeachment-contra-moraes\/"},"modified":"2024-09-11T00:31:41","modified_gmt":"2024-09-11T00:31:41","slug":"leia-na-integra-o-pedido-de-impeachment-contra-moraes","status":"publish","type":"post","link":"https:\/\/tvbrazilusa.com\/pt\/2024\/09\/11\/leia-na-integra-o-pedido-de-impeachment-contra-moraes\/","title":{"rendered":"Leia na \u00edntegra o pedido de impeachment contra Moraes"},"content":{"rendered":"<p> <script async src=\"https:\/\/pagead2.googlesyndication.com\/pagead\/js\/adsbygoogle.js?client=ca-pub-8864793242727901\"\r\n     crossorigin=\"anonymous\"><\/script><br \/>\n<\/p>\n<div id=\"taboola-read-more\" style=\"display:block; width:100%\">\n<p>A oposi\u00e7\u00e3o protocolou o \u2018superpedido\u2019 de impeachment do ministro do Supremo Tribunal Federal (STF) Alexandre de Moraes, na noite da segunda-feira, 9 de setembro.<\/p>\n<p>Mais de 150 dos 513 deputados e cerca de 1,5 milh\u00e3o de brasileiros assinaram o pedido. Senadores est\u00e3o fora do grupo de signat\u00e1rios, uma vez que ser\u00e3o os julgadores do processo de impeachment.<\/p>\n<p><em>\u201cSAs ordens de censura, calando a cidadania brasileira e cometendo toda sorte de abusos, arb\u00edtrios e arbitrariedades sob a pretensa justificativa de preservar a \u2018democracia\u2019 v\u00eam, desta vez, do Poder Judici\u00e1rio. As situa\u00e7\u00f5es narradas ao longo desta pe\u00e7a que, apesar de longa, \u00e9 ainda muito concisa em face do n\u00famero j\u00e1 incont\u00e1vel de crimes de responsabilidade cometidos pelo Denunciado, ministro Alexandre de Moraes, demonstram que suas a\u00e7\u00f5es solapam, no m\u00ednimo, tr\u00eas dos maiores fundamentos de uma democracia: o direito \u00e0 exist\u00eancia de oposi\u00e7\u00e3o sem censura; o funcionamento regular do Congresso Nacional sem que haja interfer\u00eancias indevidas no trabalho da representa\u00e7\u00e3o parlamentar eleita pelo voto popular; e o respeito irrestrito \u00e0 Constitui\u00e7\u00e3o e \u00e0s leis para a preserva\u00e7\u00e3o do Estado de Direito\u201d,\u00a0<\/em>diz o pedido.<\/p>\n<p>A a\u00e7\u00e3o faz refer\u00eancia n\u00e3o apenas \u00e0 suspens\u00e3o do X mas tamb\u00e9m \u00e0 censura da reportagem \u201cO amigo do amigo do meu pai\u201d, de Cruso\u00e9, publicada em 2019. O texto est\u00e1 aberto a n\u00e3o assinantes.<\/p>\n<p><em>\u201cDa proibi\u00e7\u00e3o de circula\u00e7\u00e3o e censura de uma \u00fanica revista em 11 de abril de 2019, que trazia graves den\u00fancias de corrup\u00e7\u00e3o envolvendo um ministro da Suprema Corte Brasileira at\u00e9 a censura pr\u00e9via de todo o povo brasileiro com o bloqueio recente da plataforma de rede social X, com mais de 22 milh\u00f5es de usu\u00e1rios no pa\u00eds: a escalada autorit\u00e1ria do ministro Alexandre de Moraes \u00e9 estarrecedora e, lamentavelmente, hoje de conhecimento internacional. Ao incluir o Brasil no asqueroso e pequen\u00edssimo grupo de ditaduras como China, R\u00fassia e Ir\u00e3, que n\u00e3o permitem ao seu povo a utiliza\u00e7\u00e3o do antigo Twitter, Alexandre de Moraes dobrou sua aposta contra o povo brasileiro\u201d<\/em>.<\/p>\n<p><strong>O Antagonista\u00a0<\/strong><\/p>\n<\/p><\/div>\n<p><br \/>\n<br \/><a href=\"https:\/\/diariodobrasilnoticias.com.br\/noticia\/leia-na-integra-o-pedido-de-impeachment-contra-moraes-66e0ba37f056b\">Source link <\/a><\/p>","protected":false},"excerpt":{"rendered":"<p>A oposi\u00e7\u00e3o protocolou o \u2018superpedido\u2019 de impeachment do ministro do Supremo Tribunal Federal (STF) Alexandre de Moraes, na noite da segunda-feira, 9 de setembro. Mais de 150 dos 513 deputados&hellip;<\/p>","protected":false},"author":1,"featured_media":35221,"comment_status":"closed","ping_status":"open","sticky":false,"template":"","format":"standard","meta":{"content-type":"","footnotes":""},"categories":[16],"tags":[123,2448,5313,1267],"class_list":["post-35220","post","type-post","status-publish","format-standard","has-post-thumbnail","hentry","category-noticias","tag-brasil","tag-diario","tag-noticia","tag-noticias"],"_links":{"self":[{"href":"https:\/\/tvbrazilusa.com\/pt\/wp-json\/wp\/v2\/posts\/35220","targetHints":{"allow":["GET"]}}],"collection":[{"href":"https:\/\/tvbrazilusa.com\/pt\/wp-json\/wp\/v2\/posts"}],"about":[{"href":"https:\/\/tvbrazilusa.com\/pt\/wp-json\/wp\/v2\/types\/post"}],"author":[{"embeddable":true,"href":"https:\/\/tvbrazilusa.com\/pt\/wp-json\/wp\/v2\/users\/1"}],"replies":[{"embeddable":true,"href":"https:\/\/tvbrazilusa.com\/pt\/wp-json\/wp\/v2\/comments?post=35220"}],"version-history":[{"count":1,"href":"https:\/\/tvbrazilusa.com\/pt\/wp-json\/wp\/v2\/posts\/35220\/revisions"}],"predecessor-version":[{"id":35222,"href":"https:\/\/tvbrazilusa.com\/pt\/wp-json\/wp\/v2\/posts\/35220\/revisions\/35222"}],"wp:featuredmedia":[{"embeddable":true,"href":"https:\/\/tvbrazilusa.com\/pt\/wp-json\/wp\/v2\/media\/35221"}],"wp:attachment":[{"href":"https:\/\/tvbrazilusa.com\/pt\/wp-json\/wp\/v2\/media?parent=35220"}],"wp:term":[{"taxonomy":"category","embeddable":true,"href":"https:\/\/tvbrazilusa.com\/pt\/wp-json\/wp\/v2\/categories?post=35220"},{"taxonomy":"post_tag","embeddable":true,"href":"https:\/\/tvbrazilusa.com\/pt\/wp-json\/wp\/v2\/tags?post=35220"}],"curies":[{"name":"wp","href":"https:\/\/api.w.org\/{rel}","templated":true}]}}