{"id":35223,"date":"2024-09-11T00:42:56","date_gmt":"2024-09-11T00:42:56","guid":{"rendered":"https:\/\/tvbrazilusa.com\/2024\/09\/11\/pgr-nega-pedido-de-soltura-de-debora-dos-santos-paulo-figueiredo\/"},"modified":"2024-09-11T00:47:15","modified_gmt":"2024-09-11T00:47:15","slug":"pgr-nega-pedido-de-soltura-de-debora-dos-santos-paulo-figueiredo","status":"publish","type":"post","link":"https:\/\/tvbrazilusa.com\/pt\/2024\/09\/11\/pgr-nega-pedido-de-soltura-de-debora-dos-santos-paulo-figueiredo\/","title":{"rendered":"PGR nega pedido de soltura de D\u00e9bora dos Santos &#8211; Paulo Figueiredo"},"content":{"rendered":"<p> <script async src=\"https:\/\/pagead2.googlesyndication.com\/pagead\/js\/adsbygoogle.js?client=ca-pub-8864793242727901\"\r\n     crossorigin=\"anonymous\"><\/script><br \/>\n<\/p>\n<div id=\"wtr-content\" data-bg=\"#FFFFFF\" data-fg=\"#006d91\" data-width=\"25\" data-mute=\"1\" data-fgopacity=\"1.00\" data-mutedopacity=\"0.5\" data-placement=\"bottom\" data-placement-offset=\"0\" data-content-offset=\"262\" data-placement-touch=\"bottom\" data-placement-offset-touch=\"0\" data-transparent=\"\" data-shadow=\"0\" data-touch=\"1\" data-non-touch=\"1\" data-comments=\"0\" data-commentsbg=\"transparent\" data-location=\"page\" data-mutedfg=\"#006d91\" data-endfg=\"#006d91\" data-rtl=\"\">\n<h3 class=\"wp-block-heading\">Procuradoria desconsiderou argumentos da defesa, sobre filhos menores da mulher que manchou est\u00e1tua do STF com batom<\/h3>\n<p>O\u00a0<strong>procurador-geral da Rep\u00fablica (PGR)<\/strong>, Paulo Gonet, se manifestou contra um pedido de soltura da cabeleireira D\u00e9bora dos Santos, de 38 anos, presa durante o 8 de janeiro.<\/p>\n<p>A paulista de Paul\u00ednia ficou conhecida por escrever \u201cperdeu, man\u00e9\u201d, com batom, na Est\u00e1tua da Justi\u00e7a, em frente ao STF.<\/p>\n<p>\u201cO pedido formulado pela defesa n\u00e3o veicula novos argumentos capazes de alterar o entendimento anteriormente firmado nas decis\u00f5es proferidas anteriormente, tendo em vista a perman\u00eancia dos motivos que fundamentarem a decreta\u00e7\u00e3o da pris\u00e3o preventiva contra a denunciada\u201d, afirmou Gonet, no parecer emitido na sexta-feira 6.<\/p>\n<p>Na pe\u00e7a, o advogado H\u00e9lio J\u00fanior observou que D\u00e9bora tem dois filhos menores. \u201cAs demais mulheres do inqu\u00e9rito 4922 receberam a liberdade em agosto de 2023, sendo a requerente a \u00fanica mulher, m\u00e3e de filhos menores, que n\u00e3o teve a oportunidade de responder ao processo em liberdade, permanecendo presa de forma mais rigorosa do que outras corr\u00e9us relacionado aos casos similares\u201d, observou J\u00fanior, na peti\u00e7\u00e3o.<\/p>\n<h3 class=\"wp-block-heading\">D\u00e9bora dos Santos vira r\u00e9 no STF<\/h3>\n<p>No in\u00edcio deste m\u00eas, a Primeira Turma do STF tornou D\u00e9bora r\u00e9, em virtude do protesto, depois de um ano\u00a0<strong>sem den\u00fancia formal da PGR.<\/strong><\/p>\n<p><strong><a href=\"https:\/\/revistaoeste.com\/no-ponto\/pgr-nega-pedido-de-soltura-de-debora-dos-santos\/\">Source link<\/a><\/strong><\/p>\n<\/div>\n<p><br \/>\n<br \/><a href=\"https:\/\/paulofigueiredoshow.com\/pgr-nega-pedido-de-soltura-de-debora-dos-santos\/\">Source link <\/a><\/p>","protected":false},"excerpt":{"rendered":"<p>Procuradoria desconsiderou argumentos da defesa, sobre filhos menores da mulher que manchou est\u00e1tua do STF com batom O\u00a0procurador-geral da Rep\u00fablica (PGR), Paulo Gonet, se manifestou contra um pedido de soltura&hellip;<\/p>","protected":false},"author":1,"featured_media":3503,"comment_status":"closed","ping_status":"open","sticky":false,"template":"","format":"standard","meta":{"content-type":"","footnotes":""},"categories":[16],"tags":[18851,933,5957,5220,425,141],"class_list":["post-35223","post","type-post","status-publish","format-standard","has-post-thumbnail","hentry","category-noticias","tag-contraria","tag-debora","tag-gonet","tag-manifestacao","tag-moraes","tag-paulo"],"_links":{"self":[{"href":"https:\/\/tvbrazilusa.com\/pt\/wp-json\/wp\/v2\/posts\/35223","targetHints":{"allow":["GET"]}}],"collection":[{"href":"https:\/\/tvbrazilusa.com\/pt\/wp-json\/wp\/v2\/posts"}],"about":[{"href":"https:\/\/tvbrazilusa.com\/pt\/wp-json\/wp\/v2\/types\/post"}],"author":[{"embeddable":true,"href":"https:\/\/tvbrazilusa.com\/pt\/wp-json\/wp\/v2\/users\/1"}],"replies":[{"embeddable":true,"href":"https:\/\/tvbrazilusa.com\/pt\/wp-json\/wp\/v2\/comments?post=35223"}],"version-history":[{"count":1,"href":"https:\/\/tvbrazilusa.com\/pt\/wp-json\/wp\/v2\/posts\/35223\/revisions"}],"predecessor-version":[{"id":35224,"href":"https:\/\/tvbrazilusa.com\/pt\/wp-json\/wp\/v2\/posts\/35223\/revisions\/35224"}],"wp:featuredmedia":[{"embeddable":true,"href":"https:\/\/tvbrazilusa.com\/pt\/wp-json\/wp\/v2\/media\/3503"}],"wp:attachment":[{"href":"https:\/\/tvbrazilusa.com\/pt\/wp-json\/wp\/v2\/media?parent=35223"}],"wp:term":[{"taxonomy":"category","embeddable":true,"href":"https:\/\/tvbrazilusa.com\/pt\/wp-json\/wp\/v2\/categories?post=35223"},{"taxonomy":"post_tag","embeddable":true,"href":"https:\/\/tvbrazilusa.com\/pt\/wp-json\/wp\/v2\/tags?post=35223"}],"curies":[{"name":"wp","href":"https:\/\/api.w.org\/{rel}","templated":true}]}}