{"id":35240,"date":"2024-09-11T01:38:40","date_gmt":"2024-09-11T01:38:40","guid":{"rendered":"https:\/\/tvbrazilusa.com\/2024\/09\/11\/pgr-isenta-nikolas-de-responsabilidade-no-inquerito-envolvendo-o-petista-que-agrediu-um-deputado\/"},"modified":"2024-09-11T01:38:41","modified_gmt":"2024-09-11T01:38:41","slug":"pgr-isenta-nikolas-de-responsabilidade-no-inquerito-envolvendo-o-petista-que-agrediu-um-deputado","status":"publish","type":"post","link":"https:\/\/tvbrazilusa.com\/pt\/2024\/09\/11\/pgr-isenta-nikolas-de-responsabilidade-no-inquerito-envolvendo-o-petista-que-agrediu-um-deputado\/","title":{"rendered":"PGR isenta Nikolas de responsabilidade no inqu\u00e9rito envolvendo o petista que agrediu um deputado"},"content":{"rendered":"<p> <script async src=\"https:\/\/pagead2.googlesyndication.com\/pagead\/js\/adsbygoogle.js?client=ca-pub-8864793242727901\"\r\n     crossorigin=\"anonymous\"><\/script><br \/>\n<\/p>\n<div id=\"taboola-read-more\" style=\"display:block; width:100%\">\n<p>A Procuradoria-Geral da Rep\u00fablica (PGR) defende que o deputado federal\u00a0<strong>Nikolas Ferreira (PL-MG)<\/strong>\u00a0n\u00e3o seja inclu\u00eddo no inqu\u00e9rito que apura responsabilidades em uma confus\u00e3o que culminou em um tapa dado pelo deputado\u00a0<strong>Washington Quaqu\u00e1 (PT-RJ)<\/strong>\u00a0contra um colega de Casa.<\/p>\n<p>A manifesta\u00e7\u00e3o da PGR foi enviada ao Supremo Tribunal Federal (STF) nesta ter\u00e7a-feira (10). O \u00f3rg\u00e3o sustenta que fatos relatados por Quaqu\u00e1 apontando a participa\u00e7\u00e3o de Nikolas no epis\u00f3dio \u201cn\u00e3o ensejam a instaura\u00e7\u00e3o de inqu\u00e9rito, tampouco cont\u00eam elementos informativos capazes de justificar, por si s\u00f3s, o oferecimento de den\u00fancia\u201d contra o mineiro.<\/p>\n<p>Em depoimento \u00e0 Pol\u00edcia Federal, Washington Quaqu\u00e1 disse que o tapa dado por ele em Messias Donato (PL-ES) foi uma rea\u00e7\u00e3o a agress\u00f5es verbais e f\u00edsicas. O caso aconteceu em dezembro do ano passado, durante sess\u00e3o que promulgou a reforma tribut\u00e1ria.<\/p>\n<p>Vice-presidente nacional do Partido dos Trabalhadores, deputado federal em primeiro mandato e ex-prefeito de Maric\u00e1 (PT), Quaqu\u00e1 responde a um inqu\u00e9rito no Supremo Tribunal Federal (STF) pelo epis\u00f3dio.<\/p>\n<p>Ao ser questionado, Quaqu\u00e1 disse que Messias Donato e Nikolas Ferreira estavam xingando o\u00a0<strong>presidente Lula (PT)<\/strong>. Diante disso, come\u00e7ou a gravar a cena, dizendo que iria representar contra ambos no Conselho de \u00c9tica da C\u00e2mara.<\/p>\n<p>Segundo Quaqu\u00e1, Nikolas o teria xingado e Donato dado um tapa em sua m\u00e3o. A rea\u00e7\u00e3o teria acontecido nesse momento, quando o deputado fluminense deu o tapa no capixaba.<\/p>\n<p>Na manifesta\u00e7\u00e3o desta ter\u00e7a (10), a PGR defende apenas a inclus\u00e3o de Messias Donato no inqu\u00e9rito.<\/p>\n<p><strong>Itatiaia<\/strong><\/p>\n<\/p><\/div>\n<p><br \/>\n<br \/><a href=\"https:\/\/diariodobrasilnoticias.com.br\/noticia\/pgr-isenta-nikolas-de-responsabilidade-no-inquerito-envolvendo-o-petista-que-agrediu-um-deputado-66e0bdc04ae21\">Source link <\/a><\/p>","protected":false},"excerpt":{"rendered":"<p>A Procuradoria-Geral da Rep\u00fablica (PGR) defende que o deputado federal\u00a0Nikolas Ferreira (PL-MG)\u00a0n\u00e3o seja inclu\u00eddo no inqu\u00e9rito que apura responsabilidades em uma confus\u00e3o que culminou em um tapa dado pelo deputado\u00a0Washington&hellip;<\/p>","protected":false},"author":1,"featured_media":35241,"comment_status":"closed","ping_status":"open","sticky":false,"template":"","format":"standard","meta":{"content-type":"","footnotes":""},"categories":[16],"tags":[123,2448,5313,1267],"class_list":["post-35240","post","type-post","status-publish","format-standard","has-post-thumbnail","hentry","category-noticias","tag-brasil","tag-diario","tag-noticia","tag-noticias"],"_links":{"self":[{"href":"https:\/\/tvbrazilusa.com\/pt\/wp-json\/wp\/v2\/posts\/35240","targetHints":{"allow":["GET"]}}],"collection":[{"href":"https:\/\/tvbrazilusa.com\/pt\/wp-json\/wp\/v2\/posts"}],"about":[{"href":"https:\/\/tvbrazilusa.com\/pt\/wp-json\/wp\/v2\/types\/post"}],"author":[{"embeddable":true,"href":"https:\/\/tvbrazilusa.com\/pt\/wp-json\/wp\/v2\/users\/1"}],"replies":[{"embeddable":true,"href":"https:\/\/tvbrazilusa.com\/pt\/wp-json\/wp\/v2\/comments?post=35240"}],"version-history":[{"count":1,"href":"https:\/\/tvbrazilusa.com\/pt\/wp-json\/wp\/v2\/posts\/35240\/revisions"}],"predecessor-version":[{"id":35242,"href":"https:\/\/tvbrazilusa.com\/pt\/wp-json\/wp\/v2\/posts\/35240\/revisions\/35242"}],"wp:featuredmedia":[{"embeddable":true,"href":"https:\/\/tvbrazilusa.com\/pt\/wp-json\/wp\/v2\/media\/35241"}],"wp:attachment":[{"href":"https:\/\/tvbrazilusa.com\/pt\/wp-json\/wp\/v2\/media?parent=35240"}],"wp:term":[{"taxonomy":"category","embeddable":true,"href":"https:\/\/tvbrazilusa.com\/pt\/wp-json\/wp\/v2\/categories?post=35240"},{"taxonomy":"post_tag","embeddable":true,"href":"https:\/\/tvbrazilusa.com\/pt\/wp-json\/wp\/v2\/tags?post=35240"}],"curies":[{"name":"wp","href":"https:\/\/api.w.org\/{rel}","templated":true}]}}