{"id":35245,"date":"2024-09-11T01:44:56","date_gmt":"2024-09-11T01:44:56","guid":{"rendered":"https:\/\/tvbrazilusa.com\/2024\/09\/11\/moraes-envia-a-pacheco-decisao-que-tornou-moro-reu-no-stf-paulo-figueiredo\/"},"modified":"2024-09-11T01:53:37","modified_gmt":"2024-09-11T01:53:37","slug":"moraes-envia-a-pacheco-decisao-que-tornou-moro-reu-no-stf-paulo-figueiredo","status":"publish","type":"post","link":"https:\/\/tvbrazilusa.com\/pt\/2024\/09\/11\/moraes-envia-a-pacheco-decisao-que-tornou-moro-reu-no-stf-paulo-figueiredo\/","title":{"rendered":"Moraes envia a Pacheco decis\u00e3o que tornou Moro r\u00e9u no STF &#8211; Paulo Figueiredo"},"content":{"rendered":"<p> <script async src=\"https:\/\/pagead2.googlesyndication.com\/pagead\/js\/adsbygoogle.js?client=ca-pub-8864793242727901\"\r\n     crossorigin=\"anonymous\"><\/script><br \/>\n<\/p>\n<div id=\"wtr-content\" data-bg=\"#FFFFFF\" data-fg=\"#006d91\" data-width=\"25\" data-mute=\"1\" data-fgopacity=\"1.00\" data-mutedopacity=\"0.5\" data-placement=\"bottom\" data-placement-offset=\"0\" data-content-offset=\"262\" data-placement-touch=\"bottom\" data-placement-offset-touch=\"0\" data-transparent=\"\" data-shadow=\"0\" data-touch=\"1\" data-non-touch=\"1\" data-comments=\"0\" data-commentsbg=\"transparent\" data-location=\"page\" data-mutedfg=\"#006d91\" data-endfg=\"#006d91\" data-rtl=\"\">\n<pre class=\"wp-block-preformatted has-small-font-size\">Foto: M\u00eddia Ninja<\/pre>\n<h3 class=\"wp-block-heading\">A Primeira Turma do STF tornou o senador Sergio Moro r\u00e9u, em abril deste ano, por suposto crime de cal\u00fania contra o ministro Gilmar Mendes.<\/h3>\n<p>O ministro do Supremo Tribunal Federal (STF) Alexandre de Moraes encaminhou, nesta ter\u00e7a-feira (10), ao presidente do Senado, Rodrigo Pacheco (PSD-MG), a decis\u00e3o que tornou o senador Sergio Moro (Uni\u00e3o-PR) r\u00e9u por suposta cal\u00fania contra o ministro Gilmar Mendes.<\/p>\n<p>Em abril de 2023, foi divulgado nas redes sociais um v\u00eddeo em que o senador fala em \u201ccomprar um habeas corpus do Gilmar Mendes\u201d. Com a repercuss\u00e3o, o ministro acionou a Procuradoria-Geral da Rep\u00fablica (PGR) para adotar as provid\u00eancias cab\u00edveis.<\/p>\n<p>\u201cN\u00e3o, isso \u00e9 fian\u00e7a, instituto\u2026 para comprar um habeas corpus do Gilmar Mendes\u201d, disse o ex-juiz da Lava Jato no v\u00eddeo.<\/p>\n<p>Ao analisar o caso, a ent\u00e3o vice-procuradora-geral da Rep\u00fablica, Lind\u00f4ra Ara\u00fajo, considerou que Moro\u00a0cometeu crime de cal\u00fania\u00a0contra o decano da Corte ao imputar \u201cfalsamente o crime de corrup\u00e7\u00e3o passiva\u201d ao ministro.<\/p>\n<p>Para Lind\u00f4ra, Moro \u201cagiu com a n\u00edtida inten\u00e7\u00e3o de macular a imagem e a honra objetiva do ofendido, tentando descredibilizar a sua atua\u00e7\u00e3o como magistrado da mais alta Corte do Pa\u00eds\u201d.<\/p>\n<p>Em junho deste ano, a Primeira Turma do STF aceitou, por unanimidade, a den\u00fancia apresentada pela PGR e\u00a0abriu uma a\u00e7\u00e3o penal contra o senador. A defesa apontou que o v\u00eddeo teria sido gravado antes de Moro assumir a vaga no Senado, por isso deveria tramitar nas inst\u00e2ncias inferiores.<\/p>\n<p>No entanto, o colegiado considerou que o v\u00eddeo viralizou quando Moro j\u00e1 estava no mandato e rejeitou o pedido. Para os ministros, existem \u201cind\u00edcios suficientes da materialidade e da autoria do delito de cal\u00fania imputado\u201d ao senador.<\/p>\n<p>A comunica\u00e7\u00e3o feita por Moraes, que preside o colegiado, \u00e9 uma tramita\u00e7\u00e3o de praxe em processos envolvendo parlamentares e ocorre quando o ac\u00f3rd\u00e3o do julgamento \u00e9 publicado. Procurado pela\u00a0<strong>Gazeta do Povo<\/strong>, Moro disse que n\u00e3o vai se manifestar sobre a movimenta\u00e7\u00e3o do processo.<\/p>\n<h3 class=\"wp-block-heading\">Em 2023, Moro disse que a declara\u00e7\u00e3o ocorreu no \u201ccontexto de uma brincadeira\u201d<\/h3>\n<p>No ano passado, Moro demonstrou\u00a0\u201cindigna\u00e7\u00e3o\u201d com a den\u00fancia da PGR. Na ocasi\u00e3o, ele afirmou que tem profundo respeito pela Corte e seus ministros, que a fala \u201cn\u00e3o representa\u201d o que pensa e foi editada em um \u201ccontexto de brincadeira\u201d.<\/p>\n<p>\u201cUma fala infeliz, num contexto de uma brincadeira, mas que foi claramente manipulada e editada por aquelas mesmas pessoas \u2013 evidentemente que n\u00e3o refiro ao procurador-geral da Rep\u00fablica \u2013 que buscam atualmente me incriminar falsamente em outros processos, com o objetivo de me indispor com o STF\u201d, disse o senador \u00e0 \u00e9poca.<\/p>\n<p><strong><a href=\"https:\/\/www.gazetadopovo.com.br\/republica\/moraes-envia-a-pacheco-decisao-que-tornou-moro-reu-por-suposta-calunia-contra-gilmar\/\">Source link<\/a><\/strong><\/p>\n<\/div>\n<p><br \/>\n<br \/><a href=\"https:\/\/paulofigueiredoshow.com\/moraes-envia-a-pacheco-decisao-que-tornou-moro-reu-no-stf\/\">Source link <\/a><\/p>","protected":false},"excerpt":{"rendered":"<p>Foto: M\u00eddia Ninja A Primeira Turma do STF tornou o senador Sergio Moro r\u00e9u, em abril deste ano, por suposto crime de cal\u00fania contra o ministro Gilmar Mendes. O ministro&hellip;<\/p>","protected":false},"author":1,"featured_media":35246,"comment_status":"closed","ping_status":"open","sticky":false,"template":"","format":"standard","meta":{"content-type":"","footnotes":""},"categories":[16],"tags":[2130,212,19166,972,3702,425,19167],"class_list":["post-35245","post","type-post","status-publish","format-standard","has-post-thumbnail","hentry","category-noticias","tag-2130","tag-aceitou","tag-calunia","tag-defesa","tag-gilmar","tag-moraes","tag-moro"],"_links":{"self":[{"href":"https:\/\/tvbrazilusa.com\/pt\/wp-json\/wp\/v2\/posts\/35245","targetHints":{"allow":["GET"]}}],"collection":[{"href":"https:\/\/tvbrazilusa.com\/pt\/wp-json\/wp\/v2\/posts"}],"about":[{"href":"https:\/\/tvbrazilusa.com\/pt\/wp-json\/wp\/v2\/types\/post"}],"author":[{"embeddable":true,"href":"https:\/\/tvbrazilusa.com\/pt\/wp-json\/wp\/v2\/users\/1"}],"replies":[{"embeddable":true,"href":"https:\/\/tvbrazilusa.com\/pt\/wp-json\/wp\/v2\/comments?post=35245"}],"version-history":[{"count":1,"href":"https:\/\/tvbrazilusa.com\/pt\/wp-json\/wp\/v2\/posts\/35245\/revisions"}],"predecessor-version":[{"id":35247,"href":"https:\/\/tvbrazilusa.com\/pt\/wp-json\/wp\/v2\/posts\/35245\/revisions\/35247"}],"wp:featuredmedia":[{"embeddable":true,"href":"https:\/\/tvbrazilusa.com\/pt\/wp-json\/wp\/v2\/media\/35246"}],"wp:attachment":[{"href":"https:\/\/tvbrazilusa.com\/pt\/wp-json\/wp\/v2\/media?parent=35245"}],"wp:term":[{"taxonomy":"category","embeddable":true,"href":"https:\/\/tvbrazilusa.com\/pt\/wp-json\/wp\/v2\/categories?post=35245"},{"taxonomy":"post_tag","embeddable":true,"href":"https:\/\/tvbrazilusa.com\/pt\/wp-json\/wp\/v2\/tags?post=35245"}],"curies":[{"name":"wp","href":"https:\/\/api.w.org\/{rel}","templated":true}]}}